{"id":1971,"date":"2023-03-21T06:00:00","date_gmt":"2023-03-21T09:00:00","guid":{"rendered":"https:\/\/www.oracaoefe.com\/?p=1971"},"modified":"2023-03-02T22:59:55","modified_gmt":"2023-03-03T01:59:55","slug":"power-prayer-for-all-right-urgent","status":"publish","type":"post","link":"https:\/\/www.oracaoefe.com\/es\/oracao-poderosa-para-tudo-dar-certo-urgente\/","title":{"rendered":"Oraci\u00f3n poderosa para que todo vaya bien urgentemente"},"content":{"rendered":"<p>A <strong>oraci\u00f3n poderosa para que todo vaya bien urgentemente <\/strong>es una poderosa pr\u00e1ctica espiritual que puede aportar paz, consuelo y orientaci\u00f3n en los momentos dif\u00edciles. Cuando nos enfrentamos a problemas y situaciones urgentes, la oraci\u00f3n puede ser una herramienta valiosa para ayudarnos a afrontar las dificultades y lograr la resoluci\u00f3n deseada. En este texto, hablaremos de una poderosa oraci\u00f3n para que todo se resuelva con urgencia.<\/p>\n\n\n\n<figure class=\"wp-block-image size-full is-resized\"><img loading=\"lazy\" decoding=\"async\" src=\"https:\/\/www.oracaoefe.com\/wp-content\/uploads\/2023\/03\/image-2.png\" alt=\"\" class=\"wp-image-1977\" width=\"770\" height=\"433\" srcset=\"https:\/\/www.oracaoefe.com\/wp-content\/uploads\/2023\/03\/image-2.png 612w, https:\/\/www.oracaoefe.com\/wp-content\/uploads\/2023\/03\/image-2-300x169.png 300w, https:\/\/www.oracaoefe.com\/wp-content\/uploads\/2023\/03\/image-2-18x10.png 18w, https:\/\/www.oracaoefe.com\/wp-content\/uploads\/2023\/03\/image-2-383x215.png 383w\" sizes=\"auto, (max-width: 770px) 100vw, 770px\" \/><figcaption class=\"wp-element-caption\">Imagen: Pixabay - Reproducci\u00f3n<\/figcaption><\/figure>\n\n\n\n<p>Antes de comenzar la oraci\u00f3n, es importante recordar que la fe y la confianza en Dios son fundamentales para que la oraci\u00f3n sea eficaz. Es necesario creer que Dios est\u00e1 de nuestro lado y que puede ayudarnos a resolver nuestros problemas, incluso cuando todo parece imposible. Tambi\u00e9n es importante recordar que la oraci\u00f3n no es una f\u00f3rmula m\u00e1gica para resolver todos nuestros problemas al instante. A veces hace falta tiempo y paciencia para que las cosas funcionen. Sin embargo, la oraci\u00f3n puede ser un poderoso aliado en esos momentos, d\u00e1ndonos fuerza y esperanza para afrontar los retos.<\/p>\n\n\n\n<h2 class=\"wp-block-heading\">Oraci\u00f3n poderosa para que todo vaya bien urgentemente<\/h2>\n\n\n\n<p>He aqu\u00ed una poderosa oraci\u00f3n para que todo se resuelva urgentemente:<\/p>\n\n\n\n<p><em>\"Amado Dios, en este momento acudo a Ti con el coraz\u00f3n lleno de preocupaciones y problemas acuciantes. Siento que las cosas est\u00e1n fuera de control y no s\u00e9 qu\u00e9 hacer. Pero s\u00e9 que T\u00fa eres mi Padre amoroso y que me cuidas en todo momento, incluso en los m\u00e1s dif\u00edciles. Conf\u00edo en Ti y te pido ayuda para que todo salga bien en mi vida.<\/em><\/p>\n\n\n\n<p><em>Te pido, Se\u00f1or, que me des fuerza y valor para afrontar los retos que tengo ante m\u00ed. Ay\u00fadame a encontrar soluciones a mis problemas y a tomar las mejores decisiones. Que pueda actuar con sabidur\u00eda y discernimiento en cada situaci\u00f3n.<\/em><\/p>\n\n\n\n<p><em>Te pido, Se\u00f1or, que me ayudes a superar las dificultades econ\u00f3micas que atravieso. Que encuentre una fuente de ingresos estable y suficiente para cubrir mis necesidades y las de mi familia. Que tenga la sabidur\u00eda necesaria para manejar el dinero y gestionar mis finanzas con responsabilidad.<\/em><\/p>\n\n\n\n<p><em>Te pido, Se\u00f1or, que me ayudes a superar las dificultades en mis relaciones. Que encuentre paz y armon\u00eda con los que me rodean, y que mis relaciones personales se restablezcan y fortalezcan.<\/em><\/p>\n\n\n\n<p><em>Te pido, Se\u00f1or, que me ayudes a superar las dificultades en mi salud. Que encuentre curaci\u00f3n y fuerza para mi cuerpo y que tenga la energ\u00eda necesaria para afrontar los retos diarios.<\/em><\/p>\n\n\n\n<p><em>Te pido, Se\u00f1or, que me ayudes a encontrar un prop\u00f3sito y una direcci\u00f3n en mi vida. Que descubra mi vocaci\u00f3n y mis capacidades, y que las utilice para servir a los dem\u00e1s y marcar la diferencia en el mundo. Am\u00e9n\".<\/em><\/p>\n\n\n\n<h2 class=\"wp-block-heading\">\u00bfQu\u00e9 oraci\u00f3n para conseguir algo inmediatamente?<\/h2>\n\n\n\n<p><em>\"Dios todopoderoso, acudo a Ti en este momento con el coraz\u00f3n lleno de urgente necesidad. S\u00e9 que T\u00fa eres capaz de hacer todas las cosas y que nada es imposible para Ti. Por eso, pongo mi situaci\u00f3n actual en Tus manos.<\/em><\/p>\n\n\n\n<p><em>Se\u00f1or, te pido que me des sabidur\u00eda y discernimiento para afrontar esta situaci\u00f3n de manera eficaz e inmediata. Gu\u00edame con Tu sabidur\u00eda divina y ay\u00fadame a tomar las decisiones correctas para lograr el resultado deseado.<\/em><\/p>\n\n\n\n<p><em>S\u00e9 que a veces las cosas no suceden como queremos y que Tu voluntad es siempre la mejor para nosotros. As\u00ed que te pido que si este no es el momento adecuado o si esta no es la soluci\u00f3n correcta, T\u00fa me muestres el camino correcto a seguir.<\/em><\/p>\n\n\n\n<p><em>Pero si es Tu voluntad que obtenga este resultado inmediatamente, te pido que me des la fuerza, el valor y la determinaci\u00f3n para persistir en la consecuci\u00f3n de este objetivo. Creo que T\u00fa puedes mover monta\u00f1as y que no hay l\u00edmites para lo que T\u00fa puedes hacer.<\/em><\/p>\n\n\n\n<p><em>Conf\u00edo en Ti y pongo esta situaci\u00f3n en Tus manos. Te doy gracias, Se\u00f1or, por escuchar mi oraci\u00f3n y por estar siempre a mi lado, gui\u00e1ndome y protegi\u00e9ndome en todo momento. En el nombre de Jes\u00fas, am\u00e9n\".<\/em><\/p>\n\n\n\n<p><strong>V\u00e9ase tambi\u00e9n: <a href=\"https:\/\/www.oracaoefe.com\/es\/oracion-para-empezar-bien-el-dia-evitar-la-procrastinacion\/\">Oraci\u00f3n para empezar bien el d\u00eda: Evita procrastinar<\/a><\/strong><\/p>\n\n\n\n<p>21 de marzo de 2023<\/p>","protected":false},"excerpt":{"rendered":"<p>A ora\u00e7\u00e3o poderosa para tudo dar certo urgente \u00e9 uma pr\u00e1tica espiritual poderosa que pode trazer paz, conforto e orienta\u00e7\u00e3o em momentos dif\u00edceis. Quando enfrentamos problemas e situa\u00e7\u00f5es urgentes, a ora\u00e7\u00e3o pode ser uma ferramenta valiosa para nos ajudar a lidar com as dificuldades e alcan\u00e7ar a resolu\u00e7\u00e3o desejada. Neste texto, vamos falar sobre uma&hellip;&nbsp;<\/p>","protected":false},"author":3,"featured_media":1977,"comment_status":"closed","ping_status":"closed","sticky":false,"template":"","format":"standard","meta":{"neve_meta_sidebar":"","neve_meta_container":"","neve_meta_enable_content_width":"","neve_meta_content_width":0,"neve_meta_title_alignment":"","neve_meta_author_avatar":"","neve_post_elements_order":"","neve_meta_disable_header":"","neve_meta_disable_footer":"","neve_meta_disable_title":"","footnotes":""},"categories":[2],"tags":[],"class_list":["post-1971","post","type-post","status-publish","format-standard","has-post-thumbnail","hentry","category-oracao"],"yoast_head":"<!-- This site is optimized with the Yoast SEO plugin v27.5 - https:\/\/yoast.com\/product\/yoast-seo-wordpress\/ -->\n<title>Ora\u00e7\u00e3o poderosa para tudo dar certo urgente - Ora\u00e7\u00e3o e F\u00e9<\/title>\n<meta name=\"description\" content=\"Deus tem pra voc\u00ea uma palavra de vida!\" \/>\n<meta name=\"robots\" content=\"index, follow, max-snippet:-1, max-image-preview:large, max-video-preview:-1\" \/>\n<link rel=\"canonical\" href=\"https:\/\/www.oracaoefe.com\/es\/power-prayer-for-all-right-urgent\/\" \/>\n<meta property=\"og:locale\" content=\"es_ES\" \/>\n<meta property=\"og:type\" content=\"article\" \/>\n<meta property=\"og:title\" content=\"Ora\u00e7\u00e3o poderosa para tudo dar certo urgente - Ora\u00e7\u00e3o e F\u00e9\" \/>\n<meta property=\"og:description\" content=\"Deus tem pra voc\u00ea uma palavra de vida!\" \/>\n<meta property=\"og:url\" content=\"https:\/\/www.oracaoefe.com\/es\/power-prayer-for-all-right-urgent\/\" \/>\n<meta property=\"og:site_name\" content=\"Ora\u00e7\u00e3o e F\u00e9\" \/>\n<meta property=\"article:published_time\" content=\"2023-03-21T09:00:00+00:00\" \/>\n<meta property=\"og:image\" content=\"https:\/\/www.oracaoefe.com\/wp-content\/uploads\/2023\/03\/image-2.png\" \/>\n\t<meta property=\"og:image:width\" content=\"612\" \/>\n\t<meta property=\"og:image:height\" content=\"344\" \/>\n\t<meta property=\"og:image:type\" content=\"image\/png\" \/>\n<meta name=\"author\" content=\"Michele Azevedo\" \/>\n<meta name=\"twitter:card\" content=\"summary_large_image\" \/>\n<meta name=\"twitter:label1\" content=\"Escrito por\" \/>\n\t<meta name=\"twitter:data1\" content=\"Michele Azevedo\" \/>\n\t<meta name=\"twitter:label2\" content=\"Tiempo de lectura\" \/>\n\t<meta name=\"twitter:data2\" content=\"4 minutos\" \/>\n<script type=\"application\/ld+json\" class=\"yoast-schema-graph\">{\"@context\":\"https:\\\/\\\/schema.org\",\"@graph\":[{\"@type\":\"Article\",\"@id\":\"https:\\\/\\\/www.oracaoefe.com\\\/oracao-poderosa-para-tudo-dar-certo-urgente\\\/#article\",\"isPartOf\":{\"@id\":\"https:\\\/\\\/www.oracaoefe.com\\\/oracao-poderosa-para-tudo-dar-certo-urgente\\\/\"},\"author\":{\"name\":\"Michele Azevedo\",\"@id\":\"https:\\\/\\\/www.oracaoefe.com\\\/#\\\/schema\\\/person\\\/17283c669442cf005c4d5bb58adfb7f5\"},\"headline\":\"Ora\u00e7\u00e3o poderosa para tudo dar certo urgente\",\"datePublished\":\"2023-03-21T09:00:00+00:00\",\"mainEntityOfPage\":{\"@id\":\"https:\\\/\\\/www.oracaoefe.com\\\/oracao-poderosa-para-tudo-dar-certo-urgente\\\/\"},\"wordCount\":802,\"image\":{\"@id\":\"https:\\\/\\\/www.oracaoefe.com\\\/oracao-poderosa-para-tudo-dar-certo-urgente\\\/#primaryimage\"},\"thumbnailUrl\":\"https:\\\/\\\/www.oracaoefe.com\\\/wp-content\\\/uploads\\\/2023\\\/03\\\/image-2.png\",\"articleSection\":[\"Ora\u00e7\u00e3o\"],\"inLanguage\":\"es\"},{\"@type\":\"WebPage\",\"@id\":\"https:\\\/\\\/www.oracaoefe.com\\\/oracao-poderosa-para-tudo-dar-certo-urgente\\\/\",\"url\":\"https:\\\/\\\/www.oracaoefe.com\\\/oracao-poderosa-para-tudo-dar-certo-urgente\\\/\",\"name\":\"Ora\u00e7\u00e3o poderosa para tudo dar certo urgente - Ora\u00e7\u00e3o e F\u00e9\",\"isPartOf\":{\"@id\":\"https:\\\/\\\/www.oracaoefe.com\\\/#website\"},\"primaryImageOfPage\":{\"@id\":\"https:\\\/\\\/www.oracaoefe.com\\\/oracao-poderosa-para-tudo-dar-certo-urgente\\\/#primaryimage\"},\"image\":{\"@id\":\"https:\\\/\\\/www.oracaoefe.com\\\/oracao-poderosa-para-tudo-dar-certo-urgente\\\/#primaryimage\"},\"thumbnailUrl\":\"https:\\\/\\\/www.oracaoefe.com\\\/wp-content\\\/uploads\\\/2023\\\/03\\\/image-2.png\",\"datePublished\":\"2023-03-21T09:00:00+00:00\",\"author\":{\"@id\":\"https:\\\/\\\/www.oracaoefe.com\\\/#\\\/schema\\\/person\\\/17283c669442cf005c4d5bb58adfb7f5\"},\"description\":\"Deus tem pra voc\u00ea uma palavra de vida!\",\"breadcrumb\":{\"@id\":\"https:\\\/\\\/www.oracaoefe.com\\\/oracao-poderosa-para-tudo-dar-certo-urgente\\\/#breadcrumb\"},\"inLanguage\":\"es\",\"potentialAction\":[{\"@type\":\"ReadAction\",\"target\":[\"https:\\\/\\\/www.oracaoefe.com\\\/oracao-poderosa-para-tudo-dar-certo-urgente\\\/\"]}]},{\"@type\":\"ImageObject\",\"inLanguage\":\"es\",\"@id\":\"https:\\\/\\\/www.oracaoefe.com\\\/oracao-poderosa-para-tudo-dar-certo-urgente\\\/#primaryimage\",\"url\":\"https:\\\/\\\/www.oracaoefe.com\\\/wp-content\\\/uploads\\\/2023\\\/03\\\/image-2.png\",\"contentUrl\":\"https:\\\/\\\/www.oracaoefe.com\\\/wp-content\\\/uploads\\\/2023\\\/03\\\/image-2.png\",\"width\":612,\"height\":344},{\"@type\":\"BreadcrumbList\",\"@id\":\"https:\\\/\\\/www.oracaoefe.com\\\/oracao-poderosa-para-tudo-dar-certo-urgente\\\/#breadcrumb\",\"itemListElement\":[{\"@type\":\"ListItem\",\"position\":1,\"name\":\"Home\",\"item\":\"https:\\\/\\\/www.oracaoefe.com\\\/\"},{\"@type\":\"ListItem\",\"position\":2,\"name\":\"Ora\u00e7\u00e3o\",\"item\":\"https:\\\/\\\/www.oracaoefe.com\\\/category\\\/oracao\\\/\"},{\"@type\":\"ListItem\",\"position\":3,\"name\":\"Ora\u00e7\u00e3o poderosa para tudo dar certo urgente\"}]},{\"@type\":\"WebSite\",\"@id\":\"https:\\\/\\\/www.oracaoefe.com\\\/#website\",\"url\":\"https:\\\/\\\/www.oracaoefe.com\\\/\",\"name\":\"Ora\u00e7\u00e3o e F\u00e9\",\"description\":\"\",\"potentialAction\":[{\"@type\":\"SearchAction\",\"target\":{\"@type\":\"EntryPoint\",\"urlTemplate\":\"https:\\\/\\\/www.oracaoefe.com\\\/?s={search_term_string}\"},\"query-input\":{\"@type\":\"PropertyValueSpecification\",\"valueRequired\":true,\"valueName\":\"search_term_string\"}}],\"inLanguage\":\"es\"},{\"@type\":\"Person\",\"@id\":\"https:\\\/\\\/www.oracaoefe.com\\\/#\\\/schema\\\/person\\\/17283c669442cf005c4d5bb58adfb7f5\",\"name\":\"Michele Azevedo\",\"image\":{\"@type\":\"ImageObject\",\"inLanguage\":\"es\",\"@id\":\"https:\\\/\\\/secure.gravatar.com\\\/avatar\\\/6b0eb9d22841282815e2cd856a0061c45e1761cd54b22e952d98c4746939aa85?s=96&d=mm&r=g\",\"url\":\"https:\\\/\\\/secure.gravatar.com\\\/avatar\\\/6b0eb9d22841282815e2cd856a0061c45e1761cd54b22e952d98c4746939aa85?s=96&d=mm&r=g\",\"contentUrl\":\"https:\\\/\\\/secure.gravatar.com\\\/avatar\\\/6b0eb9d22841282815e2cd856a0061c45e1761cd54b22e952d98c4746939aa85?s=96&d=mm&r=g\",\"caption\":\"Michele Azevedo\"},\"description\":\"Formada em Letras - Portugu\u00eas\\\/ Ingl\u00eas pela UEPG, p\u00f3s-graduada em Arte na Educa\u00e7\u00e3o e Psicopedagogia Escolar, idealizadora do site Escritora de Sucesso, redatora e revisora dos conte\u00fados do Ora\u00e7\u00e3o e F\u00e9 com muita f\u00e9 e positividade.\",\"url\":\"https:\\\/\\\/www.oracaoefe.com\\\/es\\\/author\\\/michele-azevedo\\\/\"}]}<\/script>\n<!-- \/ Yoast SEO plugin. -->","yoast_head_json":{"title":"Poderosa oraci\u00f3n para que todo se solucione urgentemente - Oraci\u00f3n y Fe","description":"\u00a1Dios tiene una palabra de vida para ti!","robots":{"index":"index","follow":"follow","max-snippet":"max-snippet:-1","max-image-preview":"max-image-preview:large","max-video-preview":"max-video-preview:-1"},"canonical":"https:\/\/www.oracaoefe.com\/es\/power-prayer-for-all-right-urgent\/","og_locale":"es_ES","og_type":"article","og_title":"Ora\u00e7\u00e3o poderosa para tudo dar certo urgente - Ora\u00e7\u00e3o e F\u00e9","og_description":"Deus tem pra voc\u00ea uma palavra de vida!","og_url":"https:\/\/www.oracaoefe.com\/es\/power-prayer-for-all-right-urgent\/","og_site_name":"Ora\u00e7\u00e3o e F\u00e9","article_published_time":"2023-03-21T09:00:00+00:00","og_image":[{"width":612,"height":344,"url":"https:\/\/www.oracaoefe.com\/wp-content\/uploads\/2023\/03\/image-2.png","type":"image\/png"}],"author":"Michele Azevedo","twitter_card":"summary_large_image","twitter_misc":{"Escrito por":"Michele Azevedo","Tiempo de lectura":"4 minutos"},"schema":{"@context":"https:\/\/schema.org","@graph":[{"@type":"Article","@id":"https:\/\/www.oracaoefe.com\/oracao-poderosa-para-tudo-dar-certo-urgente\/#article","isPartOf":{"@id":"https:\/\/www.oracaoefe.com\/oracao-poderosa-para-tudo-dar-certo-urgente\/"},"author":{"name":"Michele Azevedo","@id":"https:\/\/www.oracaoefe.com\/#\/schema\/person\/17283c669442cf005c4d5bb58adfb7f5"},"headline":"Ora\u00e7\u00e3o poderosa para tudo dar certo urgente","datePublished":"2023-03-21T09:00:00+00:00","mainEntityOfPage":{"@id":"https:\/\/www.oracaoefe.com\/oracao-poderosa-para-tudo-dar-certo-urgente\/"},"wordCount":802,"image":{"@id":"https:\/\/www.oracaoefe.com\/oracao-poderosa-para-tudo-dar-certo-urgente\/#primaryimage"},"thumbnailUrl":"https:\/\/www.oracaoefe.com\/wp-content\/uploads\/2023\/03\/image-2.png","articleSection":["Ora\u00e7\u00e3o"],"inLanguage":"es"},{"@type":"WebPage","@id":"https:\/\/www.oracaoefe.com\/oracao-poderosa-para-tudo-dar-certo-urgente\/","url":"https:\/\/www.oracaoefe.com\/oracao-poderosa-para-tudo-dar-certo-urgente\/","name":"Poderosa oraci\u00f3n para que todo se solucione urgentemente - Oraci\u00f3n y Fe","isPartOf":{"@id":"https:\/\/www.oracaoefe.com\/#website"},"primaryImageOfPage":{"@id":"https:\/\/www.oracaoefe.com\/oracao-poderosa-para-tudo-dar-certo-urgente\/#primaryimage"},"image":{"@id":"https:\/\/www.oracaoefe.com\/oracao-poderosa-para-tudo-dar-certo-urgente\/#primaryimage"},"thumbnailUrl":"https:\/\/www.oracaoefe.com\/wp-content\/uploads\/2023\/03\/image-2.png","datePublished":"2023-03-21T09:00:00+00:00","author":{"@id":"https:\/\/www.oracaoefe.com\/#\/schema\/person\/17283c669442cf005c4d5bb58adfb7f5"},"description":"\u00a1Dios tiene una palabra de vida para ti!","breadcrumb":{"@id":"https:\/\/www.oracaoefe.com\/oracao-poderosa-para-tudo-dar-certo-urgente\/#breadcrumb"},"inLanguage":"es","potentialAction":[{"@type":"ReadAction","target":["https:\/\/www.oracaoefe.com\/oracao-poderosa-para-tudo-dar-certo-urgente\/"]}]},{"@type":"ImageObject","inLanguage":"es","@id":"https:\/\/www.oracaoefe.com\/oracao-poderosa-para-tudo-dar-certo-urgente\/#primaryimage","url":"https:\/\/www.oracaoefe.com\/wp-content\/uploads\/2023\/03\/image-2.png","contentUrl":"https:\/\/www.oracaoefe.com\/wp-content\/uploads\/2023\/03\/image-2.png","width":612,"height":344},{"@type":"BreadcrumbList","@id":"https:\/\/www.oracaoefe.com\/oracao-poderosa-para-tudo-dar-certo-urgente\/#breadcrumb","itemListElement":[{"@type":"ListItem","position":1,"name":"Home","item":"https:\/\/www.oracaoefe.com\/"},{"@type":"ListItem","position":2,"name":"Ora\u00e7\u00e3o","item":"https:\/\/www.oracaoefe.com\/category\/oracao\/"},{"@type":"ListItem","position":3,"name":"Ora\u00e7\u00e3o poderosa para tudo dar certo urgente"}]},{"@type":"WebSite","@id":"https:\/\/www.oracaoefe.com\/#website","url":"https:\/\/www.oracaoefe.com\/","name":"Oraci\u00f3n y fe","description":"","potentialAction":[{"@type":"SearchAction","target":{"@type":"EntryPoint","urlTemplate":"https:\/\/www.oracaoefe.com\/?s={search_term_string}"},"query-input":{"@type":"PropertyValueSpecification","valueRequired":true,"valueName":"search_term_string"}}],"inLanguage":"es"},{"@type":"Person","@id":"https:\/\/www.oracaoefe.com\/#\/schema\/person\/17283c669442cf005c4d5bb58adfb7f5","name":"Michele Azevedo","image":{"@type":"ImageObject","inLanguage":"es","@id":"https:\/\/secure.gravatar.com\/avatar\/6b0eb9d22841282815e2cd856a0061c45e1761cd54b22e952d98c4746939aa85?s=96&d=mm&r=g","url":"https:\/\/secure.gravatar.com\/avatar\/6b0eb9d22841282815e2cd856a0061c45e1761cd54b22e952d98c4746939aa85?s=96&d=mm&r=g","contentUrl":"https:\/\/secure.gravatar.com\/avatar\/6b0eb9d22841282815e2cd856a0061c45e1761cd54b22e952d98c4746939aa85?s=96&d=mm&r=g","caption":"Michele Azevedo"},"description":"Licenciada en Literatura Portuguesa\/Ingl\u00e9s por la UEPG, con posgrados en Arte en la Educaci\u00f3n y Psicopedagog\u00eda Escolar, es la creadora del sitio web Escritora de Sucesso, y escritora y editora de contenido para Ora\u00e7\u00e3o e F\u00e9 (Oraci\u00f3n y Fe) con gran fe y positividad.","url":"https:\/\/www.oracaoefe.com\/es\/author\/michele-azevedo\/"}]}},"_links":{"self":[{"href":"https:\/\/www.oracaoefe.com\/es\/wp-json\/wp\/v2\/posts\/1971","targetHints":{"allow":["GET"]}}],"collection":[{"href":"https:\/\/www.oracaoefe.com\/es\/wp-json\/wp\/v2\/posts"}],"about":[{"href":"https:\/\/www.oracaoefe.com\/es\/wp-json\/wp\/v2\/types\/post"}],"author":[{"embeddable":true,"href":"https:\/\/www.oracaoefe.com\/es\/wp-json\/wp\/v2\/users\/3"}],"replies":[{"embeddable":true,"href":"https:\/\/www.oracaoefe.com\/es\/wp-json\/wp\/v2\/comments?post=1971"}],"version-history":[{"count":2,"href":"https:\/\/www.oracaoefe.com\/es\/wp-json\/wp\/v2\/posts\/1971\/revisions"}],"predecessor-version":[{"id":1978,"href":"https:\/\/www.oracaoefe.com\/es\/wp-json\/wp\/v2\/posts\/1971\/revisions\/1978"}],"wp:featuredmedia":[{"embeddable":true,"href":"https:\/\/www.oracaoefe.com\/es\/wp-json\/wp\/v2\/media\/1977"}],"wp:attachment":[{"href":"https:\/\/www.oracaoefe.com\/es\/wp-json\/wp\/v2\/media?parent=1971"}],"wp:term":[{"taxonomy":"category","embeddable":true,"href":"https:\/\/www.oracaoefe.com\/es\/wp-json\/wp\/v2\/categories?post=1971"},{"taxonomy":"post_tag","embeddable":true,"href":"https:\/\/www.oracaoefe.com\/es\/wp-json\/wp\/v2\/tags?post=1971"}],"curies":[{"name":"wp","href":"https:\/\/api.w.org\/{rel}","templated":true}]}}