{"id":1946,"date":"2023-03-05T06:00:00","date_gmt":"2023-03-05T09:00:00","guid":{"rendered":"https:\/\/www.oracaoefe.com\/?p=1946"},"modified":"2023-02-28T16:13:32","modified_gmt":"2023-02-28T19:13:32","slug":"oracion-para-empezar-el-dia-bien-por-dios-en-cada-momento","status":"publish","type":"post","link":"https:\/\/www.oracaoefe.com\/es\/oracao-para-comecar-bem-o-dia-busque-a-deus-em-todos-os-momentos\/","title":{"rendered":"Oraci\u00f3n para empezar bien el d\u00eda: Busca a Dios en todo momento"},"content":{"rendered":"<p>Empezar el d\u00eda con la oraci\u00f3n es una forma poderosa de establecer una relaci\u00f3n m\u00e1s profunda con Dios y de encaminar nuestra mente y nuestro coraz\u00f3n por la senda correcta. Para empezar, elige un lugar tranquilo y libre de distracciones, establece un horario regular para tus oraciones y aprovecha este tiempo para expresar gratitud a Dios, pedirle gu\u00eda y fuerza para el d\u00eda, confesar tus pecados y comprometerte a seguir la voluntad de Dios.&nbsp;<\/p>\n\n\n\n<p>Tambi\u00e9n es \u00fatil leer y reflexionar sobre las Escrituras durante este tiempo de oraci\u00f3n, para que pueda fortalecerse espiritualmente y obtener una perspectiva divina sobre los desaf\u00edos a los que se enfrentar\u00e1 durante el d\u00eda. Con la pr\u00e1ctica regular de la oraci\u00f3n, puedes cultivar una relaci\u00f3n m\u00e1s estrecha con Dios y sentir la paz y la alegr\u00eda que se derivan de vivir en Su presencia.<\/p>\n\n\n\n<figure class=\"wp-block-image size-large\"><img loading=\"lazy\" decoding=\"async\" width=\"1024\" height=\"682\" src=\"https:\/\/www.oracaoefe.com\/wp-content\/uploads\/2023\/02\/image-9-1024x682.png\" alt=\"\" class=\"wp-image-1947\" srcset=\"https:\/\/www.oracaoefe.com\/wp-content\/uploads\/2023\/02\/image-9-1024x682.png 1024w, https:\/\/www.oracaoefe.com\/wp-content\/uploads\/2023\/02\/image-9-300x200.png 300w, https:\/\/www.oracaoefe.com\/wp-content\/uploads\/2023\/02\/image-9-768x512.png 768w, https:\/\/www.oracaoefe.com\/wp-content\/uploads\/2023\/02\/image-9-18x12.png 18w, https:\/\/www.oracaoefe.com\/wp-content\/uploads\/2023\/02\/image-9.png 1280w\" sizes=\"auto, (max-width: 1024px) 100vw, 1024px\" \/><figcaption class=\"wp-element-caption\">Imagen: Pixabay - Reproducci\u00f3n<\/figcaption><\/figure>\n\n\n\n<h2 class=\"wp-block-heading\">Oraci\u00f3n para empezar bien el d\u00eda y buscar a Dios<\/h2>\n\n\n\n<p><em>\"Amado Dios, te doy gracias por otro d\u00eda que me has concedido vivir. Te alabo por Tu amor incondicional y Tu misericordia que se renuevan cada ma\u00f1ana. Vengo ante Ti en este momento para buscar Tu presencia y Tu gu\u00eda para mi d\u00eda.<\/em><\/p>\n\n\n\n<p><em>Te pido que nos bendigas y protejas a m\u00ed y a mi familia en este d\u00eda. Danos sabidur\u00eda para tomar las decisiones correctas y discernimiento para entender Tu voluntad en todas las \u00e1reas de nuestras vidas. Ay\u00fadanos a ser pacientes y cari\u00f1osos con las personas que nos rodean, incluso cuando las circunstancias sean dif\u00edciles.<\/em><\/p>\n\n\n\n<p><em>Se\u00f1or, te pido que purifiques mi coraz\u00f3n y mi mente. Ay\u00fadame a pensar en cosas verdaderas, nobles, justas, puras, hermosas, de buena reputaci\u00f3n, virtuosas y dignas de alabanza, como dice Tu Palabra. Que llene mi mente de pensamientos positivos y edificantes, y rechace todo lo que es negativo y destructivo.<\/em><\/p>\n\n\n\n<p><em>Tambi\u00e9n quiero confesar mis pecados ante Ti. S\u00e9 que no soy perfecto y que necesito Tu gracia y Tu perd\u00f3n. Perd\u00f3name por mis errores y fracasos, y ay\u00fadame a parecerme cada d\u00eda m\u00e1s a Ti.<\/em><\/p>\n\n\n\n<p><em>Se\u00f1or, te doy gracias por tu presencia en mi vida. Gracias por no abandonarme nunca, ni siquiera cuando fracaso o me enfrento a dificultades. Ay\u00fadame a confiar en Ti y a depender de Tu gracia en cada situaci\u00f3n.<\/em><\/p>\n\n\n\n<p><em>Te ruego que se haga Tu voluntad en mi vida hoy y siempre. Que pueda ser una luz para la gente que me rodea, mostrando Tu amor y Tu verdad. Que te ame sobre todas las cosas y a mi pr\u00f3jimo como a m\u00ed mismo.<\/em><\/p>\n\n\n\n<p><em>Se\u00f1or, te doy gracias por escuchar mi oraci\u00f3n y por cuidar de m\u00ed. Que Tu Esp\u00edritu Santo me gu\u00ede y fortalezca en este d\u00eda y que pueda experimentar Tu presencia de una manera poderosa. Te pido todo esto en el nombre de Jesucristo, mi Salvador y Se\u00f1or. Am\u00e9n\".<\/em><\/p>\n\n\n\n<h2 class=\"wp-block-heading\">Mensaje del d\u00eda para buscar a Dios<\/h2>\n\n\n\n<p>Buscar a Dios cada d\u00eda es un h\u00e1bito poderoso que puede transformar nuestras vidas y acercarnos m\u00e1s a nuestro Creador. La Biblia nos ense\u00f1a que Dios es un Dios que busca relacionarse con las personas, y que se revela de diversas maneras a quienes lo buscan sinceramente. En este texto, exploraremos algunas maneras en que podemos buscar a Dios cada d\u00eda y experimentar Su presencia en nuestras vidas.<\/p>\n\n\n\n<p>La primera forma de buscar a Dios es a trav\u00e9s de la oraci\u00f3n. La oraci\u00f3n es un acto de conversaci\u00f3n con Dios, en el que le expresamos nuestros pensamientos, sentimientos y deseos. La Biblia nos ense\u00f1a a orar en todo momento y sin cesar (1 Tesalonicenses 5:17), lo que significa que debemos estar constantemente en comuni\u00f3n con Dios, habl\u00e1ndole de nuestras preocupaciones, necesidades y deseos.<\/p>\n\n\n\n<h3 class=\"wp-block-heading\">Oraci\u00f3n<\/h3>\n\n\n\n<p>Para buscar a Dios a trav\u00e9s de la oraci\u00f3n, es importante fijar un tiempo regular para este momento de conversaci\u00f3n con \u00c9l. Puede ser a primera hora de la ma\u00f1ana, antes de empezar el d\u00eda, o por la noche, antes de ir a dormir. Pero lo importante es que sea un tiempo de dedicaci\u00f3n exclusiva para buscar la presencia de Dios y conversar con \u00c9l. Durante la oraci\u00f3n, podemos dar gracias por todas las bendiciones que hemos recibido, pedir gu\u00eda y sabidur\u00eda para las decisiones que debemos tomar, interceder por las personas que amamos y confesar nuestros pecados y debilidades ante Dios.<\/p>\n\n\n\n<p>Otra forma de buscar a Dios cada d\u00eda es a trav\u00e9s de la lectura de la Biblia. La Biblia es la Palabra de Dios, que nos ense\u00f1a sobre Su naturaleza, Su voluntad y Su obra en la historia de la humanidad. A trav\u00e9s de la lectura de la Biblia, podemos llegar a conocer mejor a Dios y Su voluntad para nuestras vidas, as\u00ed como encontrar consuelo, sabidur\u00eda y direcci\u00f3n para los desaf\u00edos a los que nos enfrentamos.<\/p>\n\n\n\n<h3 class=\"wp-block-heading\">Biblia<\/h3>\n\n\n\n<p>Para buscar a Dios a trav\u00e9s de la lectura de la Biblia, es importante establecer un tiempo regular para esta pr\u00e1ctica. Puede ser a primera hora de la ma\u00f1ana, antes de comenzar el d\u00eda, o por la noche, antes de ir a dormir. Pero lo importante es que sea un momento de dedicaci\u00f3n exclusiva para buscar el conocimiento y la sabidur\u00eda de la Palabra de Dios. Durante la lectura, podemos meditar en los pasajes que m\u00e1s nos impacten, tomar notas y reflexionar sobre lo que Dios nos est\u00e1 ense\u00f1ando y buscar aplicar estas ense\u00f1anzas en nuestra vida.<\/p>\n\n\n\n<h3 class=\"wp-block-heading\">Adoraci\u00f3n<\/h3>\n\n\n\n<p>Otra forma de buscar a Dios es a trav\u00e9s de la adoraci\u00f3n. La adoraci\u00f3n es un acto de reconocimiento de la grandeza y bondad de Dios, en el que expresamos nuestra gratitud y amor por \u00c9l. La adoraci\u00f3n puede hacerse a trav\u00e9s de canciones, himnos, danzas o cualquier otra forma de expresi\u00f3n que nos permita alabar a Dios de todo coraz\u00f3n.<\/p>\n\n\n\n<p><strong>V\u00e9ase tambi\u00e9n: <a href=\"https:\/\/www.oracaoefe.com\/es\/rezar-empezar-el-dia-practicando-la-compasion\/\">Oraci\u00f3n para empezar bien el d\u00eda: Practica la compasi\u00f3n<\/a><\/strong><\/p>\n\n\n\n<p>5 de marzo de 2023<\/p>","protected":false},"excerpt":{"rendered":"<p>Come\u00e7ar o dia orando \u00e9 uma maneira poderosa de estabelecer um relacionamento mais profundo com Deus e colocar nossa mente e cora\u00e7\u00e3o no caminho certo. Para come\u00e7ar, escolha um lugar calmo e livre de distra\u00e7\u00f5es, defina um hor\u00e1rio regular para suas ora\u00e7\u00f5es e use esse momento para expressar gratid\u00e3o a Deus, pedir orienta\u00e7\u00e3o e for\u00e7a&hellip;&nbsp;<\/p>","protected":false},"author":3,"featured_media":1947,"comment_status":"closed","ping_status":"closed","sticky":false,"template":"","format":"standard","meta":{"neve_meta_sidebar":"","neve_meta_container":"","neve_meta_enable_content_width":"","neve_meta_content_width":0,"neve_meta_title_alignment":"","neve_meta_author_avatar":"","neve_post_elements_order":"","neve_meta_disable_header":"","neve_meta_disable_footer":"","neve_meta_disable_title":"","footnotes":""},"categories":[2],"tags":[160,163],"class_list":["post-1946","post","type-post","status-publish","format-standard","has-post-thumbnail","hentry","category-oracao","tag-oracao-do-dia","tag-prece-do-dia"],"yoast_head":"<!-- This site is optimized with the Yoast SEO plugin v27.5 - https:\/\/yoast.com\/product\/yoast-seo-wordpress\/ -->\n<title>Ora\u00e7\u00e3o para come\u00e7ar bem o dia: Busque a Deus em todos os momentos - Ora\u00e7\u00e3o e F\u00e9<\/title>\n<meta name=\"description\" content=\"Deus tem pra voc\u00ea uma palavra de vida!\" \/>\n<meta name=\"robots\" content=\"index, follow, max-snippet:-1, max-image-preview:large, max-video-preview:-1\" \/>\n<link rel=\"canonical\" href=\"https:\/\/www.oracaoefe.com\/es\/oracion-para-empezar-el-dia-bien-por-dios-en-cada-momento\/\" \/>\n<meta property=\"og:locale\" content=\"es_ES\" \/>\n<meta property=\"og:type\" content=\"article\" \/>\n<meta property=\"og:title\" content=\"Ora\u00e7\u00e3o para come\u00e7ar bem o dia: Busque a Deus em todos os momentos - Ora\u00e7\u00e3o e F\u00e9\" \/>\n<meta property=\"og:description\" content=\"Deus tem pra voc\u00ea uma palavra de vida!\" \/>\n<meta property=\"og:url\" content=\"https:\/\/www.oracaoefe.com\/es\/oracion-para-empezar-el-dia-bien-por-dios-en-cada-momento\/\" \/>\n<meta property=\"og:site_name\" content=\"Ora\u00e7\u00e3o e F\u00e9\" \/>\n<meta property=\"article:published_time\" content=\"2023-03-05T09:00:00+00:00\" \/>\n<meta property=\"og:image\" content=\"https:\/\/www.oracaoefe.com\/wp-content\/uploads\/2023\/02\/image-9.png\" \/>\n\t<meta property=\"og:image:width\" content=\"1280\" \/>\n\t<meta property=\"og:image:height\" content=\"853\" \/>\n\t<meta property=\"og:image:type\" content=\"image\/png\" \/>\n<meta name=\"author\" content=\"Michele Azevedo\" \/>\n<meta name=\"twitter:card\" content=\"summary_large_image\" \/>\n<meta name=\"twitter:label1\" content=\"Escrito por\" \/>\n\t<meta name=\"twitter:data1\" content=\"Michele Azevedo\" \/>\n\t<meta name=\"twitter:label2\" content=\"Tiempo de lectura\" \/>\n\t<meta name=\"twitter:data2\" content=\"5 minutos\" \/>\n<script type=\"application\/ld+json\" class=\"yoast-schema-graph\">{\"@context\":\"https:\\\/\\\/schema.org\",\"@graph\":[{\"@type\":\"Article\",\"@id\":\"https:\\\/\\\/www.oracaoefe.com\\\/oracao-para-comecar-bem-o-dia-busque-a-deus-em-todos-os-momentos\\\/#article\",\"isPartOf\":{\"@id\":\"https:\\\/\\\/www.oracaoefe.com\\\/oracao-para-comecar-bem-o-dia-busque-a-deus-em-todos-os-momentos\\\/\"},\"author\":{\"name\":\"Michele Azevedo\",\"@id\":\"https:\\\/\\\/www.oracaoefe.com\\\/#\\\/schema\\\/person\\\/17283c669442cf005c4d5bb58adfb7f5\"},\"headline\":\"Ora\u00e7\u00e3o para come\u00e7ar bem o dia: Busque a Deus em todos os momentos\",\"datePublished\":\"2023-03-05T09:00:00+00:00\",\"mainEntityOfPage\":{\"@id\":\"https:\\\/\\\/www.oracaoefe.com\\\/oracao-para-comecar-bem-o-dia-busque-a-deus-em-todos-os-momentos\\\/\"},\"wordCount\":1061,\"image\":{\"@id\":\"https:\\\/\\\/www.oracaoefe.com\\\/oracao-para-comecar-bem-o-dia-busque-a-deus-em-todos-os-momentos\\\/#primaryimage\"},\"thumbnailUrl\":\"https:\\\/\\\/www.oracaoefe.com\\\/wp-content\\\/uploads\\\/2023\\\/02\\\/image-9.png\",\"keywords\":[\"ora\u00e7\u00e3o do dia\",\"prece do dia\"],\"articleSection\":[\"Ora\u00e7\u00e3o\"],\"inLanguage\":\"es\"},{\"@type\":\"WebPage\",\"@id\":\"https:\\\/\\\/www.oracaoefe.com\\\/oracao-para-comecar-bem-o-dia-busque-a-deus-em-todos-os-momentos\\\/\",\"url\":\"https:\\\/\\\/www.oracaoefe.com\\\/oracao-para-comecar-bem-o-dia-busque-a-deus-em-todos-os-momentos\\\/\",\"name\":\"Ora\u00e7\u00e3o para come\u00e7ar bem o dia: Busque a Deus em todos os momentos - Ora\u00e7\u00e3o e F\u00e9\",\"isPartOf\":{\"@id\":\"https:\\\/\\\/www.oracaoefe.com\\\/#website\"},\"primaryImageOfPage\":{\"@id\":\"https:\\\/\\\/www.oracaoefe.com\\\/oracao-para-comecar-bem-o-dia-busque-a-deus-em-todos-os-momentos\\\/#primaryimage\"},\"image\":{\"@id\":\"https:\\\/\\\/www.oracaoefe.com\\\/oracao-para-comecar-bem-o-dia-busque-a-deus-em-todos-os-momentos\\\/#primaryimage\"},\"thumbnailUrl\":\"https:\\\/\\\/www.oracaoefe.com\\\/wp-content\\\/uploads\\\/2023\\\/02\\\/image-9.png\",\"datePublished\":\"2023-03-05T09:00:00+00:00\",\"author\":{\"@id\":\"https:\\\/\\\/www.oracaoefe.com\\\/#\\\/schema\\\/person\\\/17283c669442cf005c4d5bb58adfb7f5\"},\"description\":\"Deus tem pra voc\u00ea uma palavra de vida!\",\"breadcrumb\":{\"@id\":\"https:\\\/\\\/www.oracaoefe.com\\\/oracao-para-comecar-bem-o-dia-busque-a-deus-em-todos-os-momentos\\\/#breadcrumb\"},\"inLanguage\":\"es\",\"potentialAction\":[{\"@type\":\"ReadAction\",\"target\":[\"https:\\\/\\\/www.oracaoefe.com\\\/oracao-para-comecar-bem-o-dia-busque-a-deus-em-todos-os-momentos\\\/\"]}]},{\"@type\":\"ImageObject\",\"inLanguage\":\"es\",\"@id\":\"https:\\\/\\\/www.oracaoefe.com\\\/oracao-para-comecar-bem-o-dia-busque-a-deus-em-todos-os-momentos\\\/#primaryimage\",\"url\":\"https:\\\/\\\/www.oracaoefe.com\\\/wp-content\\\/uploads\\\/2023\\\/02\\\/image-9.png\",\"contentUrl\":\"https:\\\/\\\/www.oracaoefe.com\\\/wp-content\\\/uploads\\\/2023\\\/02\\\/image-9.png\",\"width\":1280,\"height\":853},{\"@type\":\"BreadcrumbList\",\"@id\":\"https:\\\/\\\/www.oracaoefe.com\\\/oracao-para-comecar-bem-o-dia-busque-a-deus-em-todos-os-momentos\\\/#breadcrumb\",\"itemListElement\":[{\"@type\":\"ListItem\",\"position\":1,\"name\":\"Home\",\"item\":\"https:\\\/\\\/www.oracaoefe.com\\\/\"},{\"@type\":\"ListItem\",\"position\":2,\"name\":\"Ora\u00e7\u00e3o\",\"item\":\"https:\\\/\\\/www.oracaoefe.com\\\/category\\\/oracao\\\/\"},{\"@type\":\"ListItem\",\"position\":3,\"name\":\"Ora\u00e7\u00e3o para come\u00e7ar bem o dia: Busque a Deus em todos os momentos\"}]},{\"@type\":\"WebSite\",\"@id\":\"https:\\\/\\\/www.oracaoefe.com\\\/#website\",\"url\":\"https:\\\/\\\/www.oracaoefe.com\\\/\",\"name\":\"Ora\u00e7\u00e3o e F\u00e9\",\"description\":\"\",\"potentialAction\":[{\"@type\":\"SearchAction\",\"target\":{\"@type\":\"EntryPoint\",\"urlTemplate\":\"https:\\\/\\\/www.oracaoefe.com\\\/?s={search_term_string}\"},\"query-input\":{\"@type\":\"PropertyValueSpecification\",\"valueRequired\":true,\"valueName\":\"search_term_string\"}}],\"inLanguage\":\"es\"},{\"@type\":\"Person\",\"@id\":\"https:\\\/\\\/www.oracaoefe.com\\\/#\\\/schema\\\/person\\\/17283c669442cf005c4d5bb58adfb7f5\",\"name\":\"Michele Azevedo\",\"image\":{\"@type\":\"ImageObject\",\"inLanguage\":\"es\",\"@id\":\"https:\\\/\\\/secure.gravatar.com\\\/avatar\\\/6b0eb9d22841282815e2cd856a0061c45e1761cd54b22e952d98c4746939aa85?s=96&d=mm&r=g\",\"url\":\"https:\\\/\\\/secure.gravatar.com\\\/avatar\\\/6b0eb9d22841282815e2cd856a0061c45e1761cd54b22e952d98c4746939aa85?s=96&d=mm&r=g\",\"contentUrl\":\"https:\\\/\\\/secure.gravatar.com\\\/avatar\\\/6b0eb9d22841282815e2cd856a0061c45e1761cd54b22e952d98c4746939aa85?s=96&d=mm&r=g\",\"caption\":\"Michele Azevedo\"},\"description\":\"Formada em Letras - Portugu\u00eas\\\/ Ingl\u00eas pela UEPG, p\u00f3s-graduada em Arte na Educa\u00e7\u00e3o e Psicopedagogia Escolar, idealizadora do site Escritora de Sucesso, redatora e revisora dos conte\u00fados do Ora\u00e7\u00e3o e F\u00e9 com muita f\u00e9 e positividade.\",\"url\":\"https:\\\/\\\/www.oracaoefe.com\\\/es\\\/author\\\/michele-azevedo\\\/\"}]}<\/script>\n<!-- \/ Yoast SEO plugin. -->","yoast_head_json":{"title":"Oraci\u00f3n para empezar bien el d\u00eda: Busca a Dios en todo momento - Oraci\u00f3n y Fe","description":"\u00a1Dios tiene una palabra de vida para ti!","robots":{"index":"index","follow":"follow","max-snippet":"max-snippet:-1","max-image-preview":"max-image-preview:large","max-video-preview":"max-video-preview:-1"},"canonical":"https:\/\/www.oracaoefe.com\/es\/oracion-para-empezar-el-dia-bien-por-dios-en-cada-momento\/","og_locale":"es_ES","og_type":"article","og_title":"Ora\u00e7\u00e3o para come\u00e7ar bem o dia: Busque a Deus em todos os momentos - Ora\u00e7\u00e3o e F\u00e9","og_description":"Deus tem pra voc\u00ea uma palavra de vida!","og_url":"https:\/\/www.oracaoefe.com\/es\/oracion-para-empezar-el-dia-bien-por-dios-en-cada-momento\/","og_site_name":"Ora\u00e7\u00e3o e F\u00e9","article_published_time":"2023-03-05T09:00:00+00:00","og_image":[{"width":1280,"height":853,"url":"https:\/\/www.oracaoefe.com\/wp-content\/uploads\/2023\/02\/image-9.png","type":"image\/png"}],"author":"Michele Azevedo","twitter_card":"summary_large_image","twitter_misc":{"Escrito por":"Michele Azevedo","Tiempo de lectura":"5 minutos"},"schema":{"@context":"https:\/\/schema.org","@graph":[{"@type":"Article","@id":"https:\/\/www.oracaoefe.com\/oracao-para-comecar-bem-o-dia-busque-a-deus-em-todos-os-momentos\/#article","isPartOf":{"@id":"https:\/\/www.oracaoefe.com\/oracao-para-comecar-bem-o-dia-busque-a-deus-em-todos-os-momentos\/"},"author":{"name":"Michele Azevedo","@id":"https:\/\/www.oracaoefe.com\/#\/schema\/person\/17283c669442cf005c4d5bb58adfb7f5"},"headline":"Ora\u00e7\u00e3o para come\u00e7ar bem o dia: Busque a Deus em todos os momentos","datePublished":"2023-03-05T09:00:00+00:00","mainEntityOfPage":{"@id":"https:\/\/www.oracaoefe.com\/oracao-para-comecar-bem-o-dia-busque-a-deus-em-todos-os-momentos\/"},"wordCount":1061,"image":{"@id":"https:\/\/www.oracaoefe.com\/oracao-para-comecar-bem-o-dia-busque-a-deus-em-todos-os-momentos\/#primaryimage"},"thumbnailUrl":"https:\/\/www.oracaoefe.com\/wp-content\/uploads\/2023\/02\/image-9.png","keywords":["ora\u00e7\u00e3o do dia","prece do dia"],"articleSection":["Ora\u00e7\u00e3o"],"inLanguage":"es"},{"@type":"WebPage","@id":"https:\/\/www.oracaoefe.com\/oracao-para-comecar-bem-o-dia-busque-a-deus-em-todos-os-momentos\/","url":"https:\/\/www.oracaoefe.com\/oracao-para-comecar-bem-o-dia-busque-a-deus-em-todos-os-momentos\/","name":"Oraci\u00f3n para empezar bien el d\u00eda: Busca a Dios en todo momento - Oraci\u00f3n y Fe","isPartOf":{"@id":"https:\/\/www.oracaoefe.com\/#website"},"primaryImageOfPage":{"@id":"https:\/\/www.oracaoefe.com\/oracao-para-comecar-bem-o-dia-busque-a-deus-em-todos-os-momentos\/#primaryimage"},"image":{"@id":"https:\/\/www.oracaoefe.com\/oracao-para-comecar-bem-o-dia-busque-a-deus-em-todos-os-momentos\/#primaryimage"},"thumbnailUrl":"https:\/\/www.oracaoefe.com\/wp-content\/uploads\/2023\/02\/image-9.png","datePublished":"2023-03-05T09:00:00+00:00","author":{"@id":"https:\/\/www.oracaoefe.com\/#\/schema\/person\/17283c669442cf005c4d5bb58adfb7f5"},"description":"\u00a1Dios tiene una palabra de vida para ti!","breadcrumb":{"@id":"https:\/\/www.oracaoefe.com\/oracao-para-comecar-bem-o-dia-busque-a-deus-em-todos-os-momentos\/#breadcrumb"},"inLanguage":"es","potentialAction":[{"@type":"ReadAction","target":["https:\/\/www.oracaoefe.com\/oracao-para-comecar-bem-o-dia-busque-a-deus-em-todos-os-momentos\/"]}]},{"@type":"ImageObject","inLanguage":"es","@id":"https:\/\/www.oracaoefe.com\/oracao-para-comecar-bem-o-dia-busque-a-deus-em-todos-os-momentos\/#primaryimage","url":"https:\/\/www.oracaoefe.com\/wp-content\/uploads\/2023\/02\/image-9.png","contentUrl":"https:\/\/www.oracaoefe.com\/wp-content\/uploads\/2023\/02\/image-9.png","width":1280,"height":853},{"@type":"BreadcrumbList","@id":"https:\/\/www.oracaoefe.com\/oracao-para-comecar-bem-o-dia-busque-a-deus-em-todos-os-momentos\/#breadcrumb","itemListElement":[{"@type":"ListItem","position":1,"name":"Home","item":"https:\/\/www.oracaoefe.com\/"},{"@type":"ListItem","position":2,"name":"Ora\u00e7\u00e3o","item":"https:\/\/www.oracaoefe.com\/category\/oracao\/"},{"@type":"ListItem","position":3,"name":"Ora\u00e7\u00e3o para come\u00e7ar bem o dia: Busque a Deus em todos os momentos"}]},{"@type":"WebSite","@id":"https:\/\/www.oracaoefe.com\/#website","url":"https:\/\/www.oracaoefe.com\/","name":"Oraci\u00f3n y fe","description":"","potentialAction":[{"@type":"SearchAction","target":{"@type":"EntryPoint","urlTemplate":"https:\/\/www.oracaoefe.com\/?s={search_term_string}"},"query-input":{"@type":"PropertyValueSpecification","valueRequired":true,"valueName":"search_term_string"}}],"inLanguage":"es"},{"@type":"Person","@id":"https:\/\/www.oracaoefe.com\/#\/schema\/person\/17283c669442cf005c4d5bb58adfb7f5","name":"Michele Azevedo","image":{"@type":"ImageObject","inLanguage":"es","@id":"https:\/\/secure.gravatar.com\/avatar\/6b0eb9d22841282815e2cd856a0061c45e1761cd54b22e952d98c4746939aa85?s=96&d=mm&r=g","url":"https:\/\/secure.gravatar.com\/avatar\/6b0eb9d22841282815e2cd856a0061c45e1761cd54b22e952d98c4746939aa85?s=96&d=mm&r=g","contentUrl":"https:\/\/secure.gravatar.com\/avatar\/6b0eb9d22841282815e2cd856a0061c45e1761cd54b22e952d98c4746939aa85?s=96&d=mm&r=g","caption":"Michele Azevedo"},"description":"Licenciada en Literatura Portuguesa\/Ingl\u00e9s por la UEPG, con posgrados en Arte en la Educaci\u00f3n y Psicopedagog\u00eda Escolar, es la creadora del sitio web Escritora de Sucesso, y escritora y editora de contenido para Ora\u00e7\u00e3o e F\u00e9 (Oraci\u00f3n y Fe) con gran fe y positividad.","url":"https:\/\/www.oracaoefe.com\/es\/author\/michele-azevedo\/"}]}},"_links":{"self":[{"href":"https:\/\/www.oracaoefe.com\/es\/wp-json\/wp\/v2\/posts\/1946","targetHints":{"allow":["GET"]}}],"collection":[{"href":"https:\/\/www.oracaoefe.com\/es\/wp-json\/wp\/v2\/posts"}],"about":[{"href":"https:\/\/www.oracaoefe.com\/es\/wp-json\/wp\/v2\/types\/post"}],"author":[{"embeddable":true,"href":"https:\/\/www.oracaoefe.com\/es\/wp-json\/wp\/v2\/users\/3"}],"replies":[{"embeddable":true,"href":"https:\/\/www.oracaoefe.com\/es\/wp-json\/wp\/v2\/comments?post=1946"}],"version-history":[{"count":1,"href":"https:\/\/www.oracaoefe.com\/es\/wp-json\/wp\/v2\/posts\/1946\/revisions"}],"predecessor-version":[{"id":1948,"href":"https:\/\/www.oracaoefe.com\/es\/wp-json\/wp\/v2\/posts\/1946\/revisions\/1948"}],"wp:featuredmedia":[{"embeddable":true,"href":"https:\/\/www.oracaoefe.com\/es\/wp-json\/wp\/v2\/media\/1947"}],"wp:attachment":[{"href":"https:\/\/www.oracaoefe.com\/es\/wp-json\/wp\/v2\/media?parent=1946"}],"wp:term":[{"taxonomy":"category","embeddable":true,"href":"https:\/\/www.oracaoefe.com\/es\/wp-json\/wp\/v2\/categories?post=1946"},{"taxonomy":"post_tag","embeddable":true,"href":"https:\/\/www.oracaoefe.com\/es\/wp-json\/wp\/v2\/tags?post=1946"}],"curies":[{"name":"wp","href":"https:\/\/api.w.org\/{rel}","templated":true}]}}