{"id":1860,"date":"2023-02-23T08:00:00","date_gmt":"2023-02-23T11:00:00","guid":{"rendered":"https:\/\/www.oracaoefe.com\/?p=1860"},"modified":"2023-02-22T21:55:38","modified_gmt":"2023-02-23T00:55:38","slug":"rezar-recordar-lo-que-te-agradezco","status":"publish","type":"post","link":"https:\/\/www.oracaoefe.com\/es\/oracao-para-comecar-o-dia-lembre-se-sempre-de-agradecer\/","title":{"rendered":"Oraci\u00f3n para empezar el d\u00eda: Acu\u00e9rdate siempre de dar las gracias"},"content":{"rendered":"<p>La gratitud es una actitud de reconocimiento y agradecimiento por todo lo que tenemos y por todas las bendiciones que recibimos en nuestra vida, ya sean grandes o peque\u00f1as. Es una forma de valorar y dar las gracias por las personas, experiencias y oportunidades que nos ayudan a crecer, evolucionar y tener una vida m\u00e1s feliz y plena. La gratitud nos lleva a ver el lado bueno de las cosas, a ser m\u00e1s positivos y a vivir con m\u00e1s alegr\u00eda, satisfacci\u00f3n y paz interior. Empieza el d\u00eda dando las gracias con una oraci\u00f3n.<\/p>\n\n\n\n<figure class=\"wp-block-image size-large\"><img loading=\"lazy\" decoding=\"async\" width=\"1024\" height=\"683\" src=\"https:\/\/www.oracaoefe.com\/wp-content\/uploads\/2023\/02\/image-4-1024x683.png\" alt=\"\" class=\"wp-image-1861\" srcset=\"https:\/\/www.oracaoefe.com\/wp-content\/uploads\/2023\/02\/image-4-1024x683.png 1024w, https:\/\/www.oracaoefe.com\/wp-content\/uploads\/2023\/02\/image-4-300x200.png 300w, https:\/\/www.oracaoefe.com\/wp-content\/uploads\/2023\/02\/image-4-768x512.png 768w, https:\/\/www.oracaoefe.com\/wp-content\/uploads\/2023\/02\/image-4-18x12.png 18w, https:\/\/www.oracaoefe.com\/wp-content\/uploads\/2023\/02\/image-4.png 1280w\" sizes=\"auto, (max-width: 1024px) 100vw, 1024px\" \/><figcaption class=\"wp-element-caption\">Imagen: Pixabay - Reproducci\u00f3n<\/figcaption><\/figure>\n\n\n\n<h2 class=\"wp-block-heading\">Oraci\u00f3n para empezar el d\u00eda y dar gracias<\/h2>\n\n\n\n<p>La gratitud es una emoci\u00f3n positiva que nos lleva a reconocer y apreciar las cosas buenas que recibimos en la vida, ya sean materiales, emocionales o espirituales. Nos ayuda a tener una perspectiva m\u00e1s positiva y a ver el lado bueno de las situaciones, incluso en los momentos dif\u00edciles. La gratitud tambi\u00e9n nos hace m\u00e1s conscientes de todo lo que tenemos y nos permite apreciar y disfrutar la vida m\u00e1s intensamente.<\/p>\n\n\n\n<p>Cuando practicamos la gratitud con regularidad, podemos experimentar muchos beneficios, como la mejora de la salud mental y emocional, el aumento de la autoestima y la resiliencia, y el fortalecimiento de las relaciones interpersonales. La gratitud tambi\u00e9n puede inspirarnos a devolver lo bueno que hemos recibido compartiendo nuestras bendiciones con los dem\u00e1s y marcando la diferencia en las vidas de quienes nos rodean. En resumen, la gratitud es una actitud poderosa que nos ayuda a vivir una vida m\u00e1s feliz, m\u00e1s sana y m\u00e1s significativa. Reza con los consejos de oraci\u00f3n, a continuaci\u00f3n, por la gratitud.<\/p>\n\n\n\n<p>\u201c<em>Se\u00f1or, te doy gracias por otro amanecer y por otra oportunidad de vivir. Que en este nuevo d\u00eda sea mejor persona, m\u00e1s amorosa, m\u00e1s compasiva y m\u00e1s generosa con todos los que se cruzan en mi camino.<\/em><\/p>\n\n\n\n<p><em>Que tu luz ilumine mi camino y que tu sabidur\u00eda me gu\u00ede en las decisiones que tendr\u00e9 que tomar. Te pido que me des fuerzas para afrontar los retos que se presenten y que pueda afrontarlos con valent\u00eda y determinaci\u00f3n.<\/em><\/p>\n\n\n\n<p><em>Que mi mente est\u00e9 abierta a aprender cosas nuevas, a escuchar las necesidades de la gente que me rodea y a contribuir a un mundo mejor. Que pueda ser un instrumento de tu amor y de tu paz, y que pueda difundir estas bendiciones dondequiera que vaya.<\/em><\/p>\n\n\n\n<p><em>Bendice este d\u00eda, Se\u00f1or, y a todas las personas que forman parte de mi vida. Que tu mano protectora est\u00e9 sobre cada uno de nosotros, protegi\u00e9ndonos de todo mal y gui\u00e1ndonos hacia el bien. Que este d\u00eda sea bendecido y productivo, y que pueda dormir por la noche con la conciencia tranquila y el coraz\u00f3n lleno de gratitud. Am\u00e9n.<\/em>\u201c<\/p>\n\n\n\n<h2 class=\"wp-block-heading\">Mensaje del d\u00eda: Acu\u00e9rdate de dar las gracias<\/h2>\n\n\n\n<p>Dar las gracias es una actitud importante porque nos ayuda a reconocer las bendiciones que recibimos en la vida, ya sean grandes o peque\u00f1as. Cuando damos las gracias, estamos valorando lo que tenemos y lo que se nos ha dado, lo que nos lleva a sentirnos m\u00e1s felices y satisfechos.<\/p>\n\n\n\n<p>Adem\u00e1s, la gratitud tambi\u00e9n nos ayuda a ser m\u00e1s positivos y a ver el lado bueno de las cosas, incluso en los momentos dif\u00edciles. Cuando somos agradecidos, estamos dirigiendo nuestra atenci\u00f3n hacia lo que es bueno y positivo, lo que nos ayuda a afrontar mejor las situaciones adversas y a encontrar soluciones a los problemas.<\/p>\n\n\n\n<p>La gratitud tambi\u00e9n nos ayuda a fortalecer nuestras relaciones, porque cuando expresamos nuestra gratitud a las personas que nos ayudan, apoyan y quieren, les estamos demostrando que valoramos su presencia en nuestras vidas y reconocemos sus esfuerzos en nuestro favor.<\/p>\n\n\n\n<p>Por \u00faltimo, dar las gracias tambi\u00e9n puede tener beneficios f\u00edsicos y emocionales, como reducir el estr\u00e9s, aumentar la autoestima y mejorar la calidad del sue\u00f1o. Por lo tanto, es importante cultivar la gratitud en nuestra vida cotidiana y encontrar siempre motivos para estar agradecidos.<\/p>\n\n\n\n<p>La gratitud tambi\u00e9n nos acerca a Dios y nos hace mejores personas cada d\u00eda.<\/p>\n\n\n\n<h3 class=\"wp-block-heading\">Lo que dice la Biblia sobre la gratitud<\/h3>\n\n\n\n<p>La gratitud es un tema importante en la Biblia y se menciona a menudo en varios pasajes. Seg\u00fan la Biblia, la gratitud es una actitud de reconocimiento y agradecimiento a Dios por las bendiciones que nos concede. A continuaci\u00f3n, presento algunos pasajes que destacan la importancia de la gratitud en la Biblia:<\/p>\n\n\n\n<p><em>\"Dad gracias al Se\u00f1or, porque es bueno, porque es eterna su misericordia\". <\/em>(Salmo 136:1)<\/p>\n\n\n\n<p><em>\"Dad gracias en todo, porque \u00e9sta es la voluntad de Dios para con vosotros en Cristo Jes\u00fas\".<\/em> (1 Tesalonicenses 5:18)<\/p>\n\n\n\n<p><em>\"Porque del Se\u00f1or es la tierra y su plenitud, el mundo y los que en \u00e9l habitan\".<\/em> (Salmo 24:1)<\/p>\n\n\n\n<p><em>\"Bendice al Se\u00f1or, alma m\u00eda, y no olvides ninguno de sus beneficios\". <\/em>(Salmo 103:2)<\/p>\n\n\n\n<p>Estos pasajes nos muestran que la gratitud es una actitud que debe estar presente en todos los \u00e1mbitos de nuestra vida, y que debemos estar agradecidos a Dios por todas las bendiciones que recibimos, sean grandes o peque\u00f1as. La gratitud nos ayuda a centrarnos en las cosas buenas y a encontrar alegr\u00eda y satisfacci\u00f3n en las peque\u00f1as cosas de la vida, lo que nos lleva a vivir m\u00e1s plena y felizmente.<\/p>\n\n\n\n<p><strong>V\u00e9ase tambi\u00e9n: <a href=\"https:\/\/www.oracaoefe.com\/es\/oracion-para-empezar-bien-el-dia\/\">Oraci\u00f3n para empezar bien el d\u00eda: Prosperar a todos los niveles<\/a><\/strong><\/p>\n\n\n\n<p>23 de febrero de 2023<\/p>","protected":false},"excerpt":{"rendered":"<p>Gratid\u00e3o \u00e9 uma atitude de reconhecimento e aprecia\u00e7\u00e3o por tudo o que temos e por todas as b\u00ean\u00e7\u00e3os que recebemos em nossas vidas, sejam elas grandes ou pequenas. \u00c9 uma forma de valorizar e agradecer pelas pessoas, experi\u00eancias e oportunidades que nos ajudam a crescer, evoluir e ter uma vida mais feliz e realizada. A&hellip;&nbsp;<\/p>","protected":false},"author":3,"featured_media":1861,"comment_status":"closed","ping_status":"closed","sticky":false,"template":"","format":"standard","meta":{"neve_meta_sidebar":"","neve_meta_container":"","neve_meta_enable_content_width":"","neve_meta_content_width":0,"neve_meta_title_alignment":"","neve_meta_author_avatar":"","neve_post_elements_order":"","neve_meta_disable_header":"","neve_meta_disable_footer":"","neve_meta_disable_title":"","footnotes":""},"categories":[2],"tags":[160,163],"class_list":["post-1860","post","type-post","status-publish","format-standard","has-post-thumbnail","hentry","category-oracao","tag-oracao-do-dia","tag-prece-do-dia"],"yoast_head":"<!-- This site is optimized with the Yoast SEO plugin v27.4 - https:\/\/yoast.com\/product\/yoast-seo-wordpress\/ -->\n<title>Ora\u00e7\u00e3o para come\u00e7ar o dia: Lembre-se sempre de agradecer - Ora\u00e7\u00e3o e F\u00e9<\/title>\n<meta name=\"description\" content=\"Deus tem pra voc\u00ea uma palavra de vida!\" \/>\n<meta name=\"robots\" content=\"index, follow, max-snippet:-1, max-image-preview:large, max-video-preview:-1\" \/>\n<link rel=\"canonical\" href=\"https:\/\/www.oracaoefe.com\/es\/rezar-recordar-lo-que-te-agradezco\/\" \/>\n<meta property=\"og:locale\" content=\"es_ES\" \/>\n<meta property=\"og:type\" content=\"article\" \/>\n<meta property=\"og:title\" content=\"Ora\u00e7\u00e3o para come\u00e7ar o dia: Lembre-se sempre de agradecer - Ora\u00e7\u00e3o e F\u00e9\" \/>\n<meta property=\"og:description\" content=\"Deus tem pra voc\u00ea uma palavra de vida!\" \/>\n<meta property=\"og:url\" content=\"https:\/\/www.oracaoefe.com\/es\/rezar-recordar-lo-que-te-agradezco\/\" \/>\n<meta property=\"og:site_name\" content=\"Ora\u00e7\u00e3o e F\u00e9\" \/>\n<meta property=\"article:published_time\" content=\"2023-02-23T11:00:00+00:00\" \/>\n<meta property=\"og:image\" content=\"https:\/\/www.oracaoefe.com\/wp-content\/uploads\/2023\/02\/image-4.png\" \/>\n\t<meta property=\"og:image:width\" content=\"1280\" \/>\n\t<meta property=\"og:image:height\" content=\"854\" \/>\n\t<meta property=\"og:image:type\" content=\"image\/png\" \/>\n<meta name=\"author\" content=\"Michele Azevedo\" \/>\n<meta name=\"twitter:card\" content=\"summary_large_image\" \/>\n<meta name=\"twitter:label1\" content=\"Escrito por\" \/>\n\t<meta name=\"twitter:data1\" content=\"Michele Azevedo\" \/>\n\t<meta name=\"twitter:label2\" content=\"Tiempo de lectura\" \/>\n\t<meta name=\"twitter:data2\" content=\"5 minutos\" \/>\n<script type=\"application\/ld+json\" class=\"yoast-schema-graph\">{\"@context\":\"https:\\\/\\\/schema.org\",\"@graph\":[{\"@type\":\"Article\",\"@id\":\"https:\\\/\\\/www.oracaoefe.com\\\/oracao-para-comecar-o-dia-lembre-se-sempre-de-agradecer\\\/#article\",\"isPartOf\":{\"@id\":\"https:\\\/\\\/www.oracaoefe.com\\\/oracao-para-comecar-o-dia-lembre-se-sempre-de-agradecer\\\/\"},\"author\":{\"name\":\"Michele Azevedo\",\"@id\":\"https:\\\/\\\/www.oracaoefe.com\\\/#\\\/schema\\\/person\\\/17283c669442cf005c4d5bb58adfb7f5\"},\"headline\":\"Ora\u00e7\u00e3o para come\u00e7ar o dia: Lembre-se sempre de agradecer\",\"datePublished\":\"2023-02-23T11:00:00+00:00\",\"mainEntityOfPage\":{\"@id\":\"https:\\\/\\\/www.oracaoefe.com\\\/oracao-para-comecar-o-dia-lembre-se-sempre-de-agradecer\\\/\"},\"wordCount\":941,\"image\":{\"@id\":\"https:\\\/\\\/www.oracaoefe.com\\\/oracao-para-comecar-o-dia-lembre-se-sempre-de-agradecer\\\/#primaryimage\"},\"thumbnailUrl\":\"https:\\\/\\\/www.oracaoefe.com\\\/wp-content\\\/uploads\\\/2023\\\/02\\\/image-4.png\",\"keywords\":[\"ora\u00e7\u00e3o do dia\",\"prece do dia\"],\"articleSection\":[\"Ora\u00e7\u00e3o\"],\"inLanguage\":\"es\"},{\"@type\":\"WebPage\",\"@id\":\"https:\\\/\\\/www.oracaoefe.com\\\/oracao-para-comecar-o-dia-lembre-se-sempre-de-agradecer\\\/\",\"url\":\"https:\\\/\\\/www.oracaoefe.com\\\/oracao-para-comecar-o-dia-lembre-se-sempre-de-agradecer\\\/\",\"name\":\"Ora\u00e7\u00e3o para come\u00e7ar o dia: Lembre-se sempre de agradecer - Ora\u00e7\u00e3o e F\u00e9\",\"isPartOf\":{\"@id\":\"https:\\\/\\\/www.oracaoefe.com\\\/#website\"},\"primaryImageOfPage\":{\"@id\":\"https:\\\/\\\/www.oracaoefe.com\\\/oracao-para-comecar-o-dia-lembre-se-sempre-de-agradecer\\\/#primaryimage\"},\"image\":{\"@id\":\"https:\\\/\\\/www.oracaoefe.com\\\/oracao-para-comecar-o-dia-lembre-se-sempre-de-agradecer\\\/#primaryimage\"},\"thumbnailUrl\":\"https:\\\/\\\/www.oracaoefe.com\\\/wp-content\\\/uploads\\\/2023\\\/02\\\/image-4.png\",\"datePublished\":\"2023-02-23T11:00:00+00:00\",\"author\":{\"@id\":\"https:\\\/\\\/www.oracaoefe.com\\\/#\\\/schema\\\/person\\\/17283c669442cf005c4d5bb58adfb7f5\"},\"description\":\"Deus tem pra voc\u00ea uma palavra de vida!\",\"breadcrumb\":{\"@id\":\"https:\\\/\\\/www.oracaoefe.com\\\/oracao-para-comecar-o-dia-lembre-se-sempre-de-agradecer\\\/#breadcrumb\"},\"inLanguage\":\"es\",\"potentialAction\":[{\"@type\":\"ReadAction\",\"target\":[\"https:\\\/\\\/www.oracaoefe.com\\\/oracao-para-comecar-o-dia-lembre-se-sempre-de-agradecer\\\/\"]}]},{\"@type\":\"ImageObject\",\"inLanguage\":\"es\",\"@id\":\"https:\\\/\\\/www.oracaoefe.com\\\/oracao-para-comecar-o-dia-lembre-se-sempre-de-agradecer\\\/#primaryimage\",\"url\":\"https:\\\/\\\/www.oracaoefe.com\\\/wp-content\\\/uploads\\\/2023\\\/02\\\/image-4.png\",\"contentUrl\":\"https:\\\/\\\/www.oracaoefe.com\\\/wp-content\\\/uploads\\\/2023\\\/02\\\/image-4.png\",\"width\":1280,\"height\":854},{\"@type\":\"BreadcrumbList\",\"@id\":\"https:\\\/\\\/www.oracaoefe.com\\\/oracao-para-comecar-o-dia-lembre-se-sempre-de-agradecer\\\/#breadcrumb\",\"itemListElement\":[{\"@type\":\"ListItem\",\"position\":1,\"name\":\"Home\",\"item\":\"https:\\\/\\\/www.oracaoefe.com\\\/\"},{\"@type\":\"ListItem\",\"position\":2,\"name\":\"Ora\u00e7\u00e3o\",\"item\":\"https:\\\/\\\/www.oracaoefe.com\\\/category\\\/oracao\\\/\"},{\"@type\":\"ListItem\",\"position\":3,\"name\":\"Ora\u00e7\u00e3o para come\u00e7ar o dia: Lembre-se sempre de agradecer\"}]},{\"@type\":\"WebSite\",\"@id\":\"https:\\\/\\\/www.oracaoefe.com\\\/#website\",\"url\":\"https:\\\/\\\/www.oracaoefe.com\\\/\",\"name\":\"Ora\u00e7\u00e3o e F\u00e9\",\"description\":\"\",\"potentialAction\":[{\"@type\":\"SearchAction\",\"target\":{\"@type\":\"EntryPoint\",\"urlTemplate\":\"https:\\\/\\\/www.oracaoefe.com\\\/?s={search_term_string}\"},\"query-input\":{\"@type\":\"PropertyValueSpecification\",\"valueRequired\":true,\"valueName\":\"search_term_string\"}}],\"inLanguage\":\"es\"},{\"@type\":\"Person\",\"@id\":\"https:\\\/\\\/www.oracaoefe.com\\\/#\\\/schema\\\/person\\\/17283c669442cf005c4d5bb58adfb7f5\",\"name\":\"Michele Azevedo\",\"image\":{\"@type\":\"ImageObject\",\"inLanguage\":\"es\",\"@id\":\"https:\\\/\\\/secure.gravatar.com\\\/avatar\\\/6b0eb9d22841282815e2cd856a0061c45e1761cd54b22e952d98c4746939aa85?s=96&d=mm&r=g\",\"url\":\"https:\\\/\\\/secure.gravatar.com\\\/avatar\\\/6b0eb9d22841282815e2cd856a0061c45e1761cd54b22e952d98c4746939aa85?s=96&d=mm&r=g\",\"contentUrl\":\"https:\\\/\\\/secure.gravatar.com\\\/avatar\\\/6b0eb9d22841282815e2cd856a0061c45e1761cd54b22e952d98c4746939aa85?s=96&d=mm&r=g\",\"caption\":\"Michele Azevedo\"},\"description\":\"Formada em Letras - Portugu\u00eas\\\/ Ingl\u00eas pela UEPG, p\u00f3s-graduada em Arte na Educa\u00e7\u00e3o e Psicopedagogia Escolar, idealizadora do site Escritora de Sucesso, redatora e revisora dos conte\u00fados do Ora\u00e7\u00e3o e F\u00e9 com muita f\u00e9 e positividade.\",\"url\":\"https:\\\/\\\/www.oracaoefe.com\\\/es\\\/author\\\/michele-azevedo\\\/\"}]}<\/script>\n<!-- \/ Yoast SEO plugin. -->","yoast_head_json":{"title":"Oraci\u00f3n para empezar el d\u00eda: Acu\u00e9rdate siempre de dar las gracias - Oraci\u00f3n y Fe","description":"\u00a1Dios tiene una palabra de vida para ti!","robots":{"index":"index","follow":"follow","max-snippet":"max-snippet:-1","max-image-preview":"max-image-preview:large","max-video-preview":"max-video-preview:-1"},"canonical":"https:\/\/www.oracaoefe.com\/es\/rezar-recordar-lo-que-te-agradezco\/","og_locale":"es_ES","og_type":"article","og_title":"Ora\u00e7\u00e3o para come\u00e7ar o dia: Lembre-se sempre de agradecer - Ora\u00e7\u00e3o e F\u00e9","og_description":"Deus tem pra voc\u00ea uma palavra de vida!","og_url":"https:\/\/www.oracaoefe.com\/es\/rezar-recordar-lo-que-te-agradezco\/","og_site_name":"Ora\u00e7\u00e3o e F\u00e9","article_published_time":"2023-02-23T11:00:00+00:00","og_image":[{"width":1280,"height":854,"url":"https:\/\/www.oracaoefe.com\/wp-content\/uploads\/2023\/02\/image-4.png","type":"image\/png"}],"author":"Michele Azevedo","twitter_card":"summary_large_image","twitter_misc":{"Escrito por":"Michele Azevedo","Tiempo de lectura":"5 minutos"},"schema":{"@context":"https:\/\/schema.org","@graph":[{"@type":"Article","@id":"https:\/\/www.oracaoefe.com\/oracao-para-comecar-o-dia-lembre-se-sempre-de-agradecer\/#article","isPartOf":{"@id":"https:\/\/www.oracaoefe.com\/oracao-para-comecar-o-dia-lembre-se-sempre-de-agradecer\/"},"author":{"name":"Michele Azevedo","@id":"https:\/\/www.oracaoefe.com\/#\/schema\/person\/17283c669442cf005c4d5bb58adfb7f5"},"headline":"Ora\u00e7\u00e3o para come\u00e7ar o dia: Lembre-se sempre de agradecer","datePublished":"2023-02-23T11:00:00+00:00","mainEntityOfPage":{"@id":"https:\/\/www.oracaoefe.com\/oracao-para-comecar-o-dia-lembre-se-sempre-de-agradecer\/"},"wordCount":941,"image":{"@id":"https:\/\/www.oracaoefe.com\/oracao-para-comecar-o-dia-lembre-se-sempre-de-agradecer\/#primaryimage"},"thumbnailUrl":"https:\/\/www.oracaoefe.com\/wp-content\/uploads\/2023\/02\/image-4.png","keywords":["ora\u00e7\u00e3o do dia","prece do dia"],"articleSection":["Ora\u00e7\u00e3o"],"inLanguage":"es"},{"@type":"WebPage","@id":"https:\/\/www.oracaoefe.com\/oracao-para-comecar-o-dia-lembre-se-sempre-de-agradecer\/","url":"https:\/\/www.oracaoefe.com\/oracao-para-comecar-o-dia-lembre-se-sempre-de-agradecer\/","name":"Oraci\u00f3n para empezar el d\u00eda: Acu\u00e9rdate siempre de dar las gracias - Oraci\u00f3n y Fe","isPartOf":{"@id":"https:\/\/www.oracaoefe.com\/#website"},"primaryImageOfPage":{"@id":"https:\/\/www.oracaoefe.com\/oracao-para-comecar-o-dia-lembre-se-sempre-de-agradecer\/#primaryimage"},"image":{"@id":"https:\/\/www.oracaoefe.com\/oracao-para-comecar-o-dia-lembre-se-sempre-de-agradecer\/#primaryimage"},"thumbnailUrl":"https:\/\/www.oracaoefe.com\/wp-content\/uploads\/2023\/02\/image-4.png","datePublished":"2023-02-23T11:00:00+00:00","author":{"@id":"https:\/\/www.oracaoefe.com\/#\/schema\/person\/17283c669442cf005c4d5bb58adfb7f5"},"description":"\u00a1Dios tiene una palabra de vida para ti!","breadcrumb":{"@id":"https:\/\/www.oracaoefe.com\/oracao-para-comecar-o-dia-lembre-se-sempre-de-agradecer\/#breadcrumb"},"inLanguage":"es","potentialAction":[{"@type":"ReadAction","target":["https:\/\/www.oracaoefe.com\/oracao-para-comecar-o-dia-lembre-se-sempre-de-agradecer\/"]}]},{"@type":"ImageObject","inLanguage":"es","@id":"https:\/\/www.oracaoefe.com\/oracao-para-comecar-o-dia-lembre-se-sempre-de-agradecer\/#primaryimage","url":"https:\/\/www.oracaoefe.com\/wp-content\/uploads\/2023\/02\/image-4.png","contentUrl":"https:\/\/www.oracaoefe.com\/wp-content\/uploads\/2023\/02\/image-4.png","width":1280,"height":854},{"@type":"BreadcrumbList","@id":"https:\/\/www.oracaoefe.com\/oracao-para-comecar-o-dia-lembre-se-sempre-de-agradecer\/#breadcrumb","itemListElement":[{"@type":"ListItem","position":1,"name":"Home","item":"https:\/\/www.oracaoefe.com\/"},{"@type":"ListItem","position":2,"name":"Ora\u00e7\u00e3o","item":"https:\/\/www.oracaoefe.com\/category\/oracao\/"},{"@type":"ListItem","position":3,"name":"Ora\u00e7\u00e3o para come\u00e7ar o dia: Lembre-se sempre de agradecer"}]},{"@type":"WebSite","@id":"https:\/\/www.oracaoefe.com\/#website","url":"https:\/\/www.oracaoefe.com\/","name":"Oraci\u00f3n y fe","description":"","potentialAction":[{"@type":"SearchAction","target":{"@type":"EntryPoint","urlTemplate":"https:\/\/www.oracaoefe.com\/?s={search_term_string}"},"query-input":{"@type":"PropertyValueSpecification","valueRequired":true,"valueName":"search_term_string"}}],"inLanguage":"es"},{"@type":"Person","@id":"https:\/\/www.oracaoefe.com\/#\/schema\/person\/17283c669442cf005c4d5bb58adfb7f5","name":"Michele Azevedo","image":{"@type":"ImageObject","inLanguage":"es","@id":"https:\/\/secure.gravatar.com\/avatar\/6b0eb9d22841282815e2cd856a0061c45e1761cd54b22e952d98c4746939aa85?s=96&d=mm&r=g","url":"https:\/\/secure.gravatar.com\/avatar\/6b0eb9d22841282815e2cd856a0061c45e1761cd54b22e952d98c4746939aa85?s=96&d=mm&r=g","contentUrl":"https:\/\/secure.gravatar.com\/avatar\/6b0eb9d22841282815e2cd856a0061c45e1761cd54b22e952d98c4746939aa85?s=96&d=mm&r=g","caption":"Michele Azevedo"},"description":"Licenciada en Literatura Portuguesa\/Ingl\u00e9s por la UEPG, con posgrados en Arte en la Educaci\u00f3n y Psicopedagog\u00eda Escolar, es la creadora del sitio web Escritora de Sucesso, y escritora y editora de contenido para Ora\u00e7\u00e3o e F\u00e9 (Oraci\u00f3n y Fe) con gran fe y positividad.","url":"https:\/\/www.oracaoefe.com\/es\/author\/michele-azevedo\/"}]}},"_links":{"self":[{"href":"https:\/\/www.oracaoefe.com\/es\/wp-json\/wp\/v2\/posts\/1860","targetHints":{"allow":["GET"]}}],"collection":[{"href":"https:\/\/www.oracaoefe.com\/es\/wp-json\/wp\/v2\/posts"}],"about":[{"href":"https:\/\/www.oracaoefe.com\/es\/wp-json\/wp\/v2\/types\/post"}],"author":[{"embeddable":true,"href":"https:\/\/www.oracaoefe.com\/es\/wp-json\/wp\/v2\/users\/3"}],"replies":[{"embeddable":true,"href":"https:\/\/www.oracaoefe.com\/es\/wp-json\/wp\/v2\/comments?post=1860"}],"version-history":[{"count":1,"href":"https:\/\/www.oracaoefe.com\/es\/wp-json\/wp\/v2\/posts\/1860\/revisions"}],"predecessor-version":[{"id":1862,"href":"https:\/\/www.oracaoefe.com\/es\/wp-json\/wp\/v2\/posts\/1860\/revisions\/1862"}],"wp:featuredmedia":[{"embeddable":true,"href":"https:\/\/www.oracaoefe.com\/es\/wp-json\/wp\/v2\/media\/1861"}],"wp:attachment":[{"href":"https:\/\/www.oracaoefe.com\/es\/wp-json\/wp\/v2\/media?parent=1860"}],"wp:term":[{"taxonomy":"category","embeddable":true,"href":"https:\/\/www.oracaoefe.com\/es\/wp-json\/wp\/v2\/categories?post=1860"},{"taxonomy":"post_tag","embeddable":true,"href":"https:\/\/www.oracaoefe.com\/es\/wp-json\/wp\/v2\/tags?post=1860"}],"curies":[{"name":"wp","href":"https:\/\/api.w.org\/{rel}","templated":true}]}}