{"id":138,"date":"2022-09-20T20:33:56","date_gmt":"2022-09-20T23:33:56","guid":{"rendered":"https:\/\/www.oracaoefe.com\/?p=138"},"modified":"2022-09-25T21:41:18","modified_gmt":"2022-09-26T00:41:18","slug":"oracion-tranquila","status":"publish","type":"post","link":"https:\/\/www.oracaoefe.com\/es\/oracao-acalmar\/","title":{"rendered":"Oraci\u00f3n tranquilizadora"},"content":{"rendered":"<div class=\"wp-block-post-date\"><time datetime=\"2022-09-20T20:33:56-03:00\">20 de septiembre de 2022<\/time><\/div>\n\n\n<p>Centra tus pensamientos en las cosas buenas cuando vayas a <a href=\"https:\/\/www.oracaoefe.com\/es\/\">oraci\u00f3n<\/a> para calmarse. <br><br>\"No tem\u00e1is, porque yo estoy con vosotros; no teng\u00e1is miedo, porque yo soy vuestro Dios. Te fortalecer\u00e9 y te ayudar\u00e9, te sostendr\u00e9 con la diestra de mi justicia\". (Salmos 41:0-11)<\/p>\n\n\n\n<p>Recuerda que Dios es nuestro Refugio. Tranquiliza tu coraz\u00f3n. Reza en tu habitaci\u00f3n en secreto, que tu Padre te recompensar\u00e1.<\/p>\n\n\n\n<p>\"Dios es nuestro refugio y fortaleza, una ayuda muy presente en los problemas\". (Salmos 46:1)<\/p>\n\n\n\n<p>No guardes rencor a quien te ha hecho da\u00f1o, lo mejor es perdonar. Dios quiere de nosotros lo que nos ha dado. Espera que perdonemos como \u00e9l ha perdonado. Busca la ayuda de Dios en la Palabra para perdonar.<\/p>\n\n\n\n<p>A menudo, no queremos ocuparnos de las cosas. Fingimos que no est\u00e1n ah\u00ed, nos escondemos, huimos y los encubrimos de diversas maneras. A menudo esperamos que, de alguna manera, hayan desaparecido.<\/p>\n\n\n\n<p>Busca la paz y disfruta de la vida. Huye de la ira, porque es mala, es un gran problema. Hay mucha rabia en el mundo, en el tr\u00e1fico, en las tiendas...<\/p>\n\n\n\n<p>No vivas de acuerdo con tus sentimientos para no correr el riesgo de convertirte en un adicto emocional. M\u00e1s bien, levanta la cabeza y vive en Dios. Vive en libertad.<\/p>\n\n\n\n<p>La libertad no es conseguir todo lo que quieres, sino ser capaz de estar alegre y emocionalmente estable incluso cuando no consigues lo que quieres. Es la paz que supera todo entendimiento.<\/p>\n\n\n\n<p>Entonces reza en paz y tranquilidad. A <a href=\"https:\/\/pt.wikipedia.org\/wiki\/Ora%C3%A7%C3%A3o\">oraci\u00f3n<\/a> calmarse es el mayor privilegio que tenemos.<\/p>\n\n\n\n<p>No son las circunstancias las que nos hacen infelices. Jes\u00fas no era un pesimista. Era optimista por encima de todo.<\/p>\n\n\n\n<p>Hay muchas cosas que la gente puede quitarte, pero nadie puede obligarte a ser pesimista.<\/p>\n\n\n\n<p>Por eso, conoce esta oraci\u00f3n para que calme tu vida y tu coraz\u00f3n. Hazlo creyendo que lo mejor est\u00e1 por llegar:<\/p>\n\n\n\n<h2 class=\"wp-block-heading\">Oraci\u00f3n que alivia la vida y el coraz\u00f3n<\/h2>\n\n\n\n<p>\"Se\u00f1or, instruye mis ojos para que pueda ver los defectos de mi alma, y vi\u00e9ndolos, no comentar los defectos de los dem\u00e1s.<\/p>\n\n\n\n<p>Se\u00f1or, arrebata mi dolor, pero no se lo lleves a nadie m\u00e1s.<\/p>\n\n\n\n<p>Desborda mi coraz\u00f3n de fe divina, para alabar siempre tu nombre.<\/p>\n\n\n\n<p>Saca el orgullo y la arrogancia de m\u00ed.<\/p>\n\n\n\n<p>Se\u00f1or, hazme verdaderamente justo y correcto.<\/p>\n\n\n\n<p>Dame esperanza para ser positivo y ganar todas las batallas terrenales.<\/p>\n\n\n\n<p>Siembra en mi coraz\u00f3n la semilla del amor incondicional y ay\u00fadame a hacer feliz al mayor n\u00famero posible de personas para alargar sus d\u00edas de risa y acortar sus noches tristes.<\/p>\n\n\n\n<p>Convierte a mis adversarios en compa\u00f1eros, a mis compa\u00f1eros en amigos y a mis amigos en seres queridos.<\/p>\n\n\n\n<p>Que no sea un cordero ante el fuerte, ni un le\u00f3n ante el d\u00e9bil.<\/p>\n\n\n\n<p>Dame Se\u00f1or, la capacidad de perdonar y aleja de m\u00ed el deseo de venganza.<\/p>\n\n\n\n<p>Am\u00e9n!!!\"<\/p>\n\n\n\n<p>Dios conoce tu coraz\u00f3n, as\u00ed que pon tus ojos en c\u00f3mo te ve Dios.<\/p>\n\n\n\n<p>Una actitud positiva puede marcar la diferencia en tu vida. La actitud de agradecimiento debe estar en el primer plano de tus pensamientos.<\/p>\n\n\n\n<p>Respirar y relajarse es lo que Dios espera de ti. Quiere que disfrutes de la vida.<\/p>\n\n\n\n<p>Jes\u00fas era humilde, manso y sencillo. As\u00ed que mant\u00e9n la paz y tranquiliza tu alma, porque la batalla pertenece a Dios.<\/p>\n\n\n\n<p>Cuanta m\u00e1s paz sientas, m\u00e1s poder tendr\u00e1s. La tranquilidad es tener confianza en Dios. Es un estado de confort, libre de dificultades, libre de grandes esfuerzos, es una naturalidad.<\/p>\n\n\n\n<p>Reza siempre porque Dios puede hacer en un minuto todo lo que nosotros no podemos hacer en toda la vida.<\/p>\n\n\n\n<p><strong>Deja tu petici\u00f3n de oraci\u00f3n en los comentarios. \u00a1Dios est\u00e1 contigo! \u00a1Cree!<\/strong><\/p>","protected":false},"excerpt":{"rendered":"<p>Centra tus pensamientos en cosas buenas cuando vayas a realizar tu oraci\u00f3n para calmarte. <\/p>","protected":false},"author":1,"featured_media":422,"comment_status":"open","ping_status":"closed","sticky":false,"template":"","format":"standard","meta":{"neve_meta_sidebar":"","neve_meta_container":"","neve_meta_enable_content_width":"","neve_meta_content_width":0,"neve_meta_title_alignment":"","neve_meta_author_avatar":"","neve_post_elements_order":"","neve_meta_disable_header":"","neve_meta_disable_footer":"","neve_meta_disable_title":"","footnotes":""},"categories":[2],"tags":[19,20,16,17,18],"class_list":["post-138","post","type-post","status-publish","format-standard","has-post-thumbnail","hentry","category-oracao","tag-desfrutar-a-vida","tag-deus","tag-oracao","tag-paz","tag-tranquilidade"],"yoast_head":"<!-- This site is optimized with the Yoast SEO plugin v27.5 - https:\/\/yoast.com\/product\/yoast-seo-wordpress\/ -->\n<title>Ora\u00e7\u00e3o para acalmar - Ora\u00e7\u00e3o e F\u00e9<\/title>\n<meta name=\"description\" content=\"Foque seu pensamento em coisas boas quando for realizar sua ora\u00e7\u00e3o para acalmar. &quot;N\u00e3o temas, pois Eu sou contigo; n\u00e3o te assombres...\" \/>\n<meta name=\"robots\" content=\"index, follow, max-snippet:-1, max-image-preview:large, max-video-preview:-1\" \/>\n<link rel=\"canonical\" href=\"https:\/\/www.oracaoefe.com\/es\/oracion-tranquila\/\" \/>\n<meta property=\"og:locale\" content=\"es_ES\" \/>\n<meta property=\"og:type\" content=\"article\" \/>\n<meta property=\"og:title\" content=\"Ora\u00e7\u00e3o para acalmar - Ora\u00e7\u00e3o e F\u00e9\" \/>\n<meta property=\"og:description\" content=\"Foque seu pensamento em coisas boas quando for realizar sua ora\u00e7\u00e3o para acalmar. &quot;N\u00e3o temas, pois Eu sou contigo; n\u00e3o te assombres...\" \/>\n<meta property=\"og:url\" content=\"https:\/\/www.oracaoefe.com\/es\/oracion-tranquila\/\" \/>\n<meta property=\"og:site_name\" content=\"Ora\u00e7\u00e3o e F\u00e9\" \/>\n<meta property=\"article:published_time\" content=\"2022-09-20T23:33:56+00:00\" \/>\n<meta property=\"article:modified_time\" content=\"2022-09-26T00:41:18+00:00\" \/>\n<meta property=\"og:image\" content=\"https:\/\/www.oracaoefe.com\/wp-content\/uploads\/2022\/09\/Oracao-para-acalmar.jpg\" \/>\n\t<meta property=\"og:image:width\" content=\"1200\" \/>\n\t<meta property=\"og:image:height\" content=\"675\" \/>\n\t<meta property=\"og:image:type\" content=\"image\/jpeg\" \/>\n<meta name=\"author\" content=\"Maria\" \/>\n<meta name=\"twitter:card\" content=\"summary_large_image\" \/>\n<meta name=\"twitter:label1\" content=\"Escrito por\" \/>\n\t<meta name=\"twitter:data1\" content=\"Maria\" \/>\n\t<meta name=\"twitter:label2\" content=\"Tiempo de lectura\" \/>\n\t<meta name=\"twitter:data2\" content=\"3 minutos\" \/>\n<script type=\"application\/ld+json\" class=\"yoast-schema-graph\">{\"@context\":\"https:\\\/\\\/schema.org\",\"@graph\":[{\"@type\":\"Article\",\"@id\":\"https:\\\/\\\/www.oracaoefe.com\\\/es\\\/oracion-tranquila\\\/#article\",\"isPartOf\":{\"@id\":\"https:\\\/\\\/www.oracaoefe.com\\\/es\\\/oracion-tranquila\\\/\"},\"author\":{\"name\":\"Maria\",\"@id\":\"https:\\\/\\\/www.oracaoefe.com\\\/#\\\/schema\\\/person\\\/27873f1e6043866689f5091b5139f23d\"},\"headline\":\"Ora\u00e7\u00e3o para acalmar\",\"datePublished\":\"2022-09-20T23:33:56+00:00\",\"dateModified\":\"2022-09-26T00:41:18+00:00\",\"mainEntityOfPage\":{\"@id\":\"https:\\\/\\\/www.oracaoefe.com\\\/es\\\/oracion-tranquila\\\/\"},\"wordCount\":644,\"commentCount\":0,\"image\":{\"@id\":\"https:\\\/\\\/www.oracaoefe.com\\\/es\\\/oracion-tranquila\\\/#primaryimage\"},\"thumbnailUrl\":\"https:\\\/\\\/www.oracaoefe.com\\\/wp-content\\\/uploads\\\/2022\\\/09\\\/Oracao-para-acalmar.jpg\",\"keywords\":[\"desfrutar a vida\",\"Deus\",\"ora\u00e7\u00e3o\",\"paz\",\"tranquilidade\"],\"articleSection\":[\"Ora\u00e7\u00e3o\"],\"inLanguage\":\"es\",\"potentialAction\":[{\"@type\":\"CommentAction\",\"name\":\"Comment\",\"target\":[\"https:\\\/\\\/www.oracaoefe.com\\\/es\\\/oracion-tranquila\\\/#respond\"]}]},{\"@type\":\"WebPage\",\"@id\":\"https:\\\/\\\/www.oracaoefe.com\\\/es\\\/oracion-tranquila\\\/\",\"url\":\"https:\\\/\\\/www.oracaoefe.com\\\/es\\\/oracion-tranquila\\\/\",\"name\":\"Ora\u00e7\u00e3o para acalmar - Ora\u00e7\u00e3o e F\u00e9\",\"isPartOf\":{\"@id\":\"https:\\\/\\\/www.oracaoefe.com\\\/#website\"},\"primaryImageOfPage\":{\"@id\":\"https:\\\/\\\/www.oracaoefe.com\\\/es\\\/oracion-tranquila\\\/#primaryimage\"},\"image\":{\"@id\":\"https:\\\/\\\/www.oracaoefe.com\\\/es\\\/oracion-tranquila\\\/#primaryimage\"},\"thumbnailUrl\":\"https:\\\/\\\/www.oracaoefe.com\\\/wp-content\\\/uploads\\\/2022\\\/09\\\/Oracao-para-acalmar.jpg\",\"datePublished\":\"2022-09-20T23:33:56+00:00\",\"dateModified\":\"2022-09-26T00:41:18+00:00\",\"author\":{\"@id\":\"https:\\\/\\\/www.oracaoefe.com\\\/#\\\/schema\\\/person\\\/27873f1e6043866689f5091b5139f23d\"},\"description\":\"Foque seu pensamento em coisas boas quando for realizar sua ora\u00e7\u00e3o para acalmar. \\\"N\u00e3o temas, pois Eu sou contigo; n\u00e3o te assombres...\",\"breadcrumb\":{\"@id\":\"https:\\\/\\\/www.oracaoefe.com\\\/es\\\/oracion-tranquila\\\/#breadcrumb\"},\"inLanguage\":\"es\",\"potentialAction\":[{\"@type\":\"ReadAction\",\"target\":[\"https:\\\/\\\/www.oracaoefe.com\\\/es\\\/oracion-tranquila\\\/\"]}]},{\"@type\":\"ImageObject\",\"inLanguage\":\"es\",\"@id\":\"https:\\\/\\\/www.oracaoefe.com\\\/es\\\/oracion-tranquila\\\/#primaryimage\",\"url\":\"https:\\\/\\\/www.oracaoefe.com\\\/wp-content\\\/uploads\\\/2022\\\/09\\\/Oracao-para-acalmar.jpg\",\"contentUrl\":\"https:\\\/\\\/www.oracaoefe.com\\\/wp-content\\\/uploads\\\/2022\\\/09\\\/Oracao-para-acalmar.jpg\",\"width\":1200,\"height\":675,\"caption\":\"Ora\u00e7\u00e3o para acalmar\"},{\"@type\":\"BreadcrumbList\",\"@id\":\"https:\\\/\\\/www.oracaoefe.com\\\/es\\\/oracion-tranquila\\\/#breadcrumb\",\"itemListElement\":[{\"@type\":\"ListItem\",\"position\":1,\"name\":\"Home\",\"item\":\"https:\\\/\\\/www.oracaoefe.com\\\/\"},{\"@type\":\"ListItem\",\"position\":2,\"name\":\"Ora\u00e7\u00e3o\",\"item\":\"https:\\\/\\\/www.oracaoefe.com\\\/category\\\/oracao\\\/\"},{\"@type\":\"ListItem\",\"position\":3,\"name\":\"Ora\u00e7\u00e3o para acalmar\"}]},{\"@type\":\"WebSite\",\"@id\":\"https:\\\/\\\/www.oracaoefe.com\\\/#website\",\"url\":\"https:\\\/\\\/www.oracaoefe.com\\\/\",\"name\":\"Ora\u00e7\u00e3o e F\u00e9\",\"description\":\"\",\"potentialAction\":[{\"@type\":\"SearchAction\",\"target\":{\"@type\":\"EntryPoint\",\"urlTemplate\":\"https:\\\/\\\/www.oracaoefe.com\\\/?s={search_term_string}\"},\"query-input\":{\"@type\":\"PropertyValueSpecification\",\"valueRequired\":true,\"valueName\":\"search_term_string\"}}],\"inLanguage\":\"es\"},{\"@type\":\"Person\",\"@id\":\"https:\\\/\\\/www.oracaoefe.com\\\/#\\\/schema\\\/person\\\/27873f1e6043866689f5091b5139f23d\",\"name\":\"Maria\",\"image\":{\"@type\":\"ImageObject\",\"inLanguage\":\"es\",\"@id\":\"https:\\\/\\\/secure.gravatar.com\\\/avatar\\\/4cac5ea56d40d599bd7348d330a83b1c84cd229296d1613cd1c7f6740561d0c9?s=96&d=mm&r=g\",\"url\":\"https:\\\/\\\/secure.gravatar.com\\\/avatar\\\/4cac5ea56d40d599bd7348d330a83b1c84cd229296d1613cd1c7f6740561d0c9?s=96&d=mm&r=g\",\"contentUrl\":\"https:\\\/\\\/secure.gravatar.com\\\/avatar\\\/4cac5ea56d40d599bd7348d330a83b1c84cd229296d1613cd1c7f6740561d0c9?s=96&d=mm&r=g\",\"caption\":\"Maria\"},\"description\":\"Meu nome \u00e9 Maria. Sou apaixonada por teologia e escrevo sobre o mundo religioso h\u00e1 5 anos. Sou curiosa e pesquiso tudo sobre as religi\u00f5es mundo afora. Adoro pesquisar sobre as curiosidades que norteiam as mais variadas doutrinas em diferentes pa\u00edses e idiomas. Hoje, sou redatora e amo compartilhar meu conhecimento no portal Ora\u00e7\u00e3o e F\u00e9.\",\"sameAs\":[\"https:\\\/\\\/www.oracaoefe.com\"],\"url\":\"https:\\\/\\\/www.oracaoefe.com\\\/es\\\/author\\\/admin\\\/\"}]}<\/script>\n<!-- \/ Yoast SEO plugin. -->","yoast_head_json":{"title":"Oraci\u00f3n para calmarse - Oraci\u00f3n y fe","description":"Centra tus pensamientos en cosas buenas cuando vayas a realizar tu oraci\u00f3n para calmarte. \"No tem\u00e1is, porque yo estoy con vosotros; no os desanim\u00e9is....","robots":{"index":"index","follow":"follow","max-snippet":"max-snippet:-1","max-image-preview":"max-image-preview:large","max-video-preview":"max-video-preview:-1"},"canonical":"https:\/\/www.oracaoefe.com\/es\/oracion-tranquila\/","og_locale":"es_ES","og_type":"article","og_title":"Ora\u00e7\u00e3o para acalmar - Ora\u00e7\u00e3o e F\u00e9","og_description":"Foque seu pensamento em coisas boas quando for realizar sua ora\u00e7\u00e3o para acalmar. \"N\u00e3o temas, pois Eu sou contigo; n\u00e3o te assombres...","og_url":"https:\/\/www.oracaoefe.com\/es\/oracion-tranquila\/","og_site_name":"Ora\u00e7\u00e3o e F\u00e9","article_published_time":"2022-09-20T23:33:56+00:00","article_modified_time":"2022-09-26T00:41:18+00:00","og_image":[{"width":1200,"height":675,"url":"https:\/\/www.oracaoefe.com\/wp-content\/uploads\/2022\/09\/Oracao-para-acalmar.jpg","type":"image\/jpeg"}],"author":"Maria","twitter_card":"summary_large_image","twitter_misc":{"Escrito por":"Maria","Tiempo de lectura":"3 minutos"},"schema":{"@context":"https:\/\/schema.org","@graph":[{"@type":"Article","@id":"https:\/\/www.oracaoefe.com\/es\/oracion-tranquila\/#article","isPartOf":{"@id":"https:\/\/www.oracaoefe.com\/es\/oracion-tranquila\/"},"author":{"name":"Maria","@id":"https:\/\/www.oracaoefe.com\/#\/schema\/person\/27873f1e6043866689f5091b5139f23d"},"headline":"Ora\u00e7\u00e3o para acalmar","datePublished":"2022-09-20T23:33:56+00:00","dateModified":"2022-09-26T00:41:18+00:00","mainEntityOfPage":{"@id":"https:\/\/www.oracaoefe.com\/es\/oracion-tranquila\/"},"wordCount":644,"commentCount":0,"image":{"@id":"https:\/\/www.oracaoefe.com\/es\/oracion-tranquila\/#primaryimage"},"thumbnailUrl":"https:\/\/www.oracaoefe.com\/wp-content\/uploads\/2022\/09\/Oracao-para-acalmar.jpg","keywords":["desfrutar a vida","Deus","ora\u00e7\u00e3o","paz","tranquilidade"],"articleSection":["Ora\u00e7\u00e3o"],"inLanguage":"es","potentialAction":[{"@type":"CommentAction","name":"Comment","target":["https:\/\/www.oracaoefe.com\/es\/oracion-tranquila\/#respond"]}]},{"@type":"WebPage","@id":"https:\/\/www.oracaoefe.com\/es\/oracion-tranquila\/","url":"https:\/\/www.oracaoefe.com\/es\/oracion-tranquila\/","name":"Oraci\u00f3n para calmarse - Oraci\u00f3n y fe","isPartOf":{"@id":"https:\/\/www.oracaoefe.com\/#website"},"primaryImageOfPage":{"@id":"https:\/\/www.oracaoefe.com\/es\/oracion-tranquila\/#primaryimage"},"image":{"@id":"https:\/\/www.oracaoefe.com\/es\/oracion-tranquila\/#primaryimage"},"thumbnailUrl":"https:\/\/www.oracaoefe.com\/wp-content\/uploads\/2022\/09\/Oracao-para-acalmar.jpg","datePublished":"2022-09-20T23:33:56+00:00","dateModified":"2022-09-26T00:41:18+00:00","author":{"@id":"https:\/\/www.oracaoefe.com\/#\/schema\/person\/27873f1e6043866689f5091b5139f23d"},"description":"Centra tus pensamientos en cosas buenas cuando vayas a realizar tu oraci\u00f3n para calmarte. \"No tem\u00e1is, porque yo estoy con vosotros; no os desanim\u00e9is....","breadcrumb":{"@id":"https:\/\/www.oracaoefe.com\/es\/oracion-tranquila\/#breadcrumb"},"inLanguage":"es","potentialAction":[{"@type":"ReadAction","target":["https:\/\/www.oracaoefe.com\/es\/oracion-tranquila\/"]}]},{"@type":"ImageObject","inLanguage":"es","@id":"https:\/\/www.oracaoefe.com\/es\/oracion-tranquila\/#primaryimage","url":"https:\/\/www.oracaoefe.com\/wp-content\/uploads\/2022\/09\/Oracao-para-acalmar.jpg","contentUrl":"https:\/\/www.oracaoefe.com\/wp-content\/uploads\/2022\/09\/Oracao-para-acalmar.jpg","width":1200,"height":675,"caption":"Ora\u00e7\u00e3o para acalmar"},{"@type":"BreadcrumbList","@id":"https:\/\/www.oracaoefe.com\/es\/oracion-tranquila\/#breadcrumb","itemListElement":[{"@type":"ListItem","position":1,"name":"Home","item":"https:\/\/www.oracaoefe.com\/"},{"@type":"ListItem","position":2,"name":"Ora\u00e7\u00e3o","item":"https:\/\/www.oracaoefe.com\/category\/oracao\/"},{"@type":"ListItem","position":3,"name":"Ora\u00e7\u00e3o para acalmar"}]},{"@type":"WebSite","@id":"https:\/\/www.oracaoefe.com\/#website","url":"https:\/\/www.oracaoefe.com\/","name":"Oraci\u00f3n y fe","description":"","potentialAction":[{"@type":"SearchAction","target":{"@type":"EntryPoint","urlTemplate":"https:\/\/www.oracaoefe.com\/?s={search_term_string}"},"query-input":{"@type":"PropertyValueSpecification","valueRequired":true,"valueName":"search_term_string"}}],"inLanguage":"es"},{"@type":"Person","@id":"https:\/\/www.oracaoefe.com\/#\/schema\/person\/27873f1e6043866689f5091b5139f23d","name":"Mar\u00eda","image":{"@type":"ImageObject","inLanguage":"es","@id":"https:\/\/secure.gravatar.com\/avatar\/4cac5ea56d40d599bd7348d330a83b1c84cd229296d1613cd1c7f6740561d0c9?s=96&d=mm&r=g","url":"https:\/\/secure.gravatar.com\/avatar\/4cac5ea56d40d599bd7348d330a83b1c84cd229296d1613cd1c7f6740561d0c9?s=96&d=mm&r=g","contentUrl":"https:\/\/secure.gravatar.com\/avatar\/4cac5ea56d40d599bd7348d330a83b1c84cd229296d1613cd1c7f6740561d0c9?s=96&d=mm&r=g","caption":"Maria"},"description":"Me llamo Mar\u00eda. Me apasiona la teolog\u00eda y llevo 5 a\u00f1os escribiendo sobre el mundo religioso. Soy curioso e investigo todo sobre las religiones del mundo. Me encanta investigar las curiosidades que gu\u00edan las m\u00e1s variadas doctrinas en diferentes pa\u00edses y lenguas. Hoy en d\u00eda, soy editora y me encanta compartir mis conocimientos en el portal Oraci\u00f3n y Fe.","sameAs":["https:\/\/www.oracaoefe.com"],"url":"https:\/\/www.oracaoefe.com\/es\/author\/admin\/"}]}},"_links":{"self":[{"href":"https:\/\/www.oracaoefe.com\/es\/wp-json\/wp\/v2\/posts\/138","targetHints":{"allow":["GET"]}}],"collection":[{"href":"https:\/\/www.oracaoefe.com\/es\/wp-json\/wp\/v2\/posts"}],"about":[{"href":"https:\/\/www.oracaoefe.com\/es\/wp-json\/wp\/v2\/types\/post"}],"author":[{"embeddable":true,"href":"https:\/\/www.oracaoefe.com\/es\/wp-json\/wp\/v2\/users\/1"}],"replies":[{"embeddable":true,"href":"https:\/\/www.oracaoefe.com\/es\/wp-json\/wp\/v2\/comments?post=138"}],"version-history":[{"count":3,"href":"https:\/\/www.oracaoefe.com\/es\/wp-json\/wp\/v2\/posts\/138\/revisions"}],"predecessor-version":[{"id":423,"href":"https:\/\/www.oracaoefe.com\/es\/wp-json\/wp\/v2\/posts\/138\/revisions\/423"}],"wp:featuredmedia":[{"embeddable":true,"href":"https:\/\/www.oracaoefe.com\/es\/wp-json\/wp\/v2\/media\/422"}],"wp:attachment":[{"href":"https:\/\/www.oracaoefe.com\/es\/wp-json\/wp\/v2\/media?parent=138"}],"wp:term":[{"taxonomy":"category","embeddable":true,"href":"https:\/\/www.oracaoefe.com\/es\/wp-json\/wp\/v2\/categories?post=138"},{"taxonomy":"post_tag","embeddable":true,"href":"https:\/\/www.oracaoefe.com\/es\/wp-json\/wp\/v2\/tags?post=138"}],"curies":[{"name":"wp","href":"https:\/\/api.w.org\/{rel}","templated":true}]}}