{"id":527,"date":"2022-09-29T12:29:00","date_gmt":"2022-09-29T15:29:00","guid":{"rendered":"https:\/\/www.oracaoefe.com\/?p=527"},"modified":"2025-06-15T15:17:27","modified_gmt":"2025-06-15T18:17:27","slug":"god-if-you-care-for-your-good","status":"publish","type":"post","link":"https:\/\/www.oracaoefe.com\/en\/deus-se-importa-com-voce-para-o-seu-bem\/","title":{"rendered":"God cares about you for your good"},"content":{"rendered":"<div class=\"wp-block-post-date\"><time datetime=\"2022-09-29T12:29:00-03:00\">September 29, 2022<\/time><\/div>\n\n\n<p>Deus dotou nosso corpo com a extraordin\u00e1ria capacidade de curar. Quando uma pessoa saud\u00e1vel se corta, se co\u00e7a ou se pica, seu corpo \u201ccomanda uma s\u00e9rie de rea\u00e7\u00f5es destinadas a curar feridas, grandes ou pequenas\u201d (Johns Hopkins Medicine). O corpo imediatamente entra em a\u00e7\u00e3o para parar o sangramento, dilatar os vasos sangu\u00edneos, reparar a les\u00e3o e fortalecer os tecidos.<\/p>\n\n\n\n<p>Se o Criador nos fez corpos capazes de curar feridas f\u00edsicas, n\u00e3o podemos confiar em Sua promessa de nos ajudar a nos recuperar de feridas emocionais tamb\u00e9m? \u201cEle cura os quebrantados de cora\u00e7\u00e3o\u201d, escreveu o salmista; ele cura as suas feridas\u201d (Sl 147:3). Mas se voc\u00ea est\u00e1 sofrendo emocionalmente por causa de uma situa\u00e7\u00e3o passada ou presente, como pode ter certeza de que Jeov\u00e1 curar\u00e1 suas feridas \u2014 agora e no futuro?<\/p>\n\n\n\n<h2 class=\"wp-block-heading\">O que a B\u00edblia ensina sobre o amor de Deus?<\/h2>\n\n\n\n<p>Deus promete: \u201cN\u00e3o tenha medo, pois estou com voc\u00ea. N\u00e3o se preocupe, porque eu sou o seu Deus. Eu vou te fazer forte. Sim, eu o ajudarei\u201d (Isa\u00edas 41:10). Quem sabe que Jeov\u00e1 se importa com eles fica tranquilo e encontra for\u00e7as para enfrentar v\u00e1rias dificuldades.<\/p>\n\n\n\n<p>Essa calma interior foi chamada pelo ap\u00f3stolo Paulo de \u201cpaz de Deus, que excede tudo o que pode ser entendido\u201d. Paulo acrescentou: \u201cEm todas as coisas tenho for\u00e7a naquele que me d\u00e1 poder\u201d (Filipenses 4:4-7, 9, 13).<\/p>\n\n\n\n<p>A B\u00edblia nos d\u00e1 f\u00e9 nas promessas de Jeov\u00e1 sobre o futuro. Por exemplo, Apocalipse 21:4, 5 nos diz o que Ele far\u00e1 e por que podemos ter certeza de que Ele o far\u00e1:<\/p>\n\n\n\n<p>\u201cEle enxugar\u00e1 toda l\u00e1grima\u201d de nossos olhos. Jeov\u00e1 eliminar\u00e1 todos os nossos sofrimentos e preocupa\u00e7\u00f5es, mesmo aqueles que parecem insignificantes para os outros.<\/p>\n\n\n\n<p>\u201cSentado no trono\u201d em sua gl\u00f3ria celestial, o Rei Todo-Poderoso de toda a cria\u00e7\u00e3o exercer\u00e1 seu poder e autoridade para evitar o sofrimento e nos trazer a ajuda de que precisamos.<\/p>\n\n\n\n<p>Jeov\u00e1 nos garante que suas promessas s\u00e3o \u201cconfi\u00e1veis \u200b\u200be verdadeiras\u201d. De fato, para garantir que os alcan\u00e7ar\u00e1, ele est\u00e1 arriscando sua reputa\u00e7\u00e3o como o verdadeiro Deus.<\/p>\n\n\n\n<p>\u201c'Ele enxugar\u00e1 de seus olhos toda l\u00e1grima, e n\u00e3o haver\u00e1 mais morte; n\u00e3o haver\u00e1 mais luto, nem choro, nem dor. As coisas antigas se foram.\u201d<\/p>\n\n\n\n<p>E aquele que est\u00e1 sentado no trono disse: \u201cOlha! Estou fazendo todas as coisas novas.\u201d Ele acrescentou: &#8216;Escreve, porque estas palavras s\u00e3o fidedignas e verdadeiras'\u201d (Apocalipse 21:4, 5).<\/p>\n\n\n\n<p>Tanto o universo f\u00edsico quanto a B\u00edblia revelam a personalidade e os atributos de nosso Pai Celestial. A cria\u00e7\u00e3o \u00e9 um convite impl\u00edcito para conhecer a Deus como um Amigo \u00cdntimo, mas a B\u00edblia torna esse convite expl\u00edcito, dizendo: \u201cChegai-vos a Deus, e ele se chegar\u00e1 a v\u00f3s\u201d (Tg 4:8). Atos 17:27 declara: \u201cEle n\u00e3o [est\u00e1] longe de cada um de n\u00f3s.&nbsp;<\/p>\n\n\n\n<p>Ao reservar um tempo para conhecer a Deus, voc\u00ea passar\u00e1 a acreditar que \u201cEle se importa com voc\u00ea\u201d (Pedro 5:7). Que benef\u00edcios pr\u00e1ticos essa confian\u00e7a em Jeov\u00e1 traz?<\/p>\n\n\n\n<p>Considere o caso de Toru, do Jap\u00e3o. Embora criado por uma m\u00e3e crist\u00e3, Toru entrou no mundo violento da yakuza, a m\u00e1fia japonesa.&nbsp;<\/p>\n\n\n\n<p>Ele diz: \u201cAcreditava que Deus me odiava e achava que a morte das pessoas ao meu redor, especialmente aquelas que me eram muito queridas, era meu castigo. Toru admite que esse ambiente e mentalidade destrutivos o tornaram &#8220;uma pessoa sem cora\u00e7\u00e3o e insens\u00edvel&#8221;.&nbsp;<\/p>\n\n\n\n<p>Ele tinha uma ambi\u00e7\u00e3o: \u201cEu queria morrer jovem depois de ter matado algu\u00e9m mais conhecido do que eu, e assim me tornar famoso.&nbsp;<\/p>\n\n\n\n<p>No entanto, estudando a B\u00edblia com sua esposa, Hannah, a vida e a mentalidade de Toru mudaram drasticamente. \u201cMeu marido mudou de vis\u00e3o&#8221;, diz Hannah. Hoje, Toru afirma com confian\u00e7a: \u201cExiste um Deus que realmente se importa com cada um de n\u00f3s.&nbsp;<\/p>\n\n\n\n<p>Ele n\u00e3o quer que ningu\u00e9m morra e est\u00e1 pronto para perdoar aqueles que realmente se arrependem de seus pecados.&nbsp;<\/p>\n\n\n\n<p>Ele ouve coisas que ningu\u00e9m mais pode ouvir e que ningu\u00e9m mais entenderia. Em breve, Jeov\u00e1 eliminar\u00e1 todos os problemas, todos os sofrimentos e todas as ansiedades.&nbsp;<\/p>\n\n\n\n<p>\u201cJ\u00e1 agora ele est\u00e1 nos ajudando de maneiras muito inesperadas. Ele est\u00e1 interessado em n\u00f3s e nos tira da depress\u00e3o\u201d (Salmo 136:23).<\/p>\n","protected":false},"excerpt":{"rendered":"<p>God has endowed our bodies with the extraordinary ability to heal. When a healthy person cuts, scratches or stings themselves, their body...<\/p>","protected":false},"author":1,"featured_media":554,"comment_status":"open","ping_status":"closed","sticky":false,"template":"","format":"standard","meta":{"neve_meta_sidebar":"","neve_meta_container":"","neve_meta_enable_content_width":"","neve_meta_content_width":0,"neve_meta_title_alignment":"","neve_meta_author_avatar":"","neve_post_elements_order":"","neve_meta_disable_header":"","neve_meta_disable_footer":"","neve_meta_disable_title":"","footnotes":""},"categories":[3],"tags":[20,120],"class_list":["post-527","post","type-post","status-publish","format-standard","has-post-thumbnail","hentry","category-fe","tag-deus","tag-deus-se-importa-com-voce"],"yoast_head":"<!-- This site is optimized with the Yoast SEO plugin v27.5 - https:\/\/yoast.com\/product\/yoast-seo-wordpress\/ -->\n<title>Deus se importa com voc\u00ea para o seu bem - Ora\u00e7\u00e3o e F\u00e9<\/title>\n<meta name=\"description\" content=\"Deus dotou nosso corpo com a extraordin\u00e1ria capacidade de curar. Quando uma pessoa saud\u00e1vel se corta, se co\u00e7a ou se pica, seu corpo...\" \/>\n<meta name=\"robots\" content=\"index, follow, max-snippet:-1, max-image-preview:large, max-video-preview:-1\" \/>\n<link rel=\"canonical\" href=\"https:\/\/www.oracaoefe.com\/en\/god-if-you-care-for-your-good\/\" \/>\n<meta property=\"og:locale\" content=\"en_US\" \/>\n<meta property=\"og:type\" content=\"article\" \/>\n<meta property=\"og:title\" content=\"Deus se importa com voc\u00ea para o seu bem - Ora\u00e7\u00e3o e F\u00e9\" \/>\n<meta property=\"og:description\" content=\"Deus dotou nosso corpo com a extraordin\u00e1ria capacidade de curar. Quando uma pessoa saud\u00e1vel se corta, se co\u00e7a ou se pica, seu corpo...\" \/>\n<meta property=\"og:url\" content=\"https:\/\/www.oracaoefe.com\/en\/god-if-you-care-for-your-good\/\" \/>\n<meta property=\"og:site_name\" content=\"Ora\u00e7\u00e3o e F\u00e9\" \/>\n<meta property=\"article:published_time\" content=\"2022-09-29T15:29:00+00:00\" \/>\n<meta property=\"article:modified_time\" content=\"2025-06-15T18:17:27+00:00\" \/>\n<meta property=\"og:image\" content=\"https:\/\/www.oracaoefe.com\/wp-content\/uploads\/2022\/09\/Deus-se-importa-com-voce-para-o-seu-bem.jpg\" \/>\n\t<meta property=\"og:image:width\" content=\"1200\" \/>\n\t<meta property=\"og:image:height\" content=\"675\" \/>\n\t<meta property=\"og:image:type\" content=\"image\/jpeg\" \/>\n<meta name=\"author\" content=\"Maria\" \/>\n<meta name=\"twitter:card\" content=\"summary_large_image\" \/>\n<meta name=\"twitter:label1\" content=\"Written by\" \/>\n\t<meta name=\"twitter:data1\" content=\"Maria\" \/>\n\t<meta name=\"twitter:label2\" content=\"Est. reading time\" \/>\n\t<meta name=\"twitter:data2\" content=\"4 minutes\" \/>\n<script type=\"application\/ld+json\" class=\"yoast-schema-graph\">{\"@context\":\"https:\\\/\\\/schema.org\",\"@graph\":[{\"@type\":\"Article\",\"@id\":\"https:\\\/\\\/www.oracaoefe.com\\\/deus-se-importa-com-voce-para-o-seu-bem\\\/#article\",\"isPartOf\":{\"@id\":\"https:\\\/\\\/www.oracaoefe.com\\\/deus-se-importa-com-voce-para-o-seu-bem\\\/\"},\"author\":{\"name\":\"Maria\",\"@id\":\"https:\\\/\\\/www.oracaoefe.com\\\/#\\\/schema\\\/person\\\/27873f1e6043866689f5091b5139f23d\"},\"headline\":\"Deus se importa com voc\u00ea para o seu bem\",\"datePublished\":\"2022-09-29T15:29:00+00:00\",\"dateModified\":\"2025-06-15T18:17:27+00:00\",\"mainEntityOfPage\":{\"@id\":\"https:\\\/\\\/www.oracaoefe.com\\\/deus-se-importa-com-voce-para-o-seu-bem\\\/\"},\"wordCount\":745,\"commentCount\":0,\"image\":{\"@id\":\"https:\\\/\\\/www.oracaoefe.com\\\/deus-se-importa-com-voce-para-o-seu-bem\\\/#primaryimage\"},\"thumbnailUrl\":\"https:\\\/\\\/www.oracaoefe.com\\\/wp-content\\\/uploads\\\/2022\\\/09\\\/Deus-se-importa-com-voce-para-o-seu-bem.jpg\",\"keywords\":[\"Deus\",\"Deus se importa com voc\u00ea\"],\"articleSection\":[\"F\u00e9\"],\"inLanguage\":\"en-US\",\"potentialAction\":[{\"@type\":\"CommentAction\",\"name\":\"Comment\",\"target\":[\"https:\\\/\\\/www.oracaoefe.com\\\/deus-se-importa-com-voce-para-o-seu-bem\\\/#respond\"]}]},{\"@type\":\"WebPage\",\"@id\":\"https:\\\/\\\/www.oracaoefe.com\\\/deus-se-importa-com-voce-para-o-seu-bem\\\/\",\"url\":\"https:\\\/\\\/www.oracaoefe.com\\\/deus-se-importa-com-voce-para-o-seu-bem\\\/\",\"name\":\"Deus se importa com voc\u00ea para o seu bem - Ora\u00e7\u00e3o e F\u00e9\",\"isPartOf\":{\"@id\":\"https:\\\/\\\/www.oracaoefe.com\\\/#website\"},\"primaryImageOfPage\":{\"@id\":\"https:\\\/\\\/www.oracaoefe.com\\\/deus-se-importa-com-voce-para-o-seu-bem\\\/#primaryimage\"},\"image\":{\"@id\":\"https:\\\/\\\/www.oracaoefe.com\\\/deus-se-importa-com-voce-para-o-seu-bem\\\/#primaryimage\"},\"thumbnailUrl\":\"https:\\\/\\\/www.oracaoefe.com\\\/wp-content\\\/uploads\\\/2022\\\/09\\\/Deus-se-importa-com-voce-para-o-seu-bem.jpg\",\"datePublished\":\"2022-09-29T15:29:00+00:00\",\"dateModified\":\"2025-06-15T18:17:27+00:00\",\"author\":{\"@id\":\"https:\\\/\\\/www.oracaoefe.com\\\/#\\\/schema\\\/person\\\/27873f1e6043866689f5091b5139f23d\"},\"description\":\"Deus dotou nosso corpo com a extraordin\u00e1ria capacidade de curar. Quando uma pessoa saud\u00e1vel se corta, se co\u00e7a ou se pica, seu corpo...\",\"breadcrumb\":{\"@id\":\"https:\\\/\\\/www.oracaoefe.com\\\/deus-se-importa-com-voce-para-o-seu-bem\\\/#breadcrumb\"},\"inLanguage\":\"en-US\",\"potentialAction\":[{\"@type\":\"ReadAction\",\"target\":[\"https:\\\/\\\/www.oracaoefe.com\\\/deus-se-importa-com-voce-para-o-seu-bem\\\/\"]}]},{\"@type\":\"ImageObject\",\"inLanguage\":\"en-US\",\"@id\":\"https:\\\/\\\/www.oracaoefe.com\\\/deus-se-importa-com-voce-para-o-seu-bem\\\/#primaryimage\",\"url\":\"https:\\\/\\\/www.oracaoefe.com\\\/wp-content\\\/uploads\\\/2022\\\/09\\\/Deus-se-importa-com-voce-para-o-seu-bem.jpg\",\"contentUrl\":\"https:\\\/\\\/www.oracaoefe.com\\\/wp-content\\\/uploads\\\/2022\\\/09\\\/Deus-se-importa-com-voce-para-o-seu-bem.jpg\",\"width\":1200,\"height\":675,\"caption\":\"Deus se importa com voc\u00ea para o seu bem\"},{\"@type\":\"BreadcrumbList\",\"@id\":\"https:\\\/\\\/www.oracaoefe.com\\\/deus-se-importa-com-voce-para-o-seu-bem\\\/#breadcrumb\",\"itemListElement\":[{\"@type\":\"ListItem\",\"position\":1,\"name\":\"Home\",\"item\":\"https:\\\/\\\/www.oracaoefe.com\\\/\"},{\"@type\":\"ListItem\",\"position\":2,\"name\":\"Deus se importa com voc\u00ea para o seu bem\"}]},{\"@type\":\"WebSite\",\"@id\":\"https:\\\/\\\/www.oracaoefe.com\\\/#website\",\"url\":\"https:\\\/\\\/www.oracaoefe.com\\\/\",\"name\":\"Ora\u00e7\u00e3o e F\u00e9\",\"description\":\"\",\"potentialAction\":[{\"@type\":\"SearchAction\",\"target\":{\"@type\":\"EntryPoint\",\"urlTemplate\":\"https:\\\/\\\/www.oracaoefe.com\\\/?s={search_term_string}\"},\"query-input\":{\"@type\":\"PropertyValueSpecification\",\"valueRequired\":true,\"valueName\":\"search_term_string\"}}],\"inLanguage\":\"en-US\"},{\"@type\":\"Person\",\"@id\":\"https:\\\/\\\/www.oracaoefe.com\\\/#\\\/schema\\\/person\\\/27873f1e6043866689f5091b5139f23d\",\"name\":\"Maria\",\"image\":{\"@type\":\"ImageObject\",\"inLanguage\":\"en-US\",\"@id\":\"https:\\\/\\\/secure.gravatar.com\\\/avatar\\\/4cac5ea56d40d599bd7348d330a83b1c84cd229296d1613cd1c7f6740561d0c9?s=96&d=mm&r=g\",\"url\":\"https:\\\/\\\/secure.gravatar.com\\\/avatar\\\/4cac5ea56d40d599bd7348d330a83b1c84cd229296d1613cd1c7f6740561d0c9?s=96&d=mm&r=g\",\"contentUrl\":\"https:\\\/\\\/secure.gravatar.com\\\/avatar\\\/4cac5ea56d40d599bd7348d330a83b1c84cd229296d1613cd1c7f6740561d0c9?s=96&d=mm&r=g\",\"caption\":\"Maria\"},\"description\":\"Meu nome \u00e9 Maria. Sou apaixonada por teologia e escrevo sobre o mundo religioso h\u00e1 5 anos. Sou curiosa e pesquiso tudo sobre as religi\u00f5es mundo afora. Adoro pesquisar sobre as curiosidades que norteiam as mais variadas doutrinas em diferentes pa\u00edses e idiomas. Hoje, sou redatora e amo compartilhar meu conhecimento no portal Ora\u00e7\u00e3o e F\u00e9.\",\"sameAs\":[\"https:\\\/\\\/www.oracaoefe.com\"],\"url\":\"https:\\\/\\\/www.oracaoefe.com\\\/en\\\/author\\\/admin\\\/\"}]}<\/script>\n<!-- \/ Yoast SEO plugin. -->","yoast_head_json":{"title":"God Cares for Your Good - Prayer and Faith","description":"God has endowed our body with the extraordinary ability to heal. When a healthy person cuts, scratches, or pricks himself, his body...","robots":{"index":"index","follow":"follow","max-snippet":"max-snippet:-1","max-image-preview":"max-image-preview:large","max-video-preview":"max-video-preview:-1"},"canonical":"https:\/\/www.oracaoefe.com\/en\/god-if-you-care-for-your-good\/","og_locale":"en_US","og_type":"article","og_title":"Deus se importa com voc\u00ea para o seu bem - Ora\u00e7\u00e3o e F\u00e9","og_description":"Deus dotou nosso corpo com a extraordin\u00e1ria capacidade de curar. Quando uma pessoa saud\u00e1vel se corta, se co\u00e7a ou se pica, seu corpo...","og_url":"https:\/\/www.oracaoefe.com\/en\/god-if-you-care-for-your-good\/","og_site_name":"Ora\u00e7\u00e3o e F\u00e9","article_published_time":"2022-09-29T15:29:00+00:00","article_modified_time":"2025-06-15T18:17:27+00:00","og_image":[{"width":1200,"height":675,"url":"https:\/\/www.oracaoefe.com\/wp-content\/uploads\/2022\/09\/Deus-se-importa-com-voce-para-o-seu-bem.jpg","type":"image\/jpeg"}],"author":"Maria","twitter_card":"summary_large_image","twitter_misc":{"Written by":"Maria","Est. reading time":"4 minutes"},"schema":{"@context":"https:\/\/schema.org","@graph":[{"@type":"Article","@id":"https:\/\/www.oracaoefe.com\/deus-se-importa-com-voce-para-o-seu-bem\/#article","isPartOf":{"@id":"https:\/\/www.oracaoefe.com\/deus-se-importa-com-voce-para-o-seu-bem\/"},"author":{"name":"Maria","@id":"https:\/\/www.oracaoefe.com\/#\/schema\/person\/27873f1e6043866689f5091b5139f23d"},"headline":"Deus se importa com voc\u00ea para o seu bem","datePublished":"2022-09-29T15:29:00+00:00","dateModified":"2025-06-15T18:17:27+00:00","mainEntityOfPage":{"@id":"https:\/\/www.oracaoefe.com\/deus-se-importa-com-voce-para-o-seu-bem\/"},"wordCount":745,"commentCount":0,"image":{"@id":"https:\/\/www.oracaoefe.com\/deus-se-importa-com-voce-para-o-seu-bem\/#primaryimage"},"thumbnailUrl":"https:\/\/www.oracaoefe.com\/wp-content\/uploads\/2022\/09\/Deus-se-importa-com-voce-para-o-seu-bem.jpg","keywords":["Deus","Deus se importa com voc\u00ea"],"articleSection":["F\u00e9"],"inLanguage":"en-US","potentialAction":[{"@type":"CommentAction","name":"Comment","target":["https:\/\/www.oracaoefe.com\/deus-se-importa-com-voce-para-o-seu-bem\/#respond"]}]},{"@type":"WebPage","@id":"https:\/\/www.oracaoefe.com\/deus-se-importa-com-voce-para-o-seu-bem\/","url":"https:\/\/www.oracaoefe.com\/deus-se-importa-com-voce-para-o-seu-bem\/","name":"God Cares for Your Good - Prayer and Faith","isPartOf":{"@id":"https:\/\/www.oracaoefe.com\/#website"},"primaryImageOfPage":{"@id":"https:\/\/www.oracaoefe.com\/deus-se-importa-com-voce-para-o-seu-bem\/#primaryimage"},"image":{"@id":"https:\/\/www.oracaoefe.com\/deus-se-importa-com-voce-para-o-seu-bem\/#primaryimage"},"thumbnailUrl":"https:\/\/www.oracaoefe.com\/wp-content\/uploads\/2022\/09\/Deus-se-importa-com-voce-para-o-seu-bem.jpg","datePublished":"2022-09-29T15:29:00+00:00","dateModified":"2025-06-15T18:17:27+00:00","author":{"@id":"https:\/\/www.oracaoefe.com\/#\/schema\/person\/27873f1e6043866689f5091b5139f23d"},"description":"God has endowed our body with the extraordinary ability to heal. When a healthy person cuts, scratches, or pricks himself, his body...","breadcrumb":{"@id":"https:\/\/www.oracaoefe.com\/deus-se-importa-com-voce-para-o-seu-bem\/#breadcrumb"},"inLanguage":"en-US","potentialAction":[{"@type":"ReadAction","target":["https:\/\/www.oracaoefe.com\/deus-se-importa-com-voce-para-o-seu-bem\/"]}]},{"@type":"ImageObject","inLanguage":"en-US","@id":"https:\/\/www.oracaoefe.com\/deus-se-importa-com-voce-para-o-seu-bem\/#primaryimage","url":"https:\/\/www.oracaoefe.com\/wp-content\/uploads\/2022\/09\/Deus-se-importa-com-voce-para-o-seu-bem.jpg","contentUrl":"https:\/\/www.oracaoefe.com\/wp-content\/uploads\/2022\/09\/Deus-se-importa-com-voce-para-o-seu-bem.jpg","width":1200,"height":675,"caption":"Deus se importa com voc\u00ea para o seu bem"},{"@type":"BreadcrumbList","@id":"https:\/\/www.oracaoefe.com\/deus-se-importa-com-voce-para-o-seu-bem\/#breadcrumb","itemListElement":[{"@type":"ListItem","position":1,"name":"Home","item":"https:\/\/www.oracaoefe.com\/"},{"@type":"ListItem","position":2,"name":"Deus se importa com voc\u00ea para o seu bem"}]},{"@type":"WebSite","@id":"https:\/\/www.oracaoefe.com\/#website","url":"https:\/\/www.oracaoefe.com\/","name":"Prayer and Faith","description":"","potentialAction":[{"@type":"SearchAction","target":{"@type":"EntryPoint","urlTemplate":"https:\/\/www.oracaoefe.com\/?s={search_term_string}"},"query-input":{"@type":"PropertyValueSpecification","valueRequired":true,"valueName":"search_term_string"}}],"inLanguage":"en-US"},{"@type":"Person","@id":"https:\/\/www.oracaoefe.com\/#\/schema\/person\/27873f1e6043866689f5091b5139f23d","name":"Maria","image":{"@type":"ImageObject","inLanguage":"en-US","@id":"https:\/\/secure.gravatar.com\/avatar\/4cac5ea56d40d599bd7348d330a83b1c84cd229296d1613cd1c7f6740561d0c9?s=96&d=mm&r=g","url":"https:\/\/secure.gravatar.com\/avatar\/4cac5ea56d40d599bd7348d330a83b1c84cd229296d1613cd1c7f6740561d0c9?s=96&d=mm&r=g","contentUrl":"https:\/\/secure.gravatar.com\/avatar\/4cac5ea56d40d599bd7348d330a83b1c84cd229296d1613cd1c7f6740561d0c9?s=96&d=mm&r=g","caption":"Maria"},"description":"My name is Maria. I am passionate about theology and I have been writing about the religious world for 5 years. I am curious and research everything about the religions around the world. I love researching the curiosities that guide the most varied doctrines in different countries and languages. Today, I am an editor and I love to share my knowledge on the portal Prayer and Faith.","sameAs":["https:\/\/www.oracaoefe.com"],"url":"https:\/\/www.oracaoefe.com\/en\/author\/admin\/"}]}},"_links":{"self":[{"href":"https:\/\/www.oracaoefe.com\/en\/wp-json\/wp\/v2\/posts\/527","targetHints":{"allow":["GET"]}}],"collection":[{"href":"https:\/\/www.oracaoefe.com\/en\/wp-json\/wp\/v2\/posts"}],"about":[{"href":"https:\/\/www.oracaoefe.com\/en\/wp-json\/wp\/v2\/types\/post"}],"author":[{"embeddable":true,"href":"https:\/\/www.oracaoefe.com\/en\/wp-json\/wp\/v2\/users\/1"}],"replies":[{"embeddable":true,"href":"https:\/\/www.oracaoefe.com\/en\/wp-json\/wp\/v2\/comments?post=527"}],"version-history":[{"count":1,"href":"https:\/\/www.oracaoefe.com\/en\/wp-json\/wp\/v2\/posts\/527\/revisions"}],"predecessor-version":[{"id":528,"href":"https:\/\/www.oracaoefe.com\/en\/wp-json\/wp\/v2\/posts\/527\/revisions\/528"}],"wp:featuredmedia":[{"embeddable":true,"href":"https:\/\/www.oracaoefe.com\/en\/wp-json\/wp\/v2\/media\/554"}],"wp:attachment":[{"href":"https:\/\/www.oracaoefe.com\/en\/wp-json\/wp\/v2\/media?parent=527"}],"wp:term":[{"taxonomy":"category","embeddable":true,"href":"https:\/\/www.oracaoefe.com\/en\/wp-json\/wp\/v2\/categories?post=527"},{"taxonomy":"post_tag","embeddable":true,"href":"https:\/\/www.oracaoefe.com\/en\/wp-json\/wp\/v2\/tags?post=527"}],"curies":[{"name":"wp","href":"https:\/\/api.w.org\/{rel}","templated":true}]}}