{"id":3965,"date":"2026-04-25T20:56:18","date_gmt":"2026-04-25T23:56:18","guid":{"rendered":"https:\/\/www.oracaoefe.com\/?p=3965"},"modified":"2025-12-16T20:57:37","modified_gmt":"2025-12-16T23:57:37","slug":"prayer-and-decision-making-how-praying-can-help-you-make-more-conscious-and-informed-choices","status":"publish","type":"post","link":"https:\/\/www.oracaoefe.com\/en\/oracao-e-tomada-de-decisao-como-orar-pode-ajudar-a-fazer-escolhas-mais-conscientes-e-seguras\/","title":{"rendered":"Prayer and Decision-Making: How Prayer Can Help You Make More Conscious and Confident Choices"},"content":{"rendered":"<h2 class=\"wp-block-heading\">Introduction<\/h2>\n\n\n\n<p>Tomar decis\u00f5es \u00e9 uma das tarefas mais desafiadoras da vida humana. Escolhas importantes envolvem consequ\u00eancias emocionais, financeiras, familiares e profissionais, e muitas vezes precisam ser feitas em cen\u00e1rios de incerteza, press\u00e3o e medo de errar. Em um mundo com excesso de informa\u00e7\u00f5es, opini\u00f5es e possibilidades, decidir se tornou uma fonte constante de ansiedade. Diante desse cen\u00e1rio, muitas pessoas recorrem \u00e0 ora\u00e7\u00e3o como forma de buscar clareza, equil\u00edbrio emocional e dire\u00e7\u00e3o antes de tomar decis\u00f5es relevantes.<\/p>\n\n\n\n<p>Este artigo explora a rela\u00e7\u00e3o entre ora\u00e7\u00e3o e tomada de decis\u00e3o, analisando como a pr\u00e1tica espiritual pode ajudar a organizar pensamentos, reduzir a ansiedade decis\u00f3ria e favorecer escolhas mais conscientes, alinhadas com valores pessoais e prop\u00f3sito de vida.<\/p>\n\n\n\n<h2 class=\"wp-block-heading\">Por Que Decidir \u00e9 T\u00e3o Dif\u00edcil no Mundo Atual<\/h2>\n\n\n\n<p>A dificuldade em tomar decis\u00f5es n\u00e3o est\u00e1 apenas ligada \u00e0 import\u00e2ncia da escolha, mas tamb\u00e9m ao contexto em que ela acontece. Hoje, as pessoas s\u00e3o expostas a uma quantidade enorme de informa\u00e7\u00f5es, compara\u00e7\u00f5es e expectativas externas. Opini\u00f5es de familiares, amigos, redes sociais e especialistas frequentemente entram em conflito, tornando o processo decis\u00f3rio ainda mais confuso.<\/p>\n\n\n\n<p>Al\u00e9m disso, existe uma forte press\u00e3o por decis\u00f5es r\u00e1pidas e assertivas, o que aumenta o medo de errar. Esse cen\u00e1rio favorece a ansiedade, a procrastina\u00e7\u00e3o e, em alguns casos, decis\u00f5es impulsivas. A ora\u00e7\u00e3o surge como um recurso que ajuda a desacelerar esse processo e criar um espa\u00e7o interno de reflex\u00e3o antes da a\u00e7\u00e3o.<\/p>\n\n\n\n<h2 class=\"wp-block-heading\">O Que Significa Orar Antes de Tomar uma Decis\u00e3o<\/h2>\n\n\n\n<p>Orar antes de decidir n\u00e3o significa esperar uma resposta sobrenatural imediata ou um sinal claro sobre qual caminho seguir. Na pr\u00e1tica, a ora\u00e7\u00e3o funciona como um momento de pausa consciente, onde a pessoa se afasta do ru\u00eddo externo e volta a aten\u00e7\u00e3o para o interior.<\/p>\n\n\n\n<p>Durante a ora\u00e7\u00e3o, \u00e9 poss\u00edvel organizar pensamentos, reconhecer emo\u00e7\u00f5es envolvidas e identificar motiva\u00e7\u00f5es reais por tr\u00e1s da decis\u00e3o. Esse processo ajuda a diferenciar desejos moment\u00e2neos de convic\u00e7\u00f5es mais profundas, favorecendo escolhas mais equilibradas.<\/p>\n\n\n\n<h2 class=\"wp-block-heading\">A Ora\u00e7\u00e3o Como Redutora da Ansiedade Decis\u00f3ria<\/h2>\n\n\n\n<p>A ansiedade decis\u00f3ria \u00e9 caracterizada pelo medo excessivo das consequ\u00eancias de uma escolha. Pensamentos como \u201ce se eu errar?\u201d ou \u201ce se eu me arrepender?\u201d costumam paralisar ou levar a decis\u00f5es tomadas sob forte tens\u00e3o emocional. A ora\u00e7\u00e3o ajuda a reduzir esse tipo de ansiedade ao criar um espa\u00e7o de entrega e confian\u00e7a.<\/p>\n\n\n\n<p>Ao orar, a pessoa reconhece que nem tudo est\u00e1 sob seu controle e que errar faz parte do processo humano. Essa aceita\u00e7\u00e3o reduz a press\u00e3o interna por perfei\u00e7\u00e3o e permite que a decis\u00e3o seja tomada com mais serenidade, mesmo diante da incerteza.<\/p>\n\n\n\n<h2 class=\"wp-block-heading\">Clareza Mental e Organiza\u00e7\u00e3o de Pensamentos na Ora\u00e7\u00e3o<\/h2>\n\n\n\n<p>Um dos principais benef\u00edcios da ora\u00e7\u00e3o no processo decis\u00f3rio \u00e9 a clareza mental. Em momentos de d\u00favida, pensamentos costumam se sobrepor de forma ca\u00f3tica, dificultando a an\u00e1lise racional. A ora\u00e7\u00e3o desacelera esse fluxo mental, favorecendo uma organiza\u00e7\u00e3o mais clara das ideias.<\/p>\n\n\n\n<p>Com a mente mais calma, a pessoa consegue avaliar pr\u00f3s e contras com maior objetividade, sem ser dominada por emo\u00e7\u00f5es intensas. Essa clareza n\u00e3o elimina o risco, mas permite que a decis\u00e3o seja tomada de forma mais consciente e respons\u00e1vel.<\/p>\n\n\n\n<h2 class=\"wp-block-heading\">Ora\u00e7\u00e3o e Alinhamento com Valores Pessoais<\/h2>\n\n\n\n<p>Decis\u00f5es que entram em conflito com valores pessoais tendem a gerar arrependimento e desconforto emocional, mesmo quando parecem vantajosas no curto prazo. A ora\u00e7\u00e3o ajuda a resgatar esses valores, funcionando como um lembrete interno do que realmente importa.<\/p>\n\n\n\n<p>Ao refletir espiritualmente, a pessoa se reconecta com princ\u00edpios como integridade, honestidade, respeito e prop\u00f3sito. Esse alinhamento reduz a probabilidade de escolhas feitas apenas por press\u00e3o externa ou conveni\u00eancia moment\u00e2nea.<\/p>\n\n\n\n<h2 class=\"wp-block-heading\">A Ora\u00e7\u00e3o em Decis\u00f5es Profissionais Importantes<\/h2>\n\n\n\n<p>Decis\u00f5es profissionais \u2014 como mudar de emprego, aceitar uma proposta, empreender ou investir \u2014 costumam envolver alto n\u00edvel de risco e impacto emocional. A ora\u00e7\u00e3o tem sido amplamente utilizada como ferramenta de apoio nesses momentos, ajudando a reduzir o medo e a impulsividade.<\/p>\n\n\n\n<p>Ao orar antes de decis\u00f5es profissionais, muitas pessoas relatam maior capacidade de avaliar n\u00e3o apenas ganhos financeiros, mas tamb\u00e9m qualidade de vida, equil\u00edbrio emocional e coer\u00eancia com objetivos de longo prazo. A espiritualidade contribui para uma vis\u00e3o mais ampla do sucesso, indo al\u00e9m de resultados imediatos.<\/p>\n\n\n\n<h2 class=\"wp-block-heading\">Ora\u00e7\u00e3o e Decis\u00f5es nos Relacionamentos<\/h2>\n\n\n\n<p>Escolhas relacionadas a relacionamentos afetivos e familiares tamb\u00e9m se beneficiam da ora\u00e7\u00e3o. Decidir iniciar, manter ou encerrar uma rela\u00e7\u00e3o envolve emo\u00e7\u00f5es profundas, expectativas e vulnerabilidades. A ora\u00e7\u00e3o ajuda a identificar motiva\u00e7\u00f5es emocionais, como car\u00eancia, medo da solid\u00e3o ou apego excessivo.<\/p>\n\n\n\n<p>Esse processo favorece decis\u00f5es mais maduras, baseadas em respeito pr\u00f3prio e clareza emocional. Orar nesses momentos n\u00e3o elimina a dor envolvida, mas ajuda a lidar com ela de forma mais consciente.<\/p>\n\n\n\n<h2 class=\"wp-block-heading\">A Ora\u00e7\u00e3o Como Ferramenta de Autoconhecimento<\/h2>\n\n\n\n<p>Toda decis\u00e3o revela algo sobre quem somos. A ora\u00e7\u00e3o aprofunda esse autoconhecimento ao permitir uma escuta interna mais atenta. Durante a pr\u00e1tica espiritual, a pessoa pode identificar padr\u00f5es recorrentes de comportamento, cren\u00e7as limitantes e expectativas irreais que influenciam suas escolhas.<\/p>\n\n\n\n<p>Esse autoconhecimento \u00e9 fundamental para decis\u00f5es mais saud\u00e1veis ao longo da vida, pois reduz a repeti\u00e7\u00e3o de erros e fortalece a autonomia emocional.<\/p>\n\n\n\n<h2 class=\"wp-block-heading\">Limites da Ora\u00e7\u00e3o no Processo Decis\u00f3rio<\/h2>\n\n\n\n<p>Embora a ora\u00e7\u00e3o ofere\u00e7a benef\u00edcios importantes, \u00e9 essencial reconhecer seus limites. Orar n\u00e3o substitui an\u00e1lise racional, planejamento ou busca por informa\u00e7\u00f5es confi\u00e1veis. A espiritualidade atua como complemento, n\u00e3o como substitui\u00e7\u00e3o da responsabilidade pessoal.<\/p>\n\n\n\n<p>Decis\u00f5es saud\u00e1veis costumam envolver uma combina\u00e7\u00e3o de reflex\u00e3o espiritual, avalia\u00e7\u00e3o pr\u00e1tica e, quando necess\u00e1rio, orienta\u00e7\u00e3o profissional. A ora\u00e7\u00e3o ajuda a integrar esses elementos de forma mais equilibrada.<\/p>\n\n\n\n<h2 class=\"wp-block-heading\">Ora\u00e7\u00e3o Ap\u00f3s a Decis\u00e3o: Lidando com as Consequ\u00eancias<\/h2>\n\n\n\n<p>A ora\u00e7\u00e3o n\u00e3o se limita ao momento anterior \u00e0 decis\u00e3o. Ap\u00f3s escolher, ela continua sendo um recurso importante para lidar com consequ\u00eancias, especialmente quando os resultados n\u00e3o s\u00e3o os esperados. Orar ap\u00f3s decidir ajuda a reduzir arrependimentos excessivos e a transformar erros em aprendizado.<\/p>\n\n\n\n<p>Essa postura favorece a resili\u00eancia emocional e evita que a pessoa fique presa ao passado, fortalecendo a capacidade de seguir em frente com maturidade.<\/p>\n\n\n\n<h2 class=\"wp-block-heading\">A Ora\u00e7\u00e3o Como Fonte de Confian\u00e7a no Caminho Escolhido<\/h2>\n\n\n\n<p>Mesmo decis\u00f5es bem pensadas podem gerar inseguran\u00e7a ap\u00f3s serem tomadas. A ora\u00e7\u00e3o contribui para o fortalecimento da confian\u00e7a no caminho escolhido, reduzindo a necessidade constante de valida\u00e7\u00e3o externa.<\/p>\n\n\n\n<p>Essa confian\u00e7a n\u00e3o significa certeza absoluta, mas a tranquilidade de saber que a decis\u00e3o foi tomada com consci\u00eancia, reflex\u00e3o e alinhamento interno.<\/p>\n\n\n\n<h2 class=\"wp-block-heading\">Conclusion<\/h2>\n\n\n\n<p>A ora\u00e7\u00e3o desempenha um papel relevante na tomada de decis\u00e3o ao oferecer clareza mental, equil\u00edbrio emocional e alinhamento com valores pessoais. Em um mundo marcado por pressa, excesso de informa\u00e7\u00f5es e medo de errar, a pr\u00e1tica espiritual se mostra um recurso poderoso para desacelerar e refletir antes de agir.<\/p>\n\n\n\n<p>Embora n\u00e3o elimine riscos nem forne\u00e7a respostas prontas, a ora\u00e7\u00e3o ajuda a criar condi\u00e7\u00f5es internas mais favor\u00e1veis para escolhas conscientes e respons\u00e1veis. Ao integrar espiritualidade e reflex\u00e3o pr\u00e1tica, muitas pessoas descobrem que decidir deixa de ser apenas uma fonte de ansiedade e passa a ser um processo de crescimento e autoconhecimento.<\/p>","protected":false},"excerpt":{"rendered":"<p>Introdu\u00e7\u00e3o Tomar decis\u00f5es \u00e9 uma das tarefas mais desafiadoras da vida humana. Escolhas importantes envolvem consequ\u00eancias emocionais, financeiras, familiares e profissionais, e muitas vezes precisam ser feitas em cen\u00e1rios de incerteza, press\u00e3o e medo de errar. Em um mundo com excesso de informa\u00e7\u00f5es, opini\u00f5es e possibilidades, decidir se tornou uma fonte constante de ansiedade. Diante&hellip;&nbsp;<\/p>","protected":false},"author":1,"featured_media":3966,"comment_status":"closed","ping_status":"closed","sticky":false,"template":"","format":"standard","meta":{"neve_meta_sidebar":"","neve_meta_container":"","neve_meta_enable_content_width":"","neve_meta_content_width":0,"neve_meta_title_alignment":"","neve_meta_author_avatar":"","neve_post_elements_order":"","neve_meta_disable_header":"","neve_meta_disable_footer":"","neve_meta_disable_title":"","footnotes":""},"categories":[2],"tags":[],"class_list":["post-3965","post","type-post","status-publish","format-standard","has-post-thumbnail","hentry","category-oracao"],"yoast_head":"<!-- This site is optimized with the Yoast SEO plugin v27.4 - https:\/\/yoast.com\/product\/yoast-seo-wordpress\/ -->\n<title>Ora\u00e7\u00e3o e Tomada de Decis\u00e3o: Como Orar Pode Ajudar a Fazer Escolhas Mais Conscientes e Seguras - Ora\u00e7\u00e3o e F\u00e9<\/title>\n<meta name=\"description\" content=\"Deus tem pra voc\u00ea uma palavra de vida!\" \/>\n<meta name=\"robots\" content=\"index, follow, max-snippet:-1, max-image-preview:large, max-video-preview:-1\" \/>\n<link rel=\"canonical\" href=\"https:\/\/www.oracaoefe.com\/en\/prayer-and-decision-making-how-praying-can-help-you-make-more-conscious-and-informed-choices\/\" \/>\n<meta property=\"og:locale\" content=\"en_US\" \/>\n<meta property=\"og:type\" content=\"article\" \/>\n<meta property=\"og:title\" content=\"Ora\u00e7\u00e3o e Tomada de Decis\u00e3o: Como Orar Pode Ajudar a Fazer Escolhas Mais Conscientes e Seguras - Ora\u00e7\u00e3o e F\u00e9\" \/>\n<meta property=\"og:description\" content=\"Deus tem pra voc\u00ea uma palavra de vida!\" \/>\n<meta property=\"og:url\" content=\"https:\/\/www.oracaoefe.com\/en\/prayer-and-decision-making-how-praying-can-help-you-make-more-conscious-and-informed-choices\/\" \/>\n<meta property=\"og:site_name\" content=\"Ora\u00e7\u00e3o e F\u00e9\" \/>\n<meta property=\"article:published_time\" content=\"2026-04-25T23:56:18+00:00\" \/>\n<meta property=\"og:image\" content=\"https:\/\/www.oracaoefe.com\/wp-content\/uploads\/2025\/12\/decisao.webp\" \/>\n\t<meta property=\"og:image:width\" content=\"1024\" \/>\n\t<meta property=\"og:image:height\" content=\"1024\" \/>\n\t<meta property=\"og:image:type\" content=\"image\/webp\" \/>\n<meta name=\"author\" content=\"Maria\" \/>\n<meta name=\"twitter:card\" content=\"summary_large_image\" \/>\n<meta name=\"twitter:label1\" content=\"Written by\" \/>\n\t<meta name=\"twitter:data1\" content=\"Maria\" \/>\n\t<meta name=\"twitter:label2\" content=\"Est. reading time\" \/>\n\t<meta name=\"twitter:data2\" content=\"6 minutes\" \/>\n<script type=\"application\/ld+json\" class=\"yoast-schema-graph\">{\"@context\":\"https:\\\/\\\/schema.org\",\"@graph\":[{\"@type\":\"Article\",\"@id\":\"https:\\\/\\\/www.oracaoefe.com\\\/oracao-e-tomada-de-decisao-como-orar-pode-ajudar-a-fazer-escolhas-mais-conscientes-e-seguras\\\/#article\",\"isPartOf\":{\"@id\":\"https:\\\/\\\/www.oracaoefe.com\\\/oracao-e-tomada-de-decisao-como-orar-pode-ajudar-a-fazer-escolhas-mais-conscientes-e-seguras\\\/\"},\"author\":{\"name\":\"Maria\",\"@id\":\"https:\\\/\\\/www.oracaoefe.com\\\/#\\\/schema\\\/person\\\/27873f1e6043866689f5091b5139f23d\"},\"headline\":\"Ora\u00e7\u00e3o e Tomada de Decis\u00e3o: Como Orar Pode Ajudar a Fazer Escolhas Mais Conscientes e Seguras\",\"datePublished\":\"2026-04-25T23:56:18+00:00\",\"mainEntityOfPage\":{\"@id\":\"https:\\\/\\\/www.oracaoefe.com\\\/oracao-e-tomada-de-decisao-como-orar-pode-ajudar-a-fazer-escolhas-mais-conscientes-e-seguras\\\/\"},\"wordCount\":1315,\"image\":{\"@id\":\"https:\\\/\\\/www.oracaoefe.com\\\/oracao-e-tomada-de-decisao-como-orar-pode-ajudar-a-fazer-escolhas-mais-conscientes-e-seguras\\\/#primaryimage\"},\"thumbnailUrl\":\"https:\\\/\\\/www.oracaoefe.com\\\/wp-content\\\/uploads\\\/2025\\\/12\\\/decisao.webp\",\"articleSection\":[\"Ora\u00e7\u00e3o\"],\"inLanguage\":\"en-US\"},{\"@type\":\"WebPage\",\"@id\":\"https:\\\/\\\/www.oracaoefe.com\\\/oracao-e-tomada-de-decisao-como-orar-pode-ajudar-a-fazer-escolhas-mais-conscientes-e-seguras\\\/\",\"url\":\"https:\\\/\\\/www.oracaoefe.com\\\/oracao-e-tomada-de-decisao-como-orar-pode-ajudar-a-fazer-escolhas-mais-conscientes-e-seguras\\\/\",\"name\":\"Ora\u00e7\u00e3o e Tomada de Decis\u00e3o: Como Orar Pode Ajudar a Fazer Escolhas Mais Conscientes e Seguras - Ora\u00e7\u00e3o e F\u00e9\",\"isPartOf\":{\"@id\":\"https:\\\/\\\/www.oracaoefe.com\\\/#website\"},\"primaryImageOfPage\":{\"@id\":\"https:\\\/\\\/www.oracaoefe.com\\\/oracao-e-tomada-de-decisao-como-orar-pode-ajudar-a-fazer-escolhas-mais-conscientes-e-seguras\\\/#primaryimage\"},\"image\":{\"@id\":\"https:\\\/\\\/www.oracaoefe.com\\\/oracao-e-tomada-de-decisao-como-orar-pode-ajudar-a-fazer-escolhas-mais-conscientes-e-seguras\\\/#primaryimage\"},\"thumbnailUrl\":\"https:\\\/\\\/www.oracaoefe.com\\\/wp-content\\\/uploads\\\/2025\\\/12\\\/decisao.webp\",\"datePublished\":\"2026-04-25T23:56:18+00:00\",\"author\":{\"@id\":\"https:\\\/\\\/www.oracaoefe.com\\\/#\\\/schema\\\/person\\\/27873f1e6043866689f5091b5139f23d\"},\"description\":\"Deus tem pra voc\u00ea uma palavra de vida!\",\"breadcrumb\":{\"@id\":\"https:\\\/\\\/www.oracaoefe.com\\\/oracao-e-tomada-de-decisao-como-orar-pode-ajudar-a-fazer-escolhas-mais-conscientes-e-seguras\\\/#breadcrumb\"},\"inLanguage\":\"en-US\",\"potentialAction\":[{\"@type\":\"ReadAction\",\"target\":[\"https:\\\/\\\/www.oracaoefe.com\\\/oracao-e-tomada-de-decisao-como-orar-pode-ajudar-a-fazer-escolhas-mais-conscientes-e-seguras\\\/\"]}]},{\"@type\":\"ImageObject\",\"inLanguage\":\"en-US\",\"@id\":\"https:\\\/\\\/www.oracaoefe.com\\\/oracao-e-tomada-de-decisao-como-orar-pode-ajudar-a-fazer-escolhas-mais-conscientes-e-seguras\\\/#primaryimage\",\"url\":\"https:\\\/\\\/www.oracaoefe.com\\\/wp-content\\\/uploads\\\/2025\\\/12\\\/decisao.webp\",\"contentUrl\":\"https:\\\/\\\/www.oracaoefe.com\\\/wp-content\\\/uploads\\\/2025\\\/12\\\/decisao.webp\",\"width\":1024,\"height\":1024},{\"@type\":\"BreadcrumbList\",\"@id\":\"https:\\\/\\\/www.oracaoefe.com\\\/oracao-e-tomada-de-decisao-como-orar-pode-ajudar-a-fazer-escolhas-mais-conscientes-e-seguras\\\/#breadcrumb\",\"itemListElement\":[{\"@type\":\"ListItem\",\"position\":1,\"name\":\"Home\",\"item\":\"https:\\\/\\\/www.oracaoefe.com\\\/\"},{\"@type\":\"ListItem\",\"position\":2,\"name\":\"Ora\u00e7\u00e3o\",\"item\":\"https:\\\/\\\/www.oracaoefe.com\\\/category\\\/oracao\\\/\"},{\"@type\":\"ListItem\",\"position\":3,\"name\":\"Ora\u00e7\u00e3o e Tomada de Decis\u00e3o: Como Orar Pode Ajudar a Fazer Escolhas Mais Conscientes e Seguras\"}]},{\"@type\":\"WebSite\",\"@id\":\"https:\\\/\\\/www.oracaoefe.com\\\/#website\",\"url\":\"https:\\\/\\\/www.oracaoefe.com\\\/\",\"name\":\"Ora\u00e7\u00e3o e F\u00e9\",\"description\":\"\",\"potentialAction\":[{\"@type\":\"SearchAction\",\"target\":{\"@type\":\"EntryPoint\",\"urlTemplate\":\"https:\\\/\\\/www.oracaoefe.com\\\/?s={search_term_string}\"},\"query-input\":{\"@type\":\"PropertyValueSpecification\",\"valueRequired\":true,\"valueName\":\"search_term_string\"}}],\"inLanguage\":\"en-US\"},{\"@type\":\"Person\",\"@id\":\"https:\\\/\\\/www.oracaoefe.com\\\/#\\\/schema\\\/person\\\/27873f1e6043866689f5091b5139f23d\",\"name\":\"Maria\",\"image\":{\"@type\":\"ImageObject\",\"inLanguage\":\"en-US\",\"@id\":\"https:\\\/\\\/secure.gravatar.com\\\/avatar\\\/4cac5ea56d40d599bd7348d330a83b1c84cd229296d1613cd1c7f6740561d0c9?s=96&d=mm&r=g\",\"url\":\"https:\\\/\\\/secure.gravatar.com\\\/avatar\\\/4cac5ea56d40d599bd7348d330a83b1c84cd229296d1613cd1c7f6740561d0c9?s=96&d=mm&r=g\",\"contentUrl\":\"https:\\\/\\\/secure.gravatar.com\\\/avatar\\\/4cac5ea56d40d599bd7348d330a83b1c84cd229296d1613cd1c7f6740561d0c9?s=96&d=mm&r=g\",\"caption\":\"Maria\"},\"description\":\"Meu nome \u00e9 Maria. Sou apaixonada por teologia e escrevo sobre o mundo religioso h\u00e1 5 anos. Sou curiosa e pesquiso tudo sobre as religi\u00f5es mundo afora. Adoro pesquisar sobre as curiosidades que norteiam as mais variadas doutrinas em diferentes pa\u00edses e idiomas. Hoje, sou redatora e amo compartilhar meu conhecimento no portal Ora\u00e7\u00e3o e F\u00e9.\",\"sameAs\":[\"https:\\\/\\\/www.oracaoefe.com\"],\"url\":\"https:\\\/\\\/www.oracaoefe.com\\\/en\\\/author\\\/admin\\\/\"}]}<\/script>\n<!-- \/ Yoast SEO plugin. -->","yoast_head_json":{"title":"Prayer and Decision Making: How Prayer Can Help You Make More Conscious and Safe Choices - Prayer and Faith","description":"God has a word of life for you!","robots":{"index":"index","follow":"follow","max-snippet":"max-snippet:-1","max-image-preview":"max-image-preview:large","max-video-preview":"max-video-preview:-1"},"canonical":"https:\/\/www.oracaoefe.com\/en\/prayer-and-decision-making-how-praying-can-help-you-make-more-conscious-and-informed-choices\/","og_locale":"en_US","og_type":"article","og_title":"Ora\u00e7\u00e3o e Tomada de Decis\u00e3o: Como Orar Pode Ajudar a Fazer Escolhas Mais Conscientes e Seguras - Ora\u00e7\u00e3o e F\u00e9","og_description":"Deus tem pra voc\u00ea uma palavra de vida!","og_url":"https:\/\/www.oracaoefe.com\/en\/prayer-and-decision-making-how-praying-can-help-you-make-more-conscious-and-informed-choices\/","og_site_name":"Ora\u00e7\u00e3o e F\u00e9","article_published_time":"2026-04-25T23:56:18+00:00","og_image":[{"width":1024,"height":1024,"url":"https:\/\/www.oracaoefe.com\/wp-content\/uploads\/2025\/12\/decisao.webp","type":"image\/webp"}],"author":"Maria","twitter_card":"summary_large_image","twitter_misc":{"Written by":"Maria","Est. reading time":"6 minutes"},"schema":{"@context":"https:\/\/schema.org","@graph":[{"@type":"Article","@id":"https:\/\/www.oracaoefe.com\/oracao-e-tomada-de-decisao-como-orar-pode-ajudar-a-fazer-escolhas-mais-conscientes-e-seguras\/#article","isPartOf":{"@id":"https:\/\/www.oracaoefe.com\/oracao-e-tomada-de-decisao-como-orar-pode-ajudar-a-fazer-escolhas-mais-conscientes-e-seguras\/"},"author":{"name":"Maria","@id":"https:\/\/www.oracaoefe.com\/#\/schema\/person\/27873f1e6043866689f5091b5139f23d"},"headline":"Ora\u00e7\u00e3o e Tomada de Decis\u00e3o: Como Orar Pode Ajudar a Fazer Escolhas Mais Conscientes e Seguras","datePublished":"2026-04-25T23:56:18+00:00","mainEntityOfPage":{"@id":"https:\/\/www.oracaoefe.com\/oracao-e-tomada-de-decisao-como-orar-pode-ajudar-a-fazer-escolhas-mais-conscientes-e-seguras\/"},"wordCount":1315,"image":{"@id":"https:\/\/www.oracaoefe.com\/oracao-e-tomada-de-decisao-como-orar-pode-ajudar-a-fazer-escolhas-mais-conscientes-e-seguras\/#primaryimage"},"thumbnailUrl":"https:\/\/www.oracaoefe.com\/wp-content\/uploads\/2025\/12\/decisao.webp","articleSection":["Ora\u00e7\u00e3o"],"inLanguage":"en-US"},{"@type":"WebPage","@id":"https:\/\/www.oracaoefe.com\/oracao-e-tomada-de-decisao-como-orar-pode-ajudar-a-fazer-escolhas-mais-conscientes-e-seguras\/","url":"https:\/\/www.oracaoefe.com\/oracao-e-tomada-de-decisao-como-orar-pode-ajudar-a-fazer-escolhas-mais-conscientes-e-seguras\/","name":"Prayer and Decision Making: How Prayer Can Help You Make More Conscious and Safe Choices - Prayer and Faith","isPartOf":{"@id":"https:\/\/www.oracaoefe.com\/#website"},"primaryImageOfPage":{"@id":"https:\/\/www.oracaoefe.com\/oracao-e-tomada-de-decisao-como-orar-pode-ajudar-a-fazer-escolhas-mais-conscientes-e-seguras\/#primaryimage"},"image":{"@id":"https:\/\/www.oracaoefe.com\/oracao-e-tomada-de-decisao-como-orar-pode-ajudar-a-fazer-escolhas-mais-conscientes-e-seguras\/#primaryimage"},"thumbnailUrl":"https:\/\/www.oracaoefe.com\/wp-content\/uploads\/2025\/12\/decisao.webp","datePublished":"2026-04-25T23:56:18+00:00","author":{"@id":"https:\/\/www.oracaoefe.com\/#\/schema\/person\/27873f1e6043866689f5091b5139f23d"},"description":"God has a word of life for you!","breadcrumb":{"@id":"https:\/\/www.oracaoefe.com\/oracao-e-tomada-de-decisao-como-orar-pode-ajudar-a-fazer-escolhas-mais-conscientes-e-seguras\/#breadcrumb"},"inLanguage":"en-US","potentialAction":[{"@type":"ReadAction","target":["https:\/\/www.oracaoefe.com\/oracao-e-tomada-de-decisao-como-orar-pode-ajudar-a-fazer-escolhas-mais-conscientes-e-seguras\/"]}]},{"@type":"ImageObject","inLanguage":"en-US","@id":"https:\/\/www.oracaoefe.com\/oracao-e-tomada-de-decisao-como-orar-pode-ajudar-a-fazer-escolhas-mais-conscientes-e-seguras\/#primaryimage","url":"https:\/\/www.oracaoefe.com\/wp-content\/uploads\/2025\/12\/decisao.webp","contentUrl":"https:\/\/www.oracaoefe.com\/wp-content\/uploads\/2025\/12\/decisao.webp","width":1024,"height":1024},{"@type":"BreadcrumbList","@id":"https:\/\/www.oracaoefe.com\/oracao-e-tomada-de-decisao-como-orar-pode-ajudar-a-fazer-escolhas-mais-conscientes-e-seguras\/#breadcrumb","itemListElement":[{"@type":"ListItem","position":1,"name":"Home","item":"https:\/\/www.oracaoefe.com\/"},{"@type":"ListItem","position":2,"name":"Ora\u00e7\u00e3o","item":"https:\/\/www.oracaoefe.com\/category\/oracao\/"},{"@type":"ListItem","position":3,"name":"Ora\u00e7\u00e3o e Tomada de Decis\u00e3o: Como Orar Pode Ajudar a Fazer Escolhas Mais Conscientes e Seguras"}]},{"@type":"WebSite","@id":"https:\/\/www.oracaoefe.com\/#website","url":"https:\/\/www.oracaoefe.com\/","name":"Prayer and Faith","description":"","potentialAction":[{"@type":"SearchAction","target":{"@type":"EntryPoint","urlTemplate":"https:\/\/www.oracaoefe.com\/?s={search_term_string}"},"query-input":{"@type":"PropertyValueSpecification","valueRequired":true,"valueName":"search_term_string"}}],"inLanguage":"en-US"},{"@type":"Person","@id":"https:\/\/www.oracaoefe.com\/#\/schema\/person\/27873f1e6043866689f5091b5139f23d","name":"Maria","image":{"@type":"ImageObject","inLanguage":"en-US","@id":"https:\/\/secure.gravatar.com\/avatar\/4cac5ea56d40d599bd7348d330a83b1c84cd229296d1613cd1c7f6740561d0c9?s=96&d=mm&r=g","url":"https:\/\/secure.gravatar.com\/avatar\/4cac5ea56d40d599bd7348d330a83b1c84cd229296d1613cd1c7f6740561d0c9?s=96&d=mm&r=g","contentUrl":"https:\/\/secure.gravatar.com\/avatar\/4cac5ea56d40d599bd7348d330a83b1c84cd229296d1613cd1c7f6740561d0c9?s=96&d=mm&r=g","caption":"Maria"},"description":"My name is Maria. I am passionate about theology and I have been writing about the religious world for 5 years. I am curious and research everything about the religions around the world. I love researching the curiosities that guide the most varied doctrines in different countries and languages. Today, I am an editor and I love to share my knowledge on the portal Prayer and Faith.","sameAs":["https:\/\/www.oracaoefe.com"],"url":"https:\/\/www.oracaoefe.com\/en\/author\/admin\/"}]}},"_links":{"self":[{"href":"https:\/\/www.oracaoefe.com\/en\/wp-json\/wp\/v2\/posts\/3965","targetHints":{"allow":["GET"]}}],"collection":[{"href":"https:\/\/www.oracaoefe.com\/en\/wp-json\/wp\/v2\/posts"}],"about":[{"href":"https:\/\/www.oracaoefe.com\/en\/wp-json\/wp\/v2\/types\/post"}],"author":[{"embeddable":true,"href":"https:\/\/www.oracaoefe.com\/en\/wp-json\/wp\/v2\/users\/1"}],"replies":[{"embeddable":true,"href":"https:\/\/www.oracaoefe.com\/en\/wp-json\/wp\/v2\/comments?post=3965"}],"version-history":[{"count":1,"href":"https:\/\/www.oracaoefe.com\/en\/wp-json\/wp\/v2\/posts\/3965\/revisions"}],"predecessor-version":[{"id":3967,"href":"https:\/\/www.oracaoefe.com\/en\/wp-json\/wp\/v2\/posts\/3965\/revisions\/3967"}],"wp:featuredmedia":[{"embeddable":true,"href":"https:\/\/www.oracaoefe.com\/en\/wp-json\/wp\/v2\/media\/3966"}],"wp:attachment":[{"href":"https:\/\/www.oracaoefe.com\/en\/wp-json\/wp\/v2\/media?parent=3965"}],"wp:term":[{"taxonomy":"category","embeddable":true,"href":"https:\/\/www.oracaoefe.com\/en\/wp-json\/wp\/v2\/categories?post=3965"},{"taxonomy":"post_tag","embeddable":true,"href":"https:\/\/www.oracaoefe.com\/en\/wp-json\/wp\/v2\/tags?post=3965"}],"curies":[{"name":"wp","href":"https:\/\/api.w.org\/{rel}","templated":true}]}}