{"id":3795,"date":"2025-09-21T15:21:51","date_gmt":"2025-09-21T18:21:51","guid":{"rendered":"https:\/\/www.oracaoefe.com\/?p=3795"},"modified":"2025-12-16T13:10:15","modified_gmt":"2025-12-16T16:10:15","slug":"how-faith-can-change-the-way-you-face-problems","status":"publish","type":"post","link":"https:\/\/www.oracaoefe.com\/en\/como-a-fe-pode-mudar-a-forma-de-encarar-problemas\/","title":{"rendered":"How faith can change the way you face problems"},"content":{"rendered":"<p>We all face difficult times. Whether it&#039;s a financial crisis, a health issue, or family conflicts, life always presents challenges. But there&#039;s something that can transform how we react to these situations: faith. It doesn&#039;t eliminate problems, but it changes the way we see them, bringing strength, hope, and emotional balance.<\/p>\n\n\n\n<h2 class=\"wp-block-heading\">Faith as an anchor in times of uncertainty<\/h2>\n\n\n\n<p>When life seems out of control, faith acts as an anchor. It provides stability amidst storms, reminding us of a greater purpose. People who cultivate spirituality tend to face difficulties with greater resilience because they believe they are not alone on their journey.<\/p>\n\n\n\n<p>This trust doesn&#039;t mean that problems cease to exist, but rather that they cease to be seen as unbearable burdens. Faith teaches that every challenge can be an opportunity for learning and growth.<\/p>\n\n\n\n<h2 class=\"wp-block-heading\">The impact of faith on emotional health<\/h2>\n\n\n\n<p>Studies show that faith and spirituality have positive effects on mental health. Praying, meditating, or participating in religious activities helps reduce anxiety, strengthens self-esteem, and provides a sense of belonging. When we believe there&#039;s something greater guiding our steps, fear of the future diminishes and hope is renewed.<\/p>\n\n\n\n<p>Many people find relief from deep emotional pain in faith. It offers not only comfort but also courage to face seemingly insurmountable situations.<\/p>\n\n\n\n<h2 class=\"wp-block-heading\">Practical examples of transformation<\/h2>\n\n\n\n<ul class=\"wp-block-list\">\n<li>A person in debt who, instead of despairing, finds strength in faith to reorganize his financial life.<\/li>\n\n\n\n<li>Someone who faces an illness and, supported by spirituality, maintains hope and transmits confidence to those around them.<\/li>\n\n\n\n<li>Families who experience painful losses but find spiritual support as a way to move forward.<\/li>\n<\/ul>\n\n\n\n<p>These examples show how faith acts as an internal fuel, transforming pain into resistance and fear into courage.<\/p>\n\n\n\n<h2 class=\"wp-block-heading\">Faith and change of perspective<\/h2>\n\n\n\n<p>Faith also changes the way we interpret events. Problems that were once seen as punishments are now seen as temporary phases that can open doors to new opportunities. This shift in mindset helps maintain balance and clarity even in the most turbulent times.<\/p>\n\n\n\n<p>Furthermore, faith encourages the practice of gratitude, reminding us that even in the midst of difficulties, there are still blessings to be recognized. This habit strengthens the heart and mind, building greater resilience.<\/p>\n\n\n\n<h2 class=\"wp-block-heading\">How to cultivate faith in everyday life<\/h2>\n\n\n\n<p>You don&#039;t need to wait for major crises to turn to spirituality. Cultivating faith daily strengthens the mind and prepares the heart to face any challenge. This can be done through:<\/p>\n\n\n\n<ul class=\"wp-block-list\">\n<li>Moments of prayer or reflection.<\/li>\n\n\n\n<li>Reading of sacred texts.<\/li>\n\n\n\n<li>Meditation or silence practices.<\/li>\n\n\n\n<li>Participation in religious communities.<\/li>\n<\/ul>\n\n\n\n<p>These small habits create a solid foundation that helps you face problems with more serenity.<\/p>\n\n\n\n<h2 class=\"wp-block-heading\">The power of faith<\/h2>\n\n\n\n<p>Faith has the power to change the way we face problems. It doesn&#039;t erase difficulties, but it brings courage, hope, and balance to face them. When cultivated daily, it transforms challenges into lessons and gives us the strength to carry on, even when all seems lost.<\/p>\n\n\n\n<p>Facing life with faith means seeing beyond difficulties, believing that each battle can pave the way for a greater victory.<\/p>\n\n\n\n<p><strong>See also: <a href=\"https:\/\/www.oracaoefe.com\/en\/bible-passages-on-faith-to-read-daily\/\">Bible passages on faith to read every day<\/a><\/strong><\/p>\n\n\n\n<p>Published on September 21, 2025<\/p>","protected":false},"excerpt":{"rendered":"<p>We all face difficult times. Whether it&#039;s a financial crisis, a health problem, or family conflicts, life always presents challenges. But there is something capable of transforming how we react to these situations: faith. It doesn&#039;t eliminate problems, but it changes the way we see them, bringing strength, hope, and emotional balance. Faith\u2026&nbsp;<\/p>","protected":false},"author":3,"featured_media":3796,"comment_status":"closed","ping_status":"closed","sticky":false,"template":"","format":"standard","meta":{"neve_meta_sidebar":"","neve_meta_container":"","neve_meta_enable_content_width":"","neve_meta_content_width":0,"neve_meta_title_alignment":"","neve_meta_author_avatar":"","neve_post_elements_order":"","neve_meta_disable_header":"","neve_meta_disable_footer":"","neve_meta_disable_title":"","footnotes":""},"categories":[3],"tags":[],"class_list":["post-3795","post","type-post","status-publish","format-standard","has-post-thumbnail","hentry","category-fe"],"yoast_head":"<!-- This site is optimized with the Yoast SEO plugin v27.4 - https:\/\/yoast.com\/product\/yoast-seo-wordpress\/ -->\n<title>Como a f\u00e9 pode mudar a forma de encarar problemas - Ora\u00e7\u00e3o e F\u00e9<\/title>\n<meta name=\"description\" content=\"Deus tem pra voc\u00ea uma palavra de vida!\" \/>\n<meta name=\"robots\" content=\"index, follow, max-snippet:-1, max-image-preview:large, max-video-preview:-1\" \/>\n<link rel=\"canonical\" href=\"https:\/\/www.oracaoefe.com\/en\/how-faith-can-change-the-way-you-face-problems\/\" \/>\n<meta property=\"og:locale\" content=\"en_US\" \/>\n<meta property=\"og:type\" content=\"article\" \/>\n<meta property=\"og:title\" content=\"Como a f\u00e9 pode mudar a forma de encarar problemas - Ora\u00e7\u00e3o e F\u00e9\" \/>\n<meta property=\"og:description\" content=\"Deus tem pra voc\u00ea uma palavra de vida!\" \/>\n<meta property=\"og:url\" content=\"https:\/\/www.oracaoefe.com\/en\/how-faith-can-change-the-way-you-face-problems\/\" \/>\n<meta property=\"og:site_name\" content=\"Ora\u00e7\u00e3o e F\u00e9\" \/>\n<meta property=\"article:published_time\" content=\"2025-09-21T18:21:51+00:00\" \/>\n<meta property=\"article:modified_time\" content=\"2025-12-16T16:10:15+00:00\" \/>\n<meta property=\"og:image\" content=\"https:\/\/www.oracaoefe.com\/wp-content\/uploads\/2025\/09\/poder-da-fe.png\" \/>\n\t<meta property=\"og:image:width\" content=\"1536\" \/>\n\t<meta property=\"og:image:height\" content=\"1024\" \/>\n\t<meta property=\"og:image:type\" content=\"image\/png\" \/>\n<meta name=\"author\" content=\"Michele Azevedo\" \/>\n<meta name=\"twitter:card\" content=\"summary_large_image\" \/>\n<meta name=\"twitter:label1\" content=\"Written by\" \/>\n\t<meta name=\"twitter:data1\" content=\"Michele Azevedo\" \/>\n\t<meta name=\"twitter:label2\" content=\"Est. reading time\" \/>\n\t<meta name=\"twitter:data2\" content=\"3 minutes\" \/>\n<script type=\"application\/ld+json\" class=\"yoast-schema-graph\">{\"@context\":\"https:\\\/\\\/schema.org\",\"@graph\":[{\"@type\":\"Article\",\"@id\":\"https:\\\/\\\/www.oracaoefe.com\\\/como-a-fe-pode-mudar-a-forma-de-encarar-problemas\\\/#article\",\"isPartOf\":{\"@id\":\"https:\\\/\\\/www.oracaoefe.com\\\/como-a-fe-pode-mudar-a-forma-de-encarar-problemas\\\/\"},\"author\":{\"name\":\"Michele Azevedo\",\"@id\":\"https:\\\/\\\/www.oracaoefe.com\\\/#\\\/schema\\\/person\\\/17283c669442cf005c4d5bb58adfb7f5\"},\"headline\":\"Como a f\u00e9 pode mudar a forma de encarar problemas\",\"datePublished\":\"2025-09-21T18:21:51+00:00\",\"dateModified\":\"2025-12-16T16:10:15+00:00\",\"mainEntityOfPage\":{\"@id\":\"https:\\\/\\\/www.oracaoefe.com\\\/como-a-fe-pode-mudar-a-forma-de-encarar-problemas\\\/\"},\"wordCount\":627,\"image\":{\"@id\":\"https:\\\/\\\/www.oracaoefe.com\\\/como-a-fe-pode-mudar-a-forma-de-encarar-problemas\\\/#primaryimage\"},\"thumbnailUrl\":\"https:\\\/\\\/www.oracaoefe.com\\\/wp-content\\\/uploads\\\/2025\\\/09\\\/poder-da-fe.png\",\"articleSection\":[\"F\u00e9\"],\"inLanguage\":\"en-US\"},{\"@type\":\"WebPage\",\"@id\":\"https:\\\/\\\/www.oracaoefe.com\\\/como-a-fe-pode-mudar-a-forma-de-encarar-problemas\\\/\",\"url\":\"https:\\\/\\\/www.oracaoefe.com\\\/como-a-fe-pode-mudar-a-forma-de-encarar-problemas\\\/\",\"name\":\"Como a f\u00e9 pode mudar a forma de encarar problemas - Ora\u00e7\u00e3o e F\u00e9\",\"isPartOf\":{\"@id\":\"https:\\\/\\\/www.oracaoefe.com\\\/#website\"},\"primaryImageOfPage\":{\"@id\":\"https:\\\/\\\/www.oracaoefe.com\\\/como-a-fe-pode-mudar-a-forma-de-encarar-problemas\\\/#primaryimage\"},\"image\":{\"@id\":\"https:\\\/\\\/www.oracaoefe.com\\\/como-a-fe-pode-mudar-a-forma-de-encarar-problemas\\\/#primaryimage\"},\"thumbnailUrl\":\"https:\\\/\\\/www.oracaoefe.com\\\/wp-content\\\/uploads\\\/2025\\\/09\\\/poder-da-fe.png\",\"datePublished\":\"2025-09-21T18:21:51+00:00\",\"dateModified\":\"2025-12-16T16:10:15+00:00\",\"author\":{\"@id\":\"https:\\\/\\\/www.oracaoefe.com\\\/#\\\/schema\\\/person\\\/17283c669442cf005c4d5bb58adfb7f5\"},\"description\":\"Deus tem pra voc\u00ea uma palavra de vida!\",\"breadcrumb\":{\"@id\":\"https:\\\/\\\/www.oracaoefe.com\\\/como-a-fe-pode-mudar-a-forma-de-encarar-problemas\\\/#breadcrumb\"},\"inLanguage\":\"en-US\",\"potentialAction\":[{\"@type\":\"ReadAction\",\"target\":[\"https:\\\/\\\/www.oracaoefe.com\\\/como-a-fe-pode-mudar-a-forma-de-encarar-problemas\\\/\"]}]},{\"@type\":\"ImageObject\",\"inLanguage\":\"en-US\",\"@id\":\"https:\\\/\\\/www.oracaoefe.com\\\/como-a-fe-pode-mudar-a-forma-de-encarar-problemas\\\/#primaryimage\",\"url\":\"https:\\\/\\\/www.oracaoefe.com\\\/wp-content\\\/uploads\\\/2025\\\/09\\\/poder-da-fe.png\",\"contentUrl\":\"https:\\\/\\\/www.oracaoefe.com\\\/wp-content\\\/uploads\\\/2025\\\/09\\\/poder-da-fe.png\",\"width\":1536,\"height\":1024},{\"@type\":\"BreadcrumbList\",\"@id\":\"https:\\\/\\\/www.oracaoefe.com\\\/como-a-fe-pode-mudar-a-forma-de-encarar-problemas\\\/#breadcrumb\",\"itemListElement\":[{\"@type\":\"ListItem\",\"position\":1,\"name\":\"Home\",\"item\":\"https:\\\/\\\/www.oracaoefe.com\\\/\"},{\"@type\":\"ListItem\",\"position\":2,\"name\":\"F\u00e9\",\"item\":\"https:\\\/\\\/www.oracaoefe.com\\\/es\\\/categoria\\\/fe\\\/\"},{\"@type\":\"ListItem\",\"position\":3,\"name\":\"Como a f\u00e9 pode mudar a forma de encarar problemas\"}]},{\"@type\":\"WebSite\",\"@id\":\"https:\\\/\\\/www.oracaoefe.com\\\/#website\",\"url\":\"https:\\\/\\\/www.oracaoefe.com\\\/\",\"name\":\"Ora\u00e7\u00e3o e F\u00e9\",\"description\":\"\",\"potentialAction\":[{\"@type\":\"SearchAction\",\"target\":{\"@type\":\"EntryPoint\",\"urlTemplate\":\"https:\\\/\\\/www.oracaoefe.com\\\/?s={search_term_string}\"},\"query-input\":{\"@type\":\"PropertyValueSpecification\",\"valueRequired\":true,\"valueName\":\"search_term_string\"}}],\"inLanguage\":\"en-US\"},{\"@type\":\"Person\",\"@id\":\"https:\\\/\\\/www.oracaoefe.com\\\/#\\\/schema\\\/person\\\/17283c669442cf005c4d5bb58adfb7f5\",\"name\":\"Michele Azevedo\",\"image\":{\"@type\":\"ImageObject\",\"inLanguage\":\"en-US\",\"@id\":\"https:\\\/\\\/secure.gravatar.com\\\/avatar\\\/6b0eb9d22841282815e2cd856a0061c45e1761cd54b22e952d98c4746939aa85?s=96&d=mm&r=g\",\"url\":\"https:\\\/\\\/secure.gravatar.com\\\/avatar\\\/6b0eb9d22841282815e2cd856a0061c45e1761cd54b22e952d98c4746939aa85?s=96&d=mm&r=g\",\"contentUrl\":\"https:\\\/\\\/secure.gravatar.com\\\/avatar\\\/6b0eb9d22841282815e2cd856a0061c45e1761cd54b22e952d98c4746939aa85?s=96&d=mm&r=g\",\"caption\":\"Michele Azevedo\"},\"description\":\"Formada em Letras - Portugu\u00eas\\\/ Ingl\u00eas pela UEPG, p\u00f3s-graduada em Arte na Educa\u00e7\u00e3o e Psicopedagogia Escolar, idealizadora do site Escritora de Sucesso, redatora e revisora dos conte\u00fados do Ora\u00e7\u00e3o e F\u00e9 com muita f\u00e9 e positividade.\",\"url\":\"https:\\\/\\\/www.oracaoefe.com\\\/en\\\/author\\\/michele-azevedo\\\/\"}]}<\/script>\n<!-- \/ Yoast SEO plugin. -->","yoast_head_json":{"title":"How Faith Can Change the Way You Face Problems - Prayer and Faith","description":"God has a word of life for you!","robots":{"index":"index","follow":"follow","max-snippet":"max-snippet:-1","max-image-preview":"max-image-preview:large","max-video-preview":"max-video-preview:-1"},"canonical":"https:\/\/www.oracaoefe.com\/en\/how-faith-can-change-the-way-you-face-problems\/","og_locale":"en_US","og_type":"article","og_title":"Como a f\u00e9 pode mudar a forma de encarar problemas - Ora\u00e7\u00e3o e F\u00e9","og_description":"Deus tem pra voc\u00ea uma palavra de vida!","og_url":"https:\/\/www.oracaoefe.com\/en\/how-faith-can-change-the-way-you-face-problems\/","og_site_name":"Ora\u00e7\u00e3o e F\u00e9","article_published_time":"2025-09-21T18:21:51+00:00","article_modified_time":"2025-12-16T16:10:15+00:00","og_image":[{"width":1536,"height":1024,"url":"https:\/\/www.oracaoefe.com\/wp-content\/uploads\/2025\/09\/poder-da-fe.png","type":"image\/png"}],"author":"Michele Azevedo","twitter_card":"summary_large_image","twitter_misc":{"Written by":"Michele Azevedo","Est. reading time":"3 minutes"},"schema":{"@context":"https:\/\/schema.org","@graph":[{"@type":"Article","@id":"https:\/\/www.oracaoefe.com\/como-a-fe-pode-mudar-a-forma-de-encarar-problemas\/#article","isPartOf":{"@id":"https:\/\/www.oracaoefe.com\/como-a-fe-pode-mudar-a-forma-de-encarar-problemas\/"},"author":{"name":"Michele Azevedo","@id":"https:\/\/www.oracaoefe.com\/#\/schema\/person\/17283c669442cf005c4d5bb58adfb7f5"},"headline":"Como a f\u00e9 pode mudar a forma de encarar problemas","datePublished":"2025-09-21T18:21:51+00:00","dateModified":"2025-12-16T16:10:15+00:00","mainEntityOfPage":{"@id":"https:\/\/www.oracaoefe.com\/como-a-fe-pode-mudar-a-forma-de-encarar-problemas\/"},"wordCount":627,"image":{"@id":"https:\/\/www.oracaoefe.com\/como-a-fe-pode-mudar-a-forma-de-encarar-problemas\/#primaryimage"},"thumbnailUrl":"https:\/\/www.oracaoefe.com\/wp-content\/uploads\/2025\/09\/poder-da-fe.png","articleSection":["F\u00e9"],"inLanguage":"en-US"},{"@type":"WebPage","@id":"https:\/\/www.oracaoefe.com\/como-a-fe-pode-mudar-a-forma-de-encarar-problemas\/","url":"https:\/\/www.oracaoefe.com\/como-a-fe-pode-mudar-a-forma-de-encarar-problemas\/","name":"How Faith Can Change the Way You Face Problems - Prayer and Faith","isPartOf":{"@id":"https:\/\/www.oracaoefe.com\/#website"},"primaryImageOfPage":{"@id":"https:\/\/www.oracaoefe.com\/como-a-fe-pode-mudar-a-forma-de-encarar-problemas\/#primaryimage"},"image":{"@id":"https:\/\/www.oracaoefe.com\/como-a-fe-pode-mudar-a-forma-de-encarar-problemas\/#primaryimage"},"thumbnailUrl":"https:\/\/www.oracaoefe.com\/wp-content\/uploads\/2025\/09\/poder-da-fe.png","datePublished":"2025-09-21T18:21:51+00:00","dateModified":"2025-12-16T16:10:15+00:00","author":{"@id":"https:\/\/www.oracaoefe.com\/#\/schema\/person\/17283c669442cf005c4d5bb58adfb7f5"},"description":"God has a word of life for you!","breadcrumb":{"@id":"https:\/\/www.oracaoefe.com\/como-a-fe-pode-mudar-a-forma-de-encarar-problemas\/#breadcrumb"},"inLanguage":"en-US","potentialAction":[{"@type":"ReadAction","target":["https:\/\/www.oracaoefe.com\/como-a-fe-pode-mudar-a-forma-de-encarar-problemas\/"]}]},{"@type":"ImageObject","inLanguage":"en-US","@id":"https:\/\/www.oracaoefe.com\/como-a-fe-pode-mudar-a-forma-de-encarar-problemas\/#primaryimage","url":"https:\/\/www.oracaoefe.com\/wp-content\/uploads\/2025\/09\/poder-da-fe.png","contentUrl":"https:\/\/www.oracaoefe.com\/wp-content\/uploads\/2025\/09\/poder-da-fe.png","width":1536,"height":1024},{"@type":"BreadcrumbList","@id":"https:\/\/www.oracaoefe.com\/como-a-fe-pode-mudar-a-forma-de-encarar-problemas\/#breadcrumb","itemListElement":[{"@type":"ListItem","position":1,"name":"Home","item":"https:\/\/www.oracaoefe.com\/"},{"@type":"ListItem","position":2,"name":"F\u00e9","item":"https:\/\/www.oracaoefe.com\/es\/categoria\/fe\/"},{"@type":"ListItem","position":3,"name":"Como a f\u00e9 pode mudar a forma de encarar problemas"}]},{"@type":"WebSite","@id":"https:\/\/www.oracaoefe.com\/#website","url":"https:\/\/www.oracaoefe.com\/","name":"Prayer and Faith","description":"","potentialAction":[{"@type":"SearchAction","target":{"@type":"EntryPoint","urlTemplate":"https:\/\/www.oracaoefe.com\/?s={search_term_string}"},"query-input":{"@type":"PropertyValueSpecification","valueRequired":true,"valueName":"search_term_string"}}],"inLanguage":"en-US"},{"@type":"Person","@id":"https:\/\/www.oracaoefe.com\/#\/schema\/person\/17283c669442cf005c4d5bb58adfb7f5","name":"Michele Azevedo","image":{"@type":"ImageObject","inLanguage":"en-US","@id":"https:\/\/secure.gravatar.com\/avatar\/6b0eb9d22841282815e2cd856a0061c45e1761cd54b22e952d98c4746939aa85?s=96&d=mm&r=g","url":"https:\/\/secure.gravatar.com\/avatar\/6b0eb9d22841282815e2cd856a0061c45e1761cd54b22e952d98c4746939aa85?s=96&d=mm&r=g","contentUrl":"https:\/\/secure.gravatar.com\/avatar\/6b0eb9d22841282815e2cd856a0061c45e1761cd54b22e952d98c4746939aa85?s=96&d=mm&r=g","caption":"Michele Azevedo"},"description":"A graduate in Portuguese\/English Literature from UEPG, with postgraduate degrees in Art in Education and School Psychopedagogy, she is the creator of the Escritora de Sucesso website, and a writer and editor of the content for Ora\u00e7\u00e3o e F\u00e9 (Prayer and Faith) with great faith and positivity.","url":"https:\/\/www.oracaoefe.com\/en\/author\/michele-azevedo\/"}]}},"_links":{"self":[{"href":"https:\/\/www.oracaoefe.com\/en\/wp-json\/wp\/v2\/posts\/3795","targetHints":{"allow":["GET"]}}],"collection":[{"href":"https:\/\/www.oracaoefe.com\/en\/wp-json\/wp\/v2\/posts"}],"about":[{"href":"https:\/\/www.oracaoefe.com\/en\/wp-json\/wp\/v2\/types\/post"}],"author":[{"embeddable":true,"href":"https:\/\/www.oracaoefe.com\/en\/wp-json\/wp\/v2\/users\/3"}],"replies":[{"embeddable":true,"href":"https:\/\/www.oracaoefe.com\/en\/wp-json\/wp\/v2\/comments?post=3795"}],"version-history":[{"count":1,"href":"https:\/\/www.oracaoefe.com\/en\/wp-json\/wp\/v2\/posts\/3795\/revisions"}],"predecessor-version":[{"id":3797,"href":"https:\/\/www.oracaoefe.com\/en\/wp-json\/wp\/v2\/posts\/3795\/revisions\/3797"}],"wp:featuredmedia":[{"embeddable":true,"href":"https:\/\/www.oracaoefe.com\/en\/wp-json\/wp\/v2\/media\/3796"}],"wp:attachment":[{"href":"https:\/\/www.oracaoefe.com\/en\/wp-json\/wp\/v2\/media?parent=3795"}],"wp:term":[{"taxonomy":"category","embeddable":true,"href":"https:\/\/www.oracaoefe.com\/en\/wp-json\/wp\/v2\/categories?post=3795"},{"taxonomy":"post_tag","embeddable":true,"href":"https:\/\/www.oracaoefe.com\/en\/wp-json\/wp\/v2\/tags?post=3795"}],"curies":[{"name":"wp","href":"https:\/\/api.w.org\/{rel}","templated":true}]}}