{"id":3540,"date":"2025-05-09T06:00:00","date_gmt":"2025-05-09T09:00:00","guid":{"rendered":"https:\/\/www.oracaoefe.com\/?p=3540"},"modified":"2025-12-16T13:11:12","modified_gmt":"2025-12-16T16:11:12","slug":"when-praying-isnt-enough-trust-in-gods-timing","status":"publish","type":"post","link":"https:\/\/www.oracaoefe.com\/en\/quando-orar-nao-for-o-suficiente-confie-no-tempo-de-deus\/","title":{"rendered":"When praying isn't enough, trust in God's timing"},"content":{"rendered":"<p>There are days when you pray, pray, cry out with all your heart... and still, <strong>nothing seems to happen.<\/strong> God's silence in these moments can hurt more than the very pain that brought us to prayer. We ask ourselves: <em>\"Did he hear me?\"<\/em> or <em>\"Am I not doing enough?\"<\/em><\/p>\n\n\n\n<p>But the truth is simple - and at the same time difficult to accept: <strong>Prayer doesn't always bring immediate answers. And in those moments, it is God's time that begins to act.<\/strong><\/p>\n\n\n\n<p>If you're tired of praying and seeing no change, take a breath. This post is for you.<\/p>\n\n\n\n<figure class=\"wp-block-image size-large\"><img loading=\"lazy\" decoding=\"async\" width=\"1024\" height=\"683\" src=\"https:\/\/www.oracaoefe.com\/wp-content\/uploads\/2025\/04\/quando_orar_nao_for_suficiente_confie_no_tempo_de_Deus-1024x683.webp\" alt=\"\" class=\"wp-image-3556\" srcset=\"https:\/\/www.oracaoefe.com\/wp-content\/uploads\/2025\/04\/quando_orar_nao_for_suficiente_confie_no_tempo_de_Deus-1024x683.webp 1024w, https:\/\/www.oracaoefe.com\/wp-content\/uploads\/2025\/04\/quando_orar_nao_for_suficiente_confie_no_tempo_de_Deus-300x200.webp 300w, https:\/\/www.oracaoefe.com\/wp-content\/uploads\/2025\/04\/quando_orar_nao_for_suficiente_confie_no_tempo_de_Deus-768x512.webp 768w, https:\/\/www.oracaoefe.com\/wp-content\/uploads\/2025\/04\/quando_orar_nao_for_suficiente_confie_no_tempo_de_Deus-18x12.webp 18w, https:\/\/www.oracaoefe.com\/wp-content\/uploads\/2025\/04\/quando_orar_nao_for_suficiente_confie_no_tempo_de_Deus.webp 1536w\" sizes=\"auto, (max-width: 1024px) 100vw, 1024px\" \/><\/figure>\n\n\n\n<h2 class=\"wp-block-heading\">When prayer doesn't seem to work<\/h2>\n\n\n\n<p>You get down on your knees, shed your tears, make promises, give with all your heart... and the situation remains the same. The diagnosis doesn't change. The door doesn't open. The person doesn't come back. The answer doesn't come.<\/p>\n\n\n\n<p>It's natural to feel frustrated. We're human. We're in a hurry. We want a solution. But God's silence <strong>is not absence.<\/strong> Often, it's protection. It's preparation. It's an answer - just not yet understood.<\/p>\n\n\n\n<p>Prayer is never in vain. Even when everything remains the same on the outside, <strong>inside something is already being transformed.<\/strong><\/p>\n\n\n\n<h2 class=\"wp-block-heading\">To pray is to trust - but to trust is to hope<\/h2>\n\n\n\n<p>Praying is an act of faith.<br>But waiting... is the test of that faith.<\/p>\n\n\n\n<p>To trust in God's timing is to recognize that <strong>not everything we want now will be good for us now.<\/strong><br>That some answers need maturing.<br>That certain blessings require an emotional, spiritual and physical structure.<br>That today's silence could be tomorrow's \"yes\" - or a \"no\" that will save us from something we can't see.<\/p>\n\n\n\n<blockquote class=\"wp-block-quote is-layout-flow wp-block-quote-is-layout-flow\">\n<p>\"Everything has its appointed time, and there is a time for every purpose under heaven.\" - Ecclesiastes 3:1<\/p>\n<\/blockquote>\n\n\n\n<p>When praying isn't enough to calm your heart, <strong>trust in God's watch.<\/strong><\/p>\n\n\n\n<h2 class=\"wp-block-heading\">God doesn't work in our time. He works at the right time.<\/h2>\n\n\n\n<p>We set the time.<br>God marks the moment.<br>And God's timing is never late. Nor does it delay.<\/p>\n\n\n\n<p>He sees what you don't.<br>He sees what you are yet to understand.<br>And even when it seems still, <strong>He is organizing everything in the invisible.<\/strong><\/p>\n\n\n\n<p>That job that didn't come.<br>That answer that never came.<br>That person who walked away.<br>That cure that hasn't happened yet.<\/p>\n\n\n\n<p>None of this is carelessness.<br>It could be God saying: <em>\"Not yet.\"<\/em><br>Or even: <em>\"It's not that way.\"<\/em><\/p>\n\n\n\n<p>And as hard as it is to accept, <strong>it is in this space of waiting that faith is strengthened.<\/strong><\/p>\n\n\n\n<h2 class=\"wp-block-heading\">What can you do until the answer comes?<\/h2>\n\n\n\n<ul class=\"wp-block-list\">\n<li><strong>Keep praying.<\/strong> Even without emotion, even on automatic. God understands tired prayers.<\/li>\n\n\n\n<li><strong>Take care of yourself.<\/strong> While you wait, feed yourself spiritually. Read, breathe, connect with what strengthens you.<\/li>\n\n\n\n<li><strong>Avoid comparing your time with that of others.<\/strong> What has arrived for someone now may be prepared for you later - in an even better way.<\/li>\n\n\n\n<li><strong>Be grateful for what hasn't happened yet.<\/strong> This activates anticipated gratitude, which transforms the heart.<\/li>\n\n\n\n<li><strong>Allow God's time to do the part that only He can do.<\/strong> You don't have to carry everything yourself.<\/li>\n<\/ul>\n\n\n\n<h2 class=\"wp-block-heading\">When the wait seems too long<\/h2>\n\n\n\n<p>There will be days when you get tired of praying. You'll doubt. You'll think that God has forgotten. And on those days, you'll need to remember:<\/p>\n\n\n\n<p><strong>He never stops listening.<\/strong><br>He's only doing it His way, not yours.<\/p>\n\n\n\n<p>God doesn't work under pressure, nor does he rush to prove something.<br>He acts <strong>when everything is aligned.<\/strong><br>When the \"yes\" is not a risk to your soul.<br>When \"now\" isn't a dangerous shortcut.<br>When what you've ordered is really ready - and so are you.<\/p>\n\n\n\n<h2 class=\"wp-block-heading\">What if the answer is \"no\"?<\/h2>\n\n\n\n<p>We always think that faith is waiting for a yes. But real faith is also standing up <strong>in the face of no.<\/strong><br>It's recognizing that God knows what we don't yet understand.<br>That he sees the end of the road we've only just begun to walk.<\/p>\n\n\n\n<p>A \"no\" can protect us.<br>A \"no\" can redirect us.<br>A \"no\" can prepare us for a much bigger \"yes\" - which will only come later.<\/p>\n\n\n\n<h2 class=\"wp-block-heading\">God has not forgotten you<\/h2>\n\n\n\n<p>While you think nothing is happening, <strong>heaven is at work.<\/strong><br>Behind the scenes, angels are being moved.<br>The stage is being set.<br>And your heart is being molded to receive what is to come.<\/p>\n\n\n\n<p>You are not forgotten.<br>You are being <strong>kept in God's exact time.<\/strong><\/p>\n\n\n\n<p><strong>See also: <a href=\"https:\/\/www.oracaoefe.com\/en\/prayer-to-settle-heart-anguish-and-bring-peace\/\">Prayer to calm the anguished heart and bring peace<\/a><\/strong><\/p>\n\n\n\n<p>May 9th, 2025<\/p>","protected":false},"excerpt":{"rendered":"<p>Tem dias em que a gente ora, reza, clama com todo o cora\u00e7\u00e3o\u2026 e mesmo assim, nada parece acontecer. O sil\u00eancio de Deus, nesses momentos, pode doer mais do que a pr\u00f3pria dor que nos levou \u00e0 ora\u00e7\u00e3o. A gente se pergunta: \u201cSer\u00e1 que Ele me ouviu?\u201d ou \u201cSer\u00e1 que n\u00e3o estou fazendo o suficiente?\u201d&hellip;&nbsp;<\/p>","protected":false},"author":3,"featured_media":3556,"comment_status":"closed","ping_status":"closed","sticky":false,"template":"","format":"standard","meta":{"neve_meta_sidebar":"","neve_meta_container":"","neve_meta_enable_content_width":"","neve_meta_content_width":0,"neve_meta_title_alignment":"","neve_meta_author_avatar":"","neve_post_elements_order":"","neve_meta_disable_header":"","neve_meta_disable_footer":"","neve_meta_disable_title":"","footnotes":""},"categories":[3],"tags":[],"class_list":["post-3540","post","type-post","status-publish","format-standard","has-post-thumbnail","hentry","category-fe"],"yoast_head":"<!-- This site is optimized with the Yoast SEO plugin v27.5 - https:\/\/yoast.com\/product\/yoast-seo-wordpress\/ -->\n<title>Quando orar n\u00e3o for o suficiente, confie no tempo de Deus - Ora\u00e7\u00e3o e F\u00e9<\/title>\n<meta name=\"description\" content=\"Deus tem pra voc\u00ea uma palavra de vida!\" \/>\n<meta name=\"robots\" content=\"index, follow, max-snippet:-1, max-image-preview:large, max-video-preview:-1\" \/>\n<link rel=\"canonical\" href=\"https:\/\/www.oracaoefe.com\/en\/when-praying-isnt-enough-trust-in-gods-timing\/\" \/>\n<meta property=\"og:locale\" content=\"en_US\" \/>\n<meta property=\"og:type\" content=\"article\" \/>\n<meta property=\"og:title\" content=\"Quando orar n\u00e3o for o suficiente, confie no tempo de Deus - Ora\u00e7\u00e3o e F\u00e9\" \/>\n<meta property=\"og:description\" content=\"Deus tem pra voc\u00ea uma palavra de vida!\" \/>\n<meta property=\"og:url\" content=\"https:\/\/www.oracaoefe.com\/en\/when-praying-isnt-enough-trust-in-gods-timing\/\" \/>\n<meta property=\"og:site_name\" content=\"Ora\u00e7\u00e3o e F\u00e9\" \/>\n<meta property=\"article:published_time\" content=\"2025-05-09T09:00:00+00:00\" \/>\n<meta property=\"article:modified_time\" content=\"2025-12-16T16:11:12+00:00\" \/>\n<meta property=\"og:image\" content=\"https:\/\/www.oracaoefe.com\/wp-content\/uploads\/2025\/04\/quando_orar_nao_for_suficiente_confie_no_tempo_de_Deus.webp\" \/>\n\t<meta property=\"og:image:width\" content=\"1536\" \/>\n\t<meta property=\"og:image:height\" content=\"1024\" \/>\n\t<meta property=\"og:image:type\" content=\"image\/webp\" \/>\n<meta name=\"author\" content=\"Michele Azevedo\" \/>\n<meta name=\"twitter:card\" content=\"summary_large_image\" \/>\n<meta name=\"twitter:label1\" content=\"Written by\" \/>\n\t<meta name=\"twitter:data1\" content=\"Michele Azevedo\" \/>\n\t<meta name=\"twitter:label2\" content=\"Est. reading time\" \/>\n\t<meta name=\"twitter:data2\" content=\"4 minutes\" \/>\n<script type=\"application\/ld+json\" class=\"yoast-schema-graph\">{\"@context\":\"https:\\\/\\\/schema.org\",\"@graph\":[{\"@type\":\"Article\",\"@id\":\"https:\\\/\\\/www.oracaoefe.com\\\/quando-orar-nao-for-o-suficiente-confie-no-tempo-de-deus\\\/#article\",\"isPartOf\":{\"@id\":\"https:\\\/\\\/www.oracaoefe.com\\\/quando-orar-nao-for-o-suficiente-confie-no-tempo-de-deus\\\/\"},\"author\":{\"name\":\"Michele Azevedo\",\"@id\":\"https:\\\/\\\/www.oracaoefe.com\\\/#\\\/schema\\\/person\\\/17283c669442cf005c4d5bb58adfb7f5\"},\"headline\":\"Quando orar n\u00e3o for o suficiente, confie no tempo de Deus\",\"datePublished\":\"2025-05-09T09:00:00+00:00\",\"dateModified\":\"2025-12-16T16:11:12+00:00\",\"mainEntityOfPage\":{\"@id\":\"https:\\\/\\\/www.oracaoefe.com\\\/quando-orar-nao-for-o-suficiente-confie-no-tempo-de-deus\\\/\"},\"wordCount\":826,\"image\":{\"@id\":\"https:\\\/\\\/www.oracaoefe.com\\\/quando-orar-nao-for-o-suficiente-confie-no-tempo-de-deus\\\/#primaryimage\"},\"thumbnailUrl\":\"https:\\\/\\\/www.oracaoefe.com\\\/wp-content\\\/uploads\\\/2025\\\/04\\\/quando_orar_nao_for_suficiente_confie_no_tempo_de_Deus.webp\",\"articleSection\":[\"F\u00e9\"],\"inLanguage\":\"en-US\"},{\"@type\":\"WebPage\",\"@id\":\"https:\\\/\\\/www.oracaoefe.com\\\/quando-orar-nao-for-o-suficiente-confie-no-tempo-de-deus\\\/\",\"url\":\"https:\\\/\\\/www.oracaoefe.com\\\/quando-orar-nao-for-o-suficiente-confie-no-tempo-de-deus\\\/\",\"name\":\"Quando orar n\u00e3o for o suficiente, confie no tempo de Deus - Ora\u00e7\u00e3o e F\u00e9\",\"isPartOf\":{\"@id\":\"https:\\\/\\\/www.oracaoefe.com\\\/#website\"},\"primaryImageOfPage\":{\"@id\":\"https:\\\/\\\/www.oracaoefe.com\\\/quando-orar-nao-for-o-suficiente-confie-no-tempo-de-deus\\\/#primaryimage\"},\"image\":{\"@id\":\"https:\\\/\\\/www.oracaoefe.com\\\/quando-orar-nao-for-o-suficiente-confie-no-tempo-de-deus\\\/#primaryimage\"},\"thumbnailUrl\":\"https:\\\/\\\/www.oracaoefe.com\\\/wp-content\\\/uploads\\\/2025\\\/04\\\/quando_orar_nao_for_suficiente_confie_no_tempo_de_Deus.webp\",\"datePublished\":\"2025-05-09T09:00:00+00:00\",\"dateModified\":\"2025-12-16T16:11:12+00:00\",\"author\":{\"@id\":\"https:\\\/\\\/www.oracaoefe.com\\\/#\\\/schema\\\/person\\\/17283c669442cf005c4d5bb58adfb7f5\"},\"description\":\"Deus tem pra voc\u00ea uma palavra de vida!\",\"breadcrumb\":{\"@id\":\"https:\\\/\\\/www.oracaoefe.com\\\/quando-orar-nao-for-o-suficiente-confie-no-tempo-de-deus\\\/#breadcrumb\"},\"inLanguage\":\"en-US\",\"potentialAction\":[{\"@type\":\"ReadAction\",\"target\":[\"https:\\\/\\\/www.oracaoefe.com\\\/quando-orar-nao-for-o-suficiente-confie-no-tempo-de-deus\\\/\"]}]},{\"@type\":\"ImageObject\",\"inLanguage\":\"en-US\",\"@id\":\"https:\\\/\\\/www.oracaoefe.com\\\/quando-orar-nao-for-o-suficiente-confie-no-tempo-de-deus\\\/#primaryimage\",\"url\":\"https:\\\/\\\/www.oracaoefe.com\\\/wp-content\\\/uploads\\\/2025\\\/04\\\/quando_orar_nao_for_suficiente_confie_no_tempo_de_Deus.webp\",\"contentUrl\":\"https:\\\/\\\/www.oracaoefe.com\\\/wp-content\\\/uploads\\\/2025\\\/04\\\/quando_orar_nao_for_suficiente_confie_no_tempo_de_Deus.webp\",\"width\":1536,\"height\":1024},{\"@type\":\"BreadcrumbList\",\"@id\":\"https:\\\/\\\/www.oracaoefe.com\\\/quando-orar-nao-for-o-suficiente-confie-no-tempo-de-deus\\\/#breadcrumb\",\"itemListElement\":[{\"@type\":\"ListItem\",\"position\":1,\"name\":\"Home\",\"item\":\"https:\\\/\\\/www.oracaoefe.com\\\/\"},{\"@type\":\"ListItem\",\"position\":2,\"name\":\"F\u00e9\",\"item\":\"https:\\\/\\\/www.oracaoefe.com\\\/es\\\/categoria\\\/fe\\\/\"},{\"@type\":\"ListItem\",\"position\":3,\"name\":\"Quando orar n\u00e3o for o suficiente, confie no tempo de Deus\"}]},{\"@type\":\"WebSite\",\"@id\":\"https:\\\/\\\/www.oracaoefe.com\\\/#website\",\"url\":\"https:\\\/\\\/www.oracaoefe.com\\\/\",\"name\":\"Ora\u00e7\u00e3o e F\u00e9\",\"description\":\"\",\"potentialAction\":[{\"@type\":\"SearchAction\",\"target\":{\"@type\":\"EntryPoint\",\"urlTemplate\":\"https:\\\/\\\/www.oracaoefe.com\\\/?s={search_term_string}\"},\"query-input\":{\"@type\":\"PropertyValueSpecification\",\"valueRequired\":true,\"valueName\":\"search_term_string\"}}],\"inLanguage\":\"en-US\"},{\"@type\":\"Person\",\"@id\":\"https:\\\/\\\/www.oracaoefe.com\\\/#\\\/schema\\\/person\\\/17283c669442cf005c4d5bb58adfb7f5\",\"name\":\"Michele Azevedo\",\"image\":{\"@type\":\"ImageObject\",\"inLanguage\":\"en-US\",\"@id\":\"https:\\\/\\\/secure.gravatar.com\\\/avatar\\\/6b0eb9d22841282815e2cd856a0061c45e1761cd54b22e952d98c4746939aa85?s=96&d=mm&r=g\",\"url\":\"https:\\\/\\\/secure.gravatar.com\\\/avatar\\\/6b0eb9d22841282815e2cd856a0061c45e1761cd54b22e952d98c4746939aa85?s=96&d=mm&r=g\",\"contentUrl\":\"https:\\\/\\\/secure.gravatar.com\\\/avatar\\\/6b0eb9d22841282815e2cd856a0061c45e1761cd54b22e952d98c4746939aa85?s=96&d=mm&r=g\",\"caption\":\"Michele Azevedo\"},\"description\":\"Formada em Letras - Portugu\u00eas\\\/ Ingl\u00eas pela UEPG, p\u00f3s-graduada em Arte na Educa\u00e7\u00e3o e Psicopedagogia Escolar, idealizadora do site Escritora de Sucesso, redatora e revisora dos conte\u00fados do Ora\u00e7\u00e3o e F\u00e9 com muita f\u00e9 e positividade.\",\"url\":\"https:\\\/\\\/www.oracaoefe.com\\\/en\\\/author\\\/michele-azevedo\\\/\"}]}<\/script>\n<!-- \/ Yoast SEO plugin. -->","yoast_head_json":{"title":"When prayer isn't enough, trust in God's timing - Prayer and Faith","description":"God has a word of life for you!","robots":{"index":"index","follow":"follow","max-snippet":"max-snippet:-1","max-image-preview":"max-image-preview:large","max-video-preview":"max-video-preview:-1"},"canonical":"https:\/\/www.oracaoefe.com\/en\/when-praying-isnt-enough-trust-in-gods-timing\/","og_locale":"en_US","og_type":"article","og_title":"Quando orar n\u00e3o for o suficiente, confie no tempo de Deus - Ora\u00e7\u00e3o e F\u00e9","og_description":"Deus tem pra voc\u00ea uma palavra de vida!","og_url":"https:\/\/www.oracaoefe.com\/en\/when-praying-isnt-enough-trust-in-gods-timing\/","og_site_name":"Ora\u00e7\u00e3o e F\u00e9","article_published_time":"2025-05-09T09:00:00+00:00","article_modified_time":"2025-12-16T16:11:12+00:00","og_image":[{"width":1536,"height":1024,"url":"https:\/\/www.oracaoefe.com\/wp-content\/uploads\/2025\/04\/quando_orar_nao_for_suficiente_confie_no_tempo_de_Deus.webp","type":"image\/webp"}],"author":"Michele Azevedo","twitter_card":"summary_large_image","twitter_misc":{"Written by":"Michele Azevedo","Est. reading time":"4 minutes"},"schema":{"@context":"https:\/\/schema.org","@graph":[{"@type":"Article","@id":"https:\/\/www.oracaoefe.com\/quando-orar-nao-for-o-suficiente-confie-no-tempo-de-deus\/#article","isPartOf":{"@id":"https:\/\/www.oracaoefe.com\/quando-orar-nao-for-o-suficiente-confie-no-tempo-de-deus\/"},"author":{"name":"Michele Azevedo","@id":"https:\/\/www.oracaoefe.com\/#\/schema\/person\/17283c669442cf005c4d5bb58adfb7f5"},"headline":"Quando orar n\u00e3o for o suficiente, confie no tempo de Deus","datePublished":"2025-05-09T09:00:00+00:00","dateModified":"2025-12-16T16:11:12+00:00","mainEntityOfPage":{"@id":"https:\/\/www.oracaoefe.com\/quando-orar-nao-for-o-suficiente-confie-no-tempo-de-deus\/"},"wordCount":826,"image":{"@id":"https:\/\/www.oracaoefe.com\/quando-orar-nao-for-o-suficiente-confie-no-tempo-de-deus\/#primaryimage"},"thumbnailUrl":"https:\/\/www.oracaoefe.com\/wp-content\/uploads\/2025\/04\/quando_orar_nao_for_suficiente_confie_no_tempo_de_Deus.webp","articleSection":["F\u00e9"],"inLanguage":"en-US"},{"@type":"WebPage","@id":"https:\/\/www.oracaoefe.com\/quando-orar-nao-for-o-suficiente-confie-no-tempo-de-deus\/","url":"https:\/\/www.oracaoefe.com\/quando-orar-nao-for-o-suficiente-confie-no-tempo-de-deus\/","name":"When prayer isn't enough, trust in God's timing - Prayer and Faith","isPartOf":{"@id":"https:\/\/www.oracaoefe.com\/#website"},"primaryImageOfPage":{"@id":"https:\/\/www.oracaoefe.com\/quando-orar-nao-for-o-suficiente-confie-no-tempo-de-deus\/#primaryimage"},"image":{"@id":"https:\/\/www.oracaoefe.com\/quando-orar-nao-for-o-suficiente-confie-no-tempo-de-deus\/#primaryimage"},"thumbnailUrl":"https:\/\/www.oracaoefe.com\/wp-content\/uploads\/2025\/04\/quando_orar_nao_for_suficiente_confie_no_tempo_de_Deus.webp","datePublished":"2025-05-09T09:00:00+00:00","dateModified":"2025-12-16T16:11:12+00:00","author":{"@id":"https:\/\/www.oracaoefe.com\/#\/schema\/person\/17283c669442cf005c4d5bb58adfb7f5"},"description":"God has a word of life for you!","breadcrumb":{"@id":"https:\/\/www.oracaoefe.com\/quando-orar-nao-for-o-suficiente-confie-no-tempo-de-deus\/#breadcrumb"},"inLanguage":"en-US","potentialAction":[{"@type":"ReadAction","target":["https:\/\/www.oracaoefe.com\/quando-orar-nao-for-o-suficiente-confie-no-tempo-de-deus\/"]}]},{"@type":"ImageObject","inLanguage":"en-US","@id":"https:\/\/www.oracaoefe.com\/quando-orar-nao-for-o-suficiente-confie-no-tempo-de-deus\/#primaryimage","url":"https:\/\/www.oracaoefe.com\/wp-content\/uploads\/2025\/04\/quando_orar_nao_for_suficiente_confie_no_tempo_de_Deus.webp","contentUrl":"https:\/\/www.oracaoefe.com\/wp-content\/uploads\/2025\/04\/quando_orar_nao_for_suficiente_confie_no_tempo_de_Deus.webp","width":1536,"height":1024},{"@type":"BreadcrumbList","@id":"https:\/\/www.oracaoefe.com\/quando-orar-nao-for-o-suficiente-confie-no-tempo-de-deus\/#breadcrumb","itemListElement":[{"@type":"ListItem","position":1,"name":"Home","item":"https:\/\/www.oracaoefe.com\/"},{"@type":"ListItem","position":2,"name":"F\u00e9","item":"https:\/\/www.oracaoefe.com\/es\/categoria\/fe\/"},{"@type":"ListItem","position":3,"name":"Quando orar n\u00e3o for o suficiente, confie no tempo de Deus"}]},{"@type":"WebSite","@id":"https:\/\/www.oracaoefe.com\/#website","url":"https:\/\/www.oracaoefe.com\/","name":"Prayer and Faith","description":"","potentialAction":[{"@type":"SearchAction","target":{"@type":"EntryPoint","urlTemplate":"https:\/\/www.oracaoefe.com\/?s={search_term_string}"},"query-input":{"@type":"PropertyValueSpecification","valueRequired":true,"valueName":"search_term_string"}}],"inLanguage":"en-US"},{"@type":"Person","@id":"https:\/\/www.oracaoefe.com\/#\/schema\/person\/17283c669442cf005c4d5bb58adfb7f5","name":"Michele Azevedo","image":{"@type":"ImageObject","inLanguage":"en-US","@id":"https:\/\/secure.gravatar.com\/avatar\/6b0eb9d22841282815e2cd856a0061c45e1761cd54b22e952d98c4746939aa85?s=96&d=mm&r=g","url":"https:\/\/secure.gravatar.com\/avatar\/6b0eb9d22841282815e2cd856a0061c45e1761cd54b22e952d98c4746939aa85?s=96&d=mm&r=g","contentUrl":"https:\/\/secure.gravatar.com\/avatar\/6b0eb9d22841282815e2cd856a0061c45e1761cd54b22e952d98c4746939aa85?s=96&d=mm&r=g","caption":"Michele Azevedo"},"description":"A graduate in Portuguese\/English Literature from UEPG, with postgraduate degrees in Art in Education and School Psychopedagogy, she is the creator of the Escritora de Sucesso website, and a writer and editor of the content for Ora\u00e7\u00e3o e F\u00e9 (Prayer and Faith) with great faith and positivity.","url":"https:\/\/www.oracaoefe.com\/en\/author\/michele-azevedo\/"}]}},"_links":{"self":[{"href":"https:\/\/www.oracaoefe.com\/en\/wp-json\/wp\/v2\/posts\/3540","targetHints":{"allow":["GET"]}}],"collection":[{"href":"https:\/\/www.oracaoefe.com\/en\/wp-json\/wp\/v2\/posts"}],"about":[{"href":"https:\/\/www.oracaoefe.com\/en\/wp-json\/wp\/v2\/types\/post"}],"author":[{"embeddable":true,"href":"https:\/\/www.oracaoefe.com\/en\/wp-json\/wp\/v2\/users\/3"}],"replies":[{"embeddable":true,"href":"https:\/\/www.oracaoefe.com\/en\/wp-json\/wp\/v2\/comments?post=3540"}],"version-history":[{"count":2,"href":"https:\/\/www.oracaoefe.com\/en\/wp-json\/wp\/v2\/posts\/3540\/revisions"}],"predecessor-version":[{"id":3557,"href":"https:\/\/www.oracaoefe.com\/en\/wp-json\/wp\/v2\/posts\/3540\/revisions\/3557"}],"wp:featuredmedia":[{"embeddable":true,"href":"https:\/\/www.oracaoefe.com\/en\/wp-json\/wp\/v2\/media\/3556"}],"wp:attachment":[{"href":"https:\/\/www.oracaoefe.com\/en\/wp-json\/wp\/v2\/media?parent=3540"}],"wp:term":[{"taxonomy":"category","embeddable":true,"href":"https:\/\/www.oracaoefe.com\/en\/wp-json\/wp\/v2\/categories?post=3540"},{"taxonomy":"post_tag","embeddable":true,"href":"https:\/\/www.oracaoefe.com\/en\/wp-json\/wp\/v2\/tags?post=3540"}],"curies":[{"name":"wp","href":"https:\/\/api.w.org\/{rel}","templated":true}]}}