{"id":3534,"date":"2025-04-30T06:00:00","date_gmt":"2025-04-30T09:00:00","guid":{"rendered":"https:\/\/www.oracaoefe.com\/?p=3534"},"modified":"2025-12-16T13:11:13","modified_gmt":"2025-12-16T16:11:13","slug":"this-short-prayer-can-change-your-day-try-it-today","status":"publish","type":"post","link":"https:\/\/www.oracaoefe.com\/en\/essa-oracao-curta-pode-mudar-seu-dia-experimente-hoje\/","title":{"rendered":"This short prayer can change your day: try it today"},"content":{"rendered":"<p>There are days when everything seems heavy. The mind is racing, the heart is restless, the news is bad, the worries are relentless. You feel like stopping the world and breathing. And sometimes, <strong>all we need is a moment of silence and connection.<\/strong> A moment to turn inwards. To the heights. To something greater.<\/p>\n\n\n\n<p>That's where <strong>the power of a short prayer.<\/strong><br>Simple, direct, without formalities - but full of truth.<br>That phrase that, however small, <strong>aligns the soul with hope.<\/strong><br>And it can completely change the tone of your day.<\/p>\n\n\n\n<p>Today you're going to learn about one of these prayers. And if you want, you can start right now.<\/p>\n\n\n\n<figure class=\"wp-block-image size-large\"><img loading=\"lazy\" decoding=\"async\" width=\"1024\" height=\"683\" src=\"https:\/\/www.oracaoefe.com\/wp-content\/uploads\/2025\/04\/oracao-1024x683.webp\" alt=\"\" class=\"wp-image-3548\" srcset=\"https:\/\/www.oracaoefe.com\/wp-content\/uploads\/2025\/04\/oracao-1024x683.webp 1024w, https:\/\/www.oracaoefe.com\/wp-content\/uploads\/2025\/04\/oracao-300x200.webp 300w, https:\/\/www.oracaoefe.com\/wp-content\/uploads\/2025\/04\/oracao-768x512.webp 768w, https:\/\/www.oracaoefe.com\/wp-content\/uploads\/2025\/04\/oracao-18x12.webp 18w, https:\/\/www.oracaoefe.com\/wp-content\/uploads\/2025\/04\/oracao.webp 1536w\" sizes=\"auto, (max-width: 1024px) 100vw, 1024px\" \/><\/figure>\n\n\n\n<h2 class=\"wp-block-heading\">Why do short sentences work?<\/h2>\n\n\n\n<p>Because they don't depend on time, place or elaborate ritual.<br>They fit into any break:<br>In line at the bank, on the bus, before a meeting, when you wake up, before you go to sleep.<\/p>\n\n\n\n<p>And more than that: short prayers <strong>soothe the mind without the need for explanations.<\/strong><br>They are like a spiritual anchor.<br>A reminder that, even in chaos, you can find peace.<\/p>\n\n\n\n<h2 class=\"wp-block-heading\">The prayer that can change your day<\/h2>\n\n\n\n<p>Repeat, calmly and feeling each word:<\/p>\n\n\n\n<p><strong>\"Lord, take care of me today. Take care of what I can't control. Calm what agitates me. Give peace to what hurts. Amen.\"<\/strong><\/p>\n\n\n\n<p>That's it.<br>But behind these few words, there is <strong>a profound movement of surrender.<\/strong><\/p>\n\n\n\n<p>When you say <em>\"Lord, take care of me today\"<\/em>you recognize that you don't have to carry everything yourself.<\/p>\n\n\n\n<p>When he says <em>\"take care of what I can't control\"<\/em>You let go of the burden of trying to predict, solve and master what is beyond your strength.<\/p>\n\n\n\n<p>And when it ends with <em>\"amen\"<\/em>You seal that moment with faith.<\/p>\n\n\n\n<h2 class=\"wp-block-heading\">What changes when you pray like this?<\/h2>\n\n\n\n<p>You change.<br>The world around you may remain the same for a while.<br>But inside, <strong>something is repositioned.<\/strong><\/p>\n\n\n\n<ul class=\"wp-block-list\">\n<li>Anxiety slows down<\/li>\n\n\n\n<li>The mind becomes less noisy<\/li>\n\n\n\n<li>The heart finds room to breathe<\/li>\n\n\n\n<li>Hope reorganizes itself<\/li>\n\n\n\n<li>God's presence is felt<\/li>\n<\/ul>\n\n\n\n<p>And little by little, what seemed impossible begins to seem bearable.<br>What seemed confusing begins to clear up.<br>What was hurting so much began to ease.<\/p>\n\n\n\n<h2 class=\"wp-block-heading\">A short prayer is not a weak prayer<\/h2>\n\n\n\n<p>Many people think they need beautiful words or long prayers to be heard by God. But <strong>God listens to the heart, not the length of the sentence.<\/strong><\/p>\n\n\n\n<p>Jesus himself taught that it's not the number of words that make a prayer heard, but <strong>for the sincerity with which it is made.<\/strong><\/p>\n\n\n\n<p>And some of the most powerful prayers there are <strong>almost whispers.<\/strong><\/p>\n\n\n\n<ul class=\"wp-block-list\">\n<li>\"Lord, have mercy.\"<\/li>\n\n\n\n<li>\"It gives me strength.\"<\/li>\n\n\n\n<li>\"Guide me, please.\"<\/li>\n\n\n\n<li>\"I trust.\"<\/li>\n\n\n\n<li>\"Speak to me, God.\"<\/li>\n<\/ul>\n\n\n\n<p>They're small phrases that can fit into a quick thought. But <strong>open a conversation with the sky.<\/strong><\/p>\n\n\n\n<h2 class=\"wp-block-heading\">When to use this short prayer?<\/h2>\n\n\n\n<p>When you feel the day is heavy.<br>When you don't know what to say.<br>When the mind is confused.<br>When you just want to feel welcome.<br>When you need reminding that you are not alone.<\/p>\n\n\n\n<p>It can be <strong>the beginning of a new way of relating to God:<\/strong> intimate, spontaneous, real.<\/p>\n\n\n\n<p>You don't have to kneel, light a candle or go to a temple (unless you want to).<br><strong>Just close your eyes for a moment.<\/strong><br>Or not at all. Just say it with your heart present.<\/p>\n\n\n\n<h2 class=\"wp-block-heading\">Adapt it to your way of speaking<\/h2>\n\n\n\n<p>You can use the prayer as it stands or adapt it in your own words.<\/p>\n\n\n\n<p>For example:<\/p>\n\n\n\n<ul class=\"wp-block-list\">\n<li>\"God, take care of me today. Calm my heart and help me with what I can't solve.\"<\/li>\n\n\n\n<li>\"Lord, give me lightness this day. Stay with me.\"<\/li>\n\n\n\n<li>\"I don't know what to do, but I entrust everything into your hands. Amen.\"<\/li>\n<\/ul>\n\n\n\n<p>Prayer doesn't have to be perfect.<br>It needs to be <strong>honest.<\/strong><\/p>\n\n\n\n<p><strong>See also: <a href=\"https:\/\/www.oracaoefe.com\/en\/prayer-to-settle-heart-anguish-and-bring-peace\/\">Prayer to calm the anguished heart and bring peace<\/a><\/strong><\/p>\n\n\n\n<p>April 30th, 2025<\/p>","protected":false},"excerpt":{"rendered":"<p>Tem dias em que tudo parece pesado. A mente acelerada, o cora\u00e7\u00e3o inquieto, as not\u00edcias ruins, as preocupa\u00e7\u00f5es que n\u00e3o d\u00e3o tr\u00e9gua. A vontade \u00e9 de parar o mundo e respirar. E, \u00e0s vezes, tudo o que a gente precisa \u00e9 de um instante de sil\u00eancio e conex\u00e3o. Um momento para se voltar para dentro.&hellip;&nbsp;<\/p>","protected":false},"author":3,"featured_media":3548,"comment_status":"closed","ping_status":"closed","sticky":false,"template":"","format":"standard","meta":{"neve_meta_sidebar":"","neve_meta_container":"","neve_meta_enable_content_width":"","neve_meta_content_width":0,"neve_meta_title_alignment":"","neve_meta_author_avatar":"","neve_post_elements_order":"","neve_meta_disable_header":"","neve_meta_disable_footer":"","neve_meta_disable_title":"","footnotes":""},"categories":[2],"tags":[],"class_list":["post-3534","post","type-post","status-publish","format-standard","has-post-thumbnail","hentry","category-oracao"],"yoast_head":"<!-- This site is optimized with the Yoast SEO plugin v27.5 - https:\/\/yoast.com\/product\/yoast-seo-wordpress\/ -->\n<title>Essa ora\u00e7\u00e3o curta pode mudar seu dia: experimente hoje - Ora\u00e7\u00e3o e F\u00e9<\/title>\n<meta name=\"description\" content=\"Deus tem pra voc\u00ea uma palavra de vida!\" \/>\n<meta name=\"robots\" content=\"index, follow, max-snippet:-1, max-image-preview:large, max-video-preview:-1\" \/>\n<link rel=\"canonical\" href=\"https:\/\/www.oracaoefe.com\/en\/this-short-prayer-can-change-your-day-try-it-today\/\" \/>\n<meta property=\"og:locale\" content=\"en_US\" \/>\n<meta property=\"og:type\" content=\"article\" \/>\n<meta property=\"og:title\" content=\"Essa ora\u00e7\u00e3o curta pode mudar seu dia: experimente hoje - Ora\u00e7\u00e3o e F\u00e9\" \/>\n<meta property=\"og:description\" content=\"Deus tem pra voc\u00ea uma palavra de vida!\" \/>\n<meta property=\"og:url\" content=\"https:\/\/www.oracaoefe.com\/en\/this-short-prayer-can-change-your-day-try-it-today\/\" \/>\n<meta property=\"og:site_name\" content=\"Ora\u00e7\u00e3o e F\u00e9\" \/>\n<meta property=\"article:published_time\" content=\"2025-04-30T09:00:00+00:00\" \/>\n<meta property=\"article:modified_time\" content=\"2025-12-16T16:11:13+00:00\" \/>\n<meta property=\"og:image\" content=\"https:\/\/www.oracaoefe.com\/wp-content\/uploads\/2025\/04\/oracao.webp\" \/>\n\t<meta property=\"og:image:width\" content=\"1536\" \/>\n\t<meta property=\"og:image:height\" content=\"1024\" \/>\n\t<meta property=\"og:image:type\" content=\"image\/webp\" \/>\n<meta name=\"author\" content=\"Michele Azevedo\" \/>\n<meta name=\"twitter:card\" content=\"summary_large_image\" \/>\n<meta name=\"twitter:label1\" content=\"Written by\" \/>\n\t<meta name=\"twitter:data1\" content=\"Michele Azevedo\" \/>\n\t<meta name=\"twitter:label2\" content=\"Est. reading time\" \/>\n\t<meta name=\"twitter:data2\" content=\"3 minutes\" \/>\n<script type=\"application\/ld+json\" class=\"yoast-schema-graph\">{\"@context\":\"https:\\\/\\\/schema.org\",\"@graph\":[{\"@type\":\"Article\",\"@id\":\"https:\\\/\\\/www.oracaoefe.com\\\/essa-oracao-curta-pode-mudar-seu-dia-experimente-hoje\\\/#article\",\"isPartOf\":{\"@id\":\"https:\\\/\\\/www.oracaoefe.com\\\/essa-oracao-curta-pode-mudar-seu-dia-experimente-hoje\\\/\"},\"author\":{\"name\":\"Michele Azevedo\",\"@id\":\"https:\\\/\\\/www.oracaoefe.com\\\/#\\\/schema\\\/person\\\/17283c669442cf005c4d5bb58adfb7f5\"},\"headline\":\"Essa ora\u00e7\u00e3o curta pode mudar seu dia: experimente hoje\",\"datePublished\":\"2025-04-30T09:00:00+00:00\",\"dateModified\":\"2025-12-16T16:11:13+00:00\",\"mainEntityOfPage\":{\"@id\":\"https:\\\/\\\/www.oracaoefe.com\\\/essa-oracao-curta-pode-mudar-seu-dia-experimente-hoje\\\/\"},\"wordCount\":704,\"image\":{\"@id\":\"https:\\\/\\\/www.oracaoefe.com\\\/essa-oracao-curta-pode-mudar-seu-dia-experimente-hoje\\\/#primaryimage\"},\"thumbnailUrl\":\"https:\\\/\\\/www.oracaoefe.com\\\/wp-content\\\/uploads\\\/2025\\\/04\\\/oracao.webp\",\"articleSection\":[\"Ora\u00e7\u00e3o\"],\"inLanguage\":\"en-US\"},{\"@type\":\"WebPage\",\"@id\":\"https:\\\/\\\/www.oracaoefe.com\\\/essa-oracao-curta-pode-mudar-seu-dia-experimente-hoje\\\/\",\"url\":\"https:\\\/\\\/www.oracaoefe.com\\\/essa-oracao-curta-pode-mudar-seu-dia-experimente-hoje\\\/\",\"name\":\"Essa ora\u00e7\u00e3o curta pode mudar seu dia: experimente hoje - Ora\u00e7\u00e3o e F\u00e9\",\"isPartOf\":{\"@id\":\"https:\\\/\\\/www.oracaoefe.com\\\/#website\"},\"primaryImageOfPage\":{\"@id\":\"https:\\\/\\\/www.oracaoefe.com\\\/essa-oracao-curta-pode-mudar-seu-dia-experimente-hoje\\\/#primaryimage\"},\"image\":{\"@id\":\"https:\\\/\\\/www.oracaoefe.com\\\/essa-oracao-curta-pode-mudar-seu-dia-experimente-hoje\\\/#primaryimage\"},\"thumbnailUrl\":\"https:\\\/\\\/www.oracaoefe.com\\\/wp-content\\\/uploads\\\/2025\\\/04\\\/oracao.webp\",\"datePublished\":\"2025-04-30T09:00:00+00:00\",\"dateModified\":\"2025-12-16T16:11:13+00:00\",\"author\":{\"@id\":\"https:\\\/\\\/www.oracaoefe.com\\\/#\\\/schema\\\/person\\\/17283c669442cf005c4d5bb58adfb7f5\"},\"description\":\"Deus tem pra voc\u00ea uma palavra de vida!\",\"breadcrumb\":{\"@id\":\"https:\\\/\\\/www.oracaoefe.com\\\/essa-oracao-curta-pode-mudar-seu-dia-experimente-hoje\\\/#breadcrumb\"},\"inLanguage\":\"en-US\",\"potentialAction\":[{\"@type\":\"ReadAction\",\"target\":[\"https:\\\/\\\/www.oracaoefe.com\\\/essa-oracao-curta-pode-mudar-seu-dia-experimente-hoje\\\/\"]}]},{\"@type\":\"ImageObject\",\"inLanguage\":\"en-US\",\"@id\":\"https:\\\/\\\/www.oracaoefe.com\\\/essa-oracao-curta-pode-mudar-seu-dia-experimente-hoje\\\/#primaryimage\",\"url\":\"https:\\\/\\\/www.oracaoefe.com\\\/wp-content\\\/uploads\\\/2025\\\/04\\\/oracao.webp\",\"contentUrl\":\"https:\\\/\\\/www.oracaoefe.com\\\/wp-content\\\/uploads\\\/2025\\\/04\\\/oracao.webp\",\"width\":1536,\"height\":1024},{\"@type\":\"BreadcrumbList\",\"@id\":\"https:\\\/\\\/www.oracaoefe.com\\\/essa-oracao-curta-pode-mudar-seu-dia-experimente-hoje\\\/#breadcrumb\",\"itemListElement\":[{\"@type\":\"ListItem\",\"position\":1,\"name\":\"Home\",\"item\":\"https:\\\/\\\/www.oracaoefe.com\\\/\"},{\"@type\":\"ListItem\",\"position\":2,\"name\":\"Ora\u00e7\u00e3o\",\"item\":\"https:\\\/\\\/www.oracaoefe.com\\\/category\\\/oracao\\\/\"},{\"@type\":\"ListItem\",\"position\":3,\"name\":\"Essa ora\u00e7\u00e3o curta pode mudar seu dia: experimente hoje\"}]},{\"@type\":\"WebSite\",\"@id\":\"https:\\\/\\\/www.oracaoefe.com\\\/#website\",\"url\":\"https:\\\/\\\/www.oracaoefe.com\\\/\",\"name\":\"Ora\u00e7\u00e3o e F\u00e9\",\"description\":\"\",\"potentialAction\":[{\"@type\":\"SearchAction\",\"target\":{\"@type\":\"EntryPoint\",\"urlTemplate\":\"https:\\\/\\\/www.oracaoefe.com\\\/?s={search_term_string}\"},\"query-input\":{\"@type\":\"PropertyValueSpecification\",\"valueRequired\":true,\"valueName\":\"search_term_string\"}}],\"inLanguage\":\"en-US\"},{\"@type\":\"Person\",\"@id\":\"https:\\\/\\\/www.oracaoefe.com\\\/#\\\/schema\\\/person\\\/17283c669442cf005c4d5bb58adfb7f5\",\"name\":\"Michele Azevedo\",\"image\":{\"@type\":\"ImageObject\",\"inLanguage\":\"en-US\",\"@id\":\"https:\\\/\\\/secure.gravatar.com\\\/avatar\\\/6b0eb9d22841282815e2cd856a0061c45e1761cd54b22e952d98c4746939aa85?s=96&d=mm&r=g\",\"url\":\"https:\\\/\\\/secure.gravatar.com\\\/avatar\\\/6b0eb9d22841282815e2cd856a0061c45e1761cd54b22e952d98c4746939aa85?s=96&d=mm&r=g\",\"contentUrl\":\"https:\\\/\\\/secure.gravatar.com\\\/avatar\\\/6b0eb9d22841282815e2cd856a0061c45e1761cd54b22e952d98c4746939aa85?s=96&d=mm&r=g\",\"caption\":\"Michele Azevedo\"},\"description\":\"Formada em Letras - Portugu\u00eas\\\/ Ingl\u00eas pela UEPG, p\u00f3s-graduada em Arte na Educa\u00e7\u00e3o e Psicopedagogia Escolar, idealizadora do site Escritora de Sucesso, redatora e revisora dos conte\u00fados do Ora\u00e7\u00e3o e F\u00e9 com muita f\u00e9 e positividade.\",\"url\":\"https:\\\/\\\/www.oracaoefe.com\\\/en\\\/author\\\/michele-azevedo\\\/\"}]}<\/script>\n<!-- \/ Yoast SEO plugin. -->","yoast_head_json":{"title":"This short prayer can change your day: try it today - Prayer and Faith","description":"God has a word of life for you!","robots":{"index":"index","follow":"follow","max-snippet":"max-snippet:-1","max-image-preview":"max-image-preview:large","max-video-preview":"max-video-preview:-1"},"canonical":"https:\/\/www.oracaoefe.com\/en\/this-short-prayer-can-change-your-day-try-it-today\/","og_locale":"en_US","og_type":"article","og_title":"Essa ora\u00e7\u00e3o curta pode mudar seu dia: experimente hoje - Ora\u00e7\u00e3o e F\u00e9","og_description":"Deus tem pra voc\u00ea uma palavra de vida!","og_url":"https:\/\/www.oracaoefe.com\/en\/this-short-prayer-can-change-your-day-try-it-today\/","og_site_name":"Ora\u00e7\u00e3o e F\u00e9","article_published_time":"2025-04-30T09:00:00+00:00","article_modified_time":"2025-12-16T16:11:13+00:00","og_image":[{"width":1536,"height":1024,"url":"https:\/\/www.oracaoefe.com\/wp-content\/uploads\/2025\/04\/oracao.webp","type":"image\/webp"}],"author":"Michele Azevedo","twitter_card":"summary_large_image","twitter_misc":{"Written by":"Michele Azevedo","Est. reading time":"3 minutes"},"schema":{"@context":"https:\/\/schema.org","@graph":[{"@type":"Article","@id":"https:\/\/www.oracaoefe.com\/essa-oracao-curta-pode-mudar-seu-dia-experimente-hoje\/#article","isPartOf":{"@id":"https:\/\/www.oracaoefe.com\/essa-oracao-curta-pode-mudar-seu-dia-experimente-hoje\/"},"author":{"name":"Michele Azevedo","@id":"https:\/\/www.oracaoefe.com\/#\/schema\/person\/17283c669442cf005c4d5bb58adfb7f5"},"headline":"Essa ora\u00e7\u00e3o curta pode mudar seu dia: experimente hoje","datePublished":"2025-04-30T09:00:00+00:00","dateModified":"2025-12-16T16:11:13+00:00","mainEntityOfPage":{"@id":"https:\/\/www.oracaoefe.com\/essa-oracao-curta-pode-mudar-seu-dia-experimente-hoje\/"},"wordCount":704,"image":{"@id":"https:\/\/www.oracaoefe.com\/essa-oracao-curta-pode-mudar-seu-dia-experimente-hoje\/#primaryimage"},"thumbnailUrl":"https:\/\/www.oracaoefe.com\/wp-content\/uploads\/2025\/04\/oracao.webp","articleSection":["Ora\u00e7\u00e3o"],"inLanguage":"en-US"},{"@type":"WebPage","@id":"https:\/\/www.oracaoefe.com\/essa-oracao-curta-pode-mudar-seu-dia-experimente-hoje\/","url":"https:\/\/www.oracaoefe.com\/essa-oracao-curta-pode-mudar-seu-dia-experimente-hoje\/","name":"This short prayer can change your day: try it today - Prayer and Faith","isPartOf":{"@id":"https:\/\/www.oracaoefe.com\/#website"},"primaryImageOfPage":{"@id":"https:\/\/www.oracaoefe.com\/essa-oracao-curta-pode-mudar-seu-dia-experimente-hoje\/#primaryimage"},"image":{"@id":"https:\/\/www.oracaoefe.com\/essa-oracao-curta-pode-mudar-seu-dia-experimente-hoje\/#primaryimage"},"thumbnailUrl":"https:\/\/www.oracaoefe.com\/wp-content\/uploads\/2025\/04\/oracao.webp","datePublished":"2025-04-30T09:00:00+00:00","dateModified":"2025-12-16T16:11:13+00:00","author":{"@id":"https:\/\/www.oracaoefe.com\/#\/schema\/person\/17283c669442cf005c4d5bb58adfb7f5"},"description":"God has a word of life for you!","breadcrumb":{"@id":"https:\/\/www.oracaoefe.com\/essa-oracao-curta-pode-mudar-seu-dia-experimente-hoje\/#breadcrumb"},"inLanguage":"en-US","potentialAction":[{"@type":"ReadAction","target":["https:\/\/www.oracaoefe.com\/essa-oracao-curta-pode-mudar-seu-dia-experimente-hoje\/"]}]},{"@type":"ImageObject","inLanguage":"en-US","@id":"https:\/\/www.oracaoefe.com\/essa-oracao-curta-pode-mudar-seu-dia-experimente-hoje\/#primaryimage","url":"https:\/\/www.oracaoefe.com\/wp-content\/uploads\/2025\/04\/oracao.webp","contentUrl":"https:\/\/www.oracaoefe.com\/wp-content\/uploads\/2025\/04\/oracao.webp","width":1536,"height":1024},{"@type":"BreadcrumbList","@id":"https:\/\/www.oracaoefe.com\/essa-oracao-curta-pode-mudar-seu-dia-experimente-hoje\/#breadcrumb","itemListElement":[{"@type":"ListItem","position":1,"name":"Home","item":"https:\/\/www.oracaoefe.com\/"},{"@type":"ListItem","position":2,"name":"Ora\u00e7\u00e3o","item":"https:\/\/www.oracaoefe.com\/category\/oracao\/"},{"@type":"ListItem","position":3,"name":"Essa ora\u00e7\u00e3o curta pode mudar seu dia: experimente hoje"}]},{"@type":"WebSite","@id":"https:\/\/www.oracaoefe.com\/#website","url":"https:\/\/www.oracaoefe.com\/","name":"Prayer and Faith","description":"","potentialAction":[{"@type":"SearchAction","target":{"@type":"EntryPoint","urlTemplate":"https:\/\/www.oracaoefe.com\/?s={search_term_string}"},"query-input":{"@type":"PropertyValueSpecification","valueRequired":true,"valueName":"search_term_string"}}],"inLanguage":"en-US"},{"@type":"Person","@id":"https:\/\/www.oracaoefe.com\/#\/schema\/person\/17283c669442cf005c4d5bb58adfb7f5","name":"Michele Azevedo","image":{"@type":"ImageObject","inLanguage":"en-US","@id":"https:\/\/secure.gravatar.com\/avatar\/6b0eb9d22841282815e2cd856a0061c45e1761cd54b22e952d98c4746939aa85?s=96&d=mm&r=g","url":"https:\/\/secure.gravatar.com\/avatar\/6b0eb9d22841282815e2cd856a0061c45e1761cd54b22e952d98c4746939aa85?s=96&d=mm&r=g","contentUrl":"https:\/\/secure.gravatar.com\/avatar\/6b0eb9d22841282815e2cd856a0061c45e1761cd54b22e952d98c4746939aa85?s=96&d=mm&r=g","caption":"Michele Azevedo"},"description":"A graduate in Portuguese\/English Literature from UEPG, with postgraduate degrees in Art in Education and School Psychopedagogy, she is the creator of the Escritora de Sucesso website, and a writer and editor of the content for Ora\u00e7\u00e3o e F\u00e9 (Prayer and Faith) with great faith and positivity.","url":"https:\/\/www.oracaoefe.com\/en\/author\/michele-azevedo\/"}]}},"_links":{"self":[{"href":"https:\/\/www.oracaoefe.com\/en\/wp-json\/wp\/v2\/posts\/3534","targetHints":{"allow":["GET"]}}],"collection":[{"href":"https:\/\/www.oracaoefe.com\/en\/wp-json\/wp\/v2\/posts"}],"about":[{"href":"https:\/\/www.oracaoefe.com\/en\/wp-json\/wp\/v2\/types\/post"}],"author":[{"embeddable":true,"href":"https:\/\/www.oracaoefe.com\/en\/wp-json\/wp\/v2\/users\/3"}],"replies":[{"embeddable":true,"href":"https:\/\/www.oracaoefe.com\/en\/wp-json\/wp\/v2\/comments?post=3534"}],"version-history":[{"count":2,"href":"https:\/\/www.oracaoefe.com\/en\/wp-json\/wp\/v2\/posts\/3534\/revisions"}],"predecessor-version":[{"id":3553,"href":"https:\/\/www.oracaoefe.com\/en\/wp-json\/wp\/v2\/posts\/3534\/revisions\/3553"}],"wp:featuredmedia":[{"embeddable":true,"href":"https:\/\/www.oracaoefe.com\/en\/wp-json\/wp\/v2\/media\/3548"}],"wp:attachment":[{"href":"https:\/\/www.oracaoefe.com\/en\/wp-json\/wp\/v2\/media?parent=3534"}],"wp:term":[{"taxonomy":"category","embeddable":true,"href":"https:\/\/www.oracaoefe.com\/en\/wp-json\/wp\/v2\/categories?post=3534"},{"taxonomy":"post_tag","embeddable":true,"href":"https:\/\/www.oracaoefe.com\/en\/wp-json\/wp\/v2\/tags?post=3534"}],"curies":[{"name":"wp","href":"https:\/\/api.w.org\/{rel}","templated":true}]}}