{"id":3530,"date":"2025-04-24T06:00:00","date_gmt":"2025-04-24T09:00:00","guid":{"rendered":"https:\/\/www.oracaoefe.com\/?p=3530"},"modified":"2025-12-16T13:11:14","modified_gmt":"2025-12-16T16:11:14","slug":"when-all-seems-lost-thats-when-faith-kicks-in","status":"publish","type":"post","link":"https:\/\/www.oracaoefe.com\/en\/quando-tudo-parece-perdido-e-ai-que-a-fe-comeca-a-agir\/","title":{"rendered":"When all seems lost, that's when faith kicks in"},"content":{"rendered":"<p>Some days seem too dark. The ground disappears, hope hides, and all we feel is a harsh, almost suffocating silence. Life becomes a burden, and questions arise in silence: <em>\"Can I stand it?\"<\/em> or <em>\"Why is this happening to me?\"<\/em><\/p>\n\n\n\n<p>It is precisely in these moments - when all seems lost - that <strong>faith begins to act.<\/strong><\/p>\n\n\n\n<p>Not like instant magic, but like a silent seed that sprouts in the middle of the desert. Faith doesn't shout. It whispers. It holds our hand from the inside, even when we don't feel it. And if you're going through something like this right now, know that this pain <strong>is not the end of your story.<\/strong><\/p>\n\n\n\n<figure class=\"wp-block-image size-large\"><img loading=\"lazy\" decoding=\"async\" width=\"1024\" height=\"683\" src=\"https:\/\/www.oracaoefe.com\/wp-content\/uploads\/2025\/04\/quando_tudo_parece_perdido_fe_paisagem-1024x683.webp\" alt=\"\" class=\"wp-image-3546\" srcset=\"https:\/\/www.oracaoefe.com\/wp-content\/uploads\/2025\/04\/quando_tudo_parece_perdido_fe_paisagem-1024x683.webp 1024w, https:\/\/www.oracaoefe.com\/wp-content\/uploads\/2025\/04\/quando_tudo_parece_perdido_fe_paisagem-300x200.webp 300w, https:\/\/www.oracaoefe.com\/wp-content\/uploads\/2025\/04\/quando_tudo_parece_perdido_fe_paisagem-768x512.webp 768w, https:\/\/www.oracaoefe.com\/wp-content\/uploads\/2025\/04\/quando_tudo_parece_perdido_fe_paisagem-18x12.webp 18w, https:\/\/www.oracaoefe.com\/wp-content\/uploads\/2025\/04\/quando_tudo_parece_perdido_fe_paisagem.webp 1536w\" sizes=\"auto, (max-width: 1024px) 100vw, 1024px\" \/><\/figure>\n\n\n\n<h2 class=\"wp-block-heading\">Faith doesn't prevent suffering, but it transforms the outlook<\/h2>\n\n\n\n<p>Believing is not living in a fairy tale. Faith is not a guarantee of a life without losses, falls or sleepless nights. Faith is continuing even when you're afraid. It's looking at the chaos around you and saying, with a squeezed heart: <em>\"It will pass.\"<\/em><\/p>\n\n\n\n<p>Faith is what sustains us when logic fails. When the doctor says it's hopeless. When the money runs out. When the heart breaks. When the door closes. That's exactly when <strong>faith rises up - and begins to act.<\/strong><\/p>\n\n\n\n<h2 class=\"wp-block-heading\">Why does faith usually appear when everything falls apart?<\/h2>\n\n\n\n<p>Because that's where we <strong>stop trying to control everything.<\/strong><br>That's when we realize that there are limits to our human strength. And no matter how much we plan, insist or fight, there are times when everything gets out of hand.<\/p>\n\n\n\n<p>And that's where faith comes in.<br>Because faith <strong>no need for guarantees<\/strong>.<br>Faith is born when everything that was certain becomes uncertain.<br>Faith grows in the dark.<\/p>\n\n\n\n<h2 class=\"wp-block-heading\">Stories that show this<\/h2>\n\n\n\n<p>How many people do you know who have only discovered the power of faith <strong>after a loss<\/strong>?<br>How many new beginnings have been born after hitting rock bottom?<br>How many small - and sometimes invisible - miracles have appeared in the midst of moments when all seemed lost?<\/p>\n\n\n\n<p>The mother who thought she couldn't bear the loss of her son - and today welcomes other mothers.<br>The man who lost everything and today has rebuilt not only his career, but the meaning of his life.<br>The woman who faced cancer with a serenity that didn't come from her, but from a greater force.<\/p>\n\n\n\n<p>None of this came without pain.<br>But it all blossomed <strong>because of the faith that was born in pain.<\/strong><\/p>\n\n\n\n<h2 class=\"wp-block-heading\">The faith that comes from the invisible<\/h2>\n\n\n\n<p>Faith is not seeing with your eyes. \u00c9 <strong>feel with your soul.<\/strong><br>It's believing that there's something going on behind the scenes, even when everything says otherwise.<\/p>\n\n\n\n<p>It's praying and not getting answers - but still praying.<br>It's giving thanks without understanding.<br>It's about going on with tears in your eyes and still saying: <em>\"I believe.\"<\/em><\/p>\n\n\n\n<p>This faith is intimate, silent and often solitary. But it is real. E <strong>powerful.<\/strong><\/p>\n\n\n\n<h2 class=\"wp-block-heading\">When all seems lost... breathe<\/h2>\n\n\n\n<p>If you're living through such a time right now, here's a sincere reminder:<\/p>\n\n\n\n<p>You're still here.<br>You're still breathing.<br>And that alone shows that <strong>the story is not over.<\/strong><\/p>\n\n\n\n<p>It doesn't matter how many doors are closed.<br>It doesn't matter how many people have left you.<br>It doesn't matter how heavy your soul is.<\/p>\n\n\n\n<p><strong>Faith works in the invisible.<\/strong> She's supporting you now, even if you don't feel it.<\/p>\n\n\n\n<h2 class=\"wp-block-heading\">What to do when faith seems weak?<\/h2>\n\n\n\n<p>We all have days when <strong>faith wavers.<\/strong><br>When doubt shouts louder than prayer.<br>When pain seems to win.<\/p>\n\n\n\n<p>And that's fine. Faith doesn't have to be huge.<br>It just needs to exist.<br>Even if it's the size of a mustard seed, as the scripture said.<br>And with that little grain, <strong>miracles do happen.<\/strong><\/p>\n\n\n\n<p>On difficult days:<\/p>\n\n\n\n<ul class=\"wp-block-list\">\n<li>Pray, even in silence<\/li>\n\n\n\n<li>Read something that connects you to the sacred<\/li>\n\n\n\n<li>Cry if you have to - faith doesn't cancel out tears<\/li>\n\n\n\n<li>Talk to people who strengthen you<\/li>\n\n\n\n<li>Take a walk and observe life around you: everything is renewed, including you<\/li>\n\n\n\n<li>Write down what you feel, even if it's messy<\/li>\n<\/ul>\n\n\n\n<p>Faith is expressed in simple ways. And it is strengthened little by little, in practice, in everyday life.<\/p>\n\n\n\n<h2 class=\"wp-block-heading\">Faith that transforms without making a sound<\/h2>\n\n\n\n<p>You won't hear fireworks.<br>You won't feel a magical wave of light.<br>But suddenly something changes: <strong>your posture.<\/strong><br>You get out of bed with more courage.<br>He can smile, even in pain.<br>He begins to see possibilities where before he only saw walls.<br>And then he realizes: <strong>faith acted.<\/strong><\/p>\n\n\n\n<p>She supported you without you realizing it.<br>She planted roots in the chaos.<br>She was rebuilding you from the inside.<\/p>\n\n\n\n<h2 class=\"wp-block-heading\">And the miracle? Will it come?<\/h2>\n\n\n\n<p>Yes. Sometimes it comes as you expect.<br>But most of the time, <strong>it comes in a different way.<\/strong><\/p>\n\n\n\n<ul class=\"wp-block-list\">\n<li>It comes in the form of peace, when everything is still a mess<\/li>\n\n\n\n<li>He comes like a person who appears at the right time<\/li>\n\n\n\n<li>It comes as an inexplicable force to keep going<\/li>\n\n\n\n<li>It comes as an unexpected opportunity<\/li>\n\n\n\n<li>It comes as forgiveness<\/li>\n\n\n\n<li>It comes as a relief<\/li>\n\n\n\n<li>It comes like renewed faith<\/li>\n<\/ul>\n\n\n\n<p>A miracle is not always a cure or money or an immediate solution.<br>Miracle is <strong>not to lose hope when all seems lost.<\/strong><\/p>\n\n\n\n<p><strong>See also: <a href=\"https:\/\/www.oracaoefe.com\/en\/prayer-to-settle-heart-anguish-and-bring-peace\/\">Prayer to calm the anguished heart and bring peace<\/a><\/strong><\/p>\n\n\n\n<p>April 24, 2025<\/p>","protected":false},"excerpt":{"rendered":"<p>Tem dias que parecem escuros demais. O ch\u00e3o desaparece, a esperan\u00e7a se esconde, e tudo o que a gente sente \u00e9 um sil\u00eancio duro, quase sufocante. A vida vira um peso, e as perguntas surgem em sil\u00eancio: \u201cSer\u00e1 que eu aguento?\u201d ou \u201cPor que isso est\u00e1 acontecendo comigo?\u201d \u00c9 justamente nesses momentos \u2014 quando tudo&hellip;&nbsp;<\/p>","protected":false},"author":3,"featured_media":3546,"comment_status":"closed","ping_status":"closed","sticky":false,"template":"","format":"standard","meta":{"neve_meta_sidebar":"","neve_meta_container":"","neve_meta_enable_content_width":"","neve_meta_content_width":0,"neve_meta_title_alignment":"","neve_meta_author_avatar":"","neve_post_elements_order":"","neve_meta_disable_header":"","neve_meta_disable_footer":"","neve_meta_disable_title":"","footnotes":""},"categories":[3],"tags":[],"class_list":["post-3530","post","type-post","status-publish","format-standard","has-post-thumbnail","hentry","category-fe"],"yoast_head":"<!-- This site is optimized with the Yoast SEO plugin v27.5 - https:\/\/yoast.com\/product\/yoast-seo-wordpress\/ -->\n<title>Quando tudo parece perdido, \u00e9 a\u00ed que a f\u00e9 come\u00e7a a agir - Ora\u00e7\u00e3o e F\u00e9<\/title>\n<meta name=\"description\" content=\"Deus tem pra voc\u00ea uma palavra de vida!\" \/>\n<meta name=\"robots\" content=\"index, follow, max-snippet:-1, max-image-preview:large, max-video-preview:-1\" \/>\n<link rel=\"canonical\" href=\"https:\/\/www.oracaoefe.com\/en\/when-all-seems-lost-thats-when-faith-kicks-in\/\" \/>\n<meta property=\"og:locale\" content=\"en_US\" \/>\n<meta property=\"og:type\" content=\"article\" \/>\n<meta property=\"og:title\" content=\"Quando tudo parece perdido, \u00e9 a\u00ed que a f\u00e9 come\u00e7a a agir - Ora\u00e7\u00e3o e F\u00e9\" \/>\n<meta property=\"og:description\" content=\"Deus tem pra voc\u00ea uma palavra de vida!\" \/>\n<meta property=\"og:url\" content=\"https:\/\/www.oracaoefe.com\/en\/when-all-seems-lost-thats-when-faith-kicks-in\/\" \/>\n<meta property=\"og:site_name\" content=\"Ora\u00e7\u00e3o e F\u00e9\" \/>\n<meta property=\"article:published_time\" content=\"2025-04-24T09:00:00+00:00\" \/>\n<meta property=\"article:modified_time\" content=\"2025-12-16T16:11:14+00:00\" \/>\n<meta property=\"og:image\" content=\"https:\/\/www.oracaoefe.com\/wp-content\/uploads\/2025\/04\/quando_tudo_parece_perdido_fe_paisagem.webp\" \/>\n\t<meta property=\"og:image:width\" content=\"1536\" \/>\n\t<meta property=\"og:image:height\" content=\"1024\" \/>\n\t<meta property=\"og:image:type\" content=\"image\/webp\" \/>\n<meta name=\"author\" content=\"Michele Azevedo\" \/>\n<meta name=\"twitter:card\" content=\"summary_large_image\" \/>\n<meta name=\"twitter:label1\" content=\"Written by\" \/>\n\t<meta name=\"twitter:data1\" content=\"Michele Azevedo\" \/>\n\t<meta name=\"twitter:label2\" content=\"Est. reading time\" \/>\n\t<meta name=\"twitter:data2\" content=\"5 minutes\" \/>\n<script type=\"application\/ld+json\" class=\"yoast-schema-graph\">{\"@context\":\"https:\\\/\\\/schema.org\",\"@graph\":[{\"@type\":\"Article\",\"@id\":\"https:\\\/\\\/www.oracaoefe.com\\\/quando-tudo-parece-perdido-e-ai-que-a-fe-comeca-a-agir\\\/#article\",\"isPartOf\":{\"@id\":\"https:\\\/\\\/www.oracaoefe.com\\\/quando-tudo-parece-perdido-e-ai-que-a-fe-comeca-a-agir\\\/\"},\"author\":{\"name\":\"Michele Azevedo\",\"@id\":\"https:\\\/\\\/www.oracaoefe.com\\\/#\\\/schema\\\/person\\\/17283c669442cf005c4d5bb58adfb7f5\"},\"headline\":\"Quando tudo parece perdido, \u00e9 a\u00ed que a f\u00e9 come\u00e7a a agir\",\"datePublished\":\"2025-04-24T09:00:00+00:00\",\"dateModified\":\"2025-12-16T16:11:14+00:00\",\"mainEntityOfPage\":{\"@id\":\"https:\\\/\\\/www.oracaoefe.com\\\/quando-tudo-parece-perdido-e-ai-que-a-fe-comeca-a-agir\\\/\"},\"wordCount\":928,\"image\":{\"@id\":\"https:\\\/\\\/www.oracaoefe.com\\\/quando-tudo-parece-perdido-e-ai-que-a-fe-comeca-a-agir\\\/#primaryimage\"},\"thumbnailUrl\":\"https:\\\/\\\/www.oracaoefe.com\\\/wp-content\\\/uploads\\\/2025\\\/04\\\/quando_tudo_parece_perdido_fe_paisagem.webp\",\"articleSection\":[\"F\u00e9\"],\"inLanguage\":\"en-US\"},{\"@type\":\"WebPage\",\"@id\":\"https:\\\/\\\/www.oracaoefe.com\\\/quando-tudo-parece-perdido-e-ai-que-a-fe-comeca-a-agir\\\/\",\"url\":\"https:\\\/\\\/www.oracaoefe.com\\\/quando-tudo-parece-perdido-e-ai-que-a-fe-comeca-a-agir\\\/\",\"name\":\"Quando tudo parece perdido, \u00e9 a\u00ed que a f\u00e9 come\u00e7a a agir - Ora\u00e7\u00e3o e F\u00e9\",\"isPartOf\":{\"@id\":\"https:\\\/\\\/www.oracaoefe.com\\\/#website\"},\"primaryImageOfPage\":{\"@id\":\"https:\\\/\\\/www.oracaoefe.com\\\/quando-tudo-parece-perdido-e-ai-que-a-fe-comeca-a-agir\\\/#primaryimage\"},\"image\":{\"@id\":\"https:\\\/\\\/www.oracaoefe.com\\\/quando-tudo-parece-perdido-e-ai-que-a-fe-comeca-a-agir\\\/#primaryimage\"},\"thumbnailUrl\":\"https:\\\/\\\/www.oracaoefe.com\\\/wp-content\\\/uploads\\\/2025\\\/04\\\/quando_tudo_parece_perdido_fe_paisagem.webp\",\"datePublished\":\"2025-04-24T09:00:00+00:00\",\"dateModified\":\"2025-12-16T16:11:14+00:00\",\"author\":{\"@id\":\"https:\\\/\\\/www.oracaoefe.com\\\/#\\\/schema\\\/person\\\/17283c669442cf005c4d5bb58adfb7f5\"},\"description\":\"Deus tem pra voc\u00ea uma palavra de vida!\",\"breadcrumb\":{\"@id\":\"https:\\\/\\\/www.oracaoefe.com\\\/quando-tudo-parece-perdido-e-ai-que-a-fe-comeca-a-agir\\\/#breadcrumb\"},\"inLanguage\":\"en-US\",\"potentialAction\":[{\"@type\":\"ReadAction\",\"target\":[\"https:\\\/\\\/www.oracaoefe.com\\\/quando-tudo-parece-perdido-e-ai-que-a-fe-comeca-a-agir\\\/\"]}]},{\"@type\":\"ImageObject\",\"inLanguage\":\"en-US\",\"@id\":\"https:\\\/\\\/www.oracaoefe.com\\\/quando-tudo-parece-perdido-e-ai-que-a-fe-comeca-a-agir\\\/#primaryimage\",\"url\":\"https:\\\/\\\/www.oracaoefe.com\\\/wp-content\\\/uploads\\\/2025\\\/04\\\/quando_tudo_parece_perdido_fe_paisagem.webp\",\"contentUrl\":\"https:\\\/\\\/www.oracaoefe.com\\\/wp-content\\\/uploads\\\/2025\\\/04\\\/quando_tudo_parece_perdido_fe_paisagem.webp\",\"width\":1536,\"height\":1024},{\"@type\":\"BreadcrumbList\",\"@id\":\"https:\\\/\\\/www.oracaoefe.com\\\/quando-tudo-parece-perdido-e-ai-que-a-fe-comeca-a-agir\\\/#breadcrumb\",\"itemListElement\":[{\"@type\":\"ListItem\",\"position\":1,\"name\":\"Home\",\"item\":\"https:\\\/\\\/www.oracaoefe.com\\\/\"},{\"@type\":\"ListItem\",\"position\":2,\"name\":\"F\u00e9\",\"item\":\"https:\\\/\\\/www.oracaoefe.com\\\/es\\\/categoria\\\/fe\\\/\"},{\"@type\":\"ListItem\",\"position\":3,\"name\":\"Quando tudo parece perdido, \u00e9 a\u00ed que a f\u00e9 come\u00e7a a agir\"}]},{\"@type\":\"WebSite\",\"@id\":\"https:\\\/\\\/www.oracaoefe.com\\\/#website\",\"url\":\"https:\\\/\\\/www.oracaoefe.com\\\/\",\"name\":\"Ora\u00e7\u00e3o e F\u00e9\",\"description\":\"\",\"potentialAction\":[{\"@type\":\"SearchAction\",\"target\":{\"@type\":\"EntryPoint\",\"urlTemplate\":\"https:\\\/\\\/www.oracaoefe.com\\\/?s={search_term_string}\"},\"query-input\":{\"@type\":\"PropertyValueSpecification\",\"valueRequired\":true,\"valueName\":\"search_term_string\"}}],\"inLanguage\":\"en-US\"},{\"@type\":\"Person\",\"@id\":\"https:\\\/\\\/www.oracaoefe.com\\\/#\\\/schema\\\/person\\\/17283c669442cf005c4d5bb58adfb7f5\",\"name\":\"Michele Azevedo\",\"image\":{\"@type\":\"ImageObject\",\"inLanguage\":\"en-US\",\"@id\":\"https:\\\/\\\/secure.gravatar.com\\\/avatar\\\/6b0eb9d22841282815e2cd856a0061c45e1761cd54b22e952d98c4746939aa85?s=96&d=mm&r=g\",\"url\":\"https:\\\/\\\/secure.gravatar.com\\\/avatar\\\/6b0eb9d22841282815e2cd856a0061c45e1761cd54b22e952d98c4746939aa85?s=96&d=mm&r=g\",\"contentUrl\":\"https:\\\/\\\/secure.gravatar.com\\\/avatar\\\/6b0eb9d22841282815e2cd856a0061c45e1761cd54b22e952d98c4746939aa85?s=96&d=mm&r=g\",\"caption\":\"Michele Azevedo\"},\"description\":\"Formada em Letras - Portugu\u00eas\\\/ Ingl\u00eas pela UEPG, p\u00f3s-graduada em Arte na Educa\u00e7\u00e3o e Psicopedagogia Escolar, idealizadora do site Escritora de Sucesso, redatora e revisora dos conte\u00fados do Ora\u00e7\u00e3o e F\u00e9 com muita f\u00e9 e positividade.\",\"url\":\"https:\\\/\\\/www.oracaoefe.com\\\/en\\\/author\\\/michele-azevedo\\\/\"}]}<\/script>\n<!-- \/ Yoast SEO plugin. -->","yoast_head_json":{"title":"When all seems lost, that's when faith kicks in - Prayer and Faith","description":"God has a word of life for you!","robots":{"index":"index","follow":"follow","max-snippet":"max-snippet:-1","max-image-preview":"max-image-preview:large","max-video-preview":"max-video-preview:-1"},"canonical":"https:\/\/www.oracaoefe.com\/en\/when-all-seems-lost-thats-when-faith-kicks-in\/","og_locale":"en_US","og_type":"article","og_title":"Quando tudo parece perdido, \u00e9 a\u00ed que a f\u00e9 come\u00e7a a agir - Ora\u00e7\u00e3o e F\u00e9","og_description":"Deus tem pra voc\u00ea uma palavra de vida!","og_url":"https:\/\/www.oracaoefe.com\/en\/when-all-seems-lost-thats-when-faith-kicks-in\/","og_site_name":"Ora\u00e7\u00e3o e F\u00e9","article_published_time":"2025-04-24T09:00:00+00:00","article_modified_time":"2025-12-16T16:11:14+00:00","og_image":[{"width":1536,"height":1024,"url":"https:\/\/www.oracaoefe.com\/wp-content\/uploads\/2025\/04\/quando_tudo_parece_perdido_fe_paisagem.webp","type":"image\/webp"}],"author":"Michele Azevedo","twitter_card":"summary_large_image","twitter_misc":{"Written by":"Michele Azevedo","Est. reading time":"5 minutes"},"schema":{"@context":"https:\/\/schema.org","@graph":[{"@type":"Article","@id":"https:\/\/www.oracaoefe.com\/quando-tudo-parece-perdido-e-ai-que-a-fe-comeca-a-agir\/#article","isPartOf":{"@id":"https:\/\/www.oracaoefe.com\/quando-tudo-parece-perdido-e-ai-que-a-fe-comeca-a-agir\/"},"author":{"name":"Michele Azevedo","@id":"https:\/\/www.oracaoefe.com\/#\/schema\/person\/17283c669442cf005c4d5bb58adfb7f5"},"headline":"Quando tudo parece perdido, \u00e9 a\u00ed que a f\u00e9 come\u00e7a a agir","datePublished":"2025-04-24T09:00:00+00:00","dateModified":"2025-12-16T16:11:14+00:00","mainEntityOfPage":{"@id":"https:\/\/www.oracaoefe.com\/quando-tudo-parece-perdido-e-ai-que-a-fe-comeca-a-agir\/"},"wordCount":928,"image":{"@id":"https:\/\/www.oracaoefe.com\/quando-tudo-parece-perdido-e-ai-que-a-fe-comeca-a-agir\/#primaryimage"},"thumbnailUrl":"https:\/\/www.oracaoefe.com\/wp-content\/uploads\/2025\/04\/quando_tudo_parece_perdido_fe_paisagem.webp","articleSection":["F\u00e9"],"inLanguage":"en-US"},{"@type":"WebPage","@id":"https:\/\/www.oracaoefe.com\/quando-tudo-parece-perdido-e-ai-que-a-fe-comeca-a-agir\/","url":"https:\/\/www.oracaoefe.com\/quando-tudo-parece-perdido-e-ai-que-a-fe-comeca-a-agir\/","name":"When all seems lost, that's when faith kicks in - Prayer and Faith","isPartOf":{"@id":"https:\/\/www.oracaoefe.com\/#website"},"primaryImageOfPage":{"@id":"https:\/\/www.oracaoefe.com\/quando-tudo-parece-perdido-e-ai-que-a-fe-comeca-a-agir\/#primaryimage"},"image":{"@id":"https:\/\/www.oracaoefe.com\/quando-tudo-parece-perdido-e-ai-que-a-fe-comeca-a-agir\/#primaryimage"},"thumbnailUrl":"https:\/\/www.oracaoefe.com\/wp-content\/uploads\/2025\/04\/quando_tudo_parece_perdido_fe_paisagem.webp","datePublished":"2025-04-24T09:00:00+00:00","dateModified":"2025-12-16T16:11:14+00:00","author":{"@id":"https:\/\/www.oracaoefe.com\/#\/schema\/person\/17283c669442cf005c4d5bb58adfb7f5"},"description":"God has a word of life for you!","breadcrumb":{"@id":"https:\/\/www.oracaoefe.com\/quando-tudo-parece-perdido-e-ai-que-a-fe-comeca-a-agir\/#breadcrumb"},"inLanguage":"en-US","potentialAction":[{"@type":"ReadAction","target":["https:\/\/www.oracaoefe.com\/quando-tudo-parece-perdido-e-ai-que-a-fe-comeca-a-agir\/"]}]},{"@type":"ImageObject","inLanguage":"en-US","@id":"https:\/\/www.oracaoefe.com\/quando-tudo-parece-perdido-e-ai-que-a-fe-comeca-a-agir\/#primaryimage","url":"https:\/\/www.oracaoefe.com\/wp-content\/uploads\/2025\/04\/quando_tudo_parece_perdido_fe_paisagem.webp","contentUrl":"https:\/\/www.oracaoefe.com\/wp-content\/uploads\/2025\/04\/quando_tudo_parece_perdido_fe_paisagem.webp","width":1536,"height":1024},{"@type":"BreadcrumbList","@id":"https:\/\/www.oracaoefe.com\/quando-tudo-parece-perdido-e-ai-que-a-fe-comeca-a-agir\/#breadcrumb","itemListElement":[{"@type":"ListItem","position":1,"name":"Home","item":"https:\/\/www.oracaoefe.com\/"},{"@type":"ListItem","position":2,"name":"F\u00e9","item":"https:\/\/www.oracaoefe.com\/es\/categoria\/fe\/"},{"@type":"ListItem","position":3,"name":"Quando tudo parece perdido, \u00e9 a\u00ed que a f\u00e9 come\u00e7a a agir"}]},{"@type":"WebSite","@id":"https:\/\/www.oracaoefe.com\/#website","url":"https:\/\/www.oracaoefe.com\/","name":"Prayer and Faith","description":"","potentialAction":[{"@type":"SearchAction","target":{"@type":"EntryPoint","urlTemplate":"https:\/\/www.oracaoefe.com\/?s={search_term_string}"},"query-input":{"@type":"PropertyValueSpecification","valueRequired":true,"valueName":"search_term_string"}}],"inLanguage":"en-US"},{"@type":"Person","@id":"https:\/\/www.oracaoefe.com\/#\/schema\/person\/17283c669442cf005c4d5bb58adfb7f5","name":"Michele Azevedo","image":{"@type":"ImageObject","inLanguage":"en-US","@id":"https:\/\/secure.gravatar.com\/avatar\/6b0eb9d22841282815e2cd856a0061c45e1761cd54b22e952d98c4746939aa85?s=96&d=mm&r=g","url":"https:\/\/secure.gravatar.com\/avatar\/6b0eb9d22841282815e2cd856a0061c45e1761cd54b22e952d98c4746939aa85?s=96&d=mm&r=g","contentUrl":"https:\/\/secure.gravatar.com\/avatar\/6b0eb9d22841282815e2cd856a0061c45e1761cd54b22e952d98c4746939aa85?s=96&d=mm&r=g","caption":"Michele Azevedo"},"description":"A graduate in Portuguese\/English Literature from UEPG, with postgraduate degrees in Art in Education and School Psychopedagogy, she is the creator of the Escritora de Sucesso website, and a writer and editor of the content for Ora\u00e7\u00e3o e F\u00e9 (Prayer and Faith) with great faith and positivity.","url":"https:\/\/www.oracaoefe.com\/en\/author\/michele-azevedo\/"}]}},"_links":{"self":[{"href":"https:\/\/www.oracaoefe.com\/en\/wp-json\/wp\/v2\/posts\/3530","targetHints":{"allow":["GET"]}}],"collection":[{"href":"https:\/\/www.oracaoefe.com\/en\/wp-json\/wp\/v2\/posts"}],"about":[{"href":"https:\/\/www.oracaoefe.com\/en\/wp-json\/wp\/v2\/types\/post"}],"author":[{"embeddable":true,"href":"https:\/\/www.oracaoefe.com\/en\/wp-json\/wp\/v2\/users\/3"}],"replies":[{"embeddable":true,"href":"https:\/\/www.oracaoefe.com\/en\/wp-json\/wp\/v2\/comments?post=3530"}],"version-history":[{"count":2,"href":"https:\/\/www.oracaoefe.com\/en\/wp-json\/wp\/v2\/posts\/3530\/revisions"}],"predecessor-version":[{"id":3551,"href":"https:\/\/www.oracaoefe.com\/en\/wp-json\/wp\/v2\/posts\/3530\/revisions\/3551"}],"wp:featuredmedia":[{"embeddable":true,"href":"https:\/\/www.oracaoefe.com\/en\/wp-json\/wp\/v2\/media\/3546"}],"wp:attachment":[{"href":"https:\/\/www.oracaoefe.com\/en\/wp-json\/wp\/v2\/media?parent=3530"}],"wp:term":[{"taxonomy":"category","embeddable":true,"href":"https:\/\/www.oracaoefe.com\/en\/wp-json\/wp\/v2\/categories?post=3530"},{"taxonomy":"post_tag","embeddable":true,"href":"https:\/\/www.oracaoefe.com\/en\/wp-json\/wp\/v2\/tags?post=3530"}],"curies":[{"name":"wp","href":"https:\/\/api.w.org\/{rel}","templated":true}]}}