{"id":3406,"date":"2025-02-09T06:00:00","date_gmt":"2025-02-09T09:00:00","guid":{"rendered":"https:\/\/www.oracaoefe.com\/?p=3406"},"modified":"2025-01-23T18:21:50","modified_gmt":"2025-01-23T21:21:50","slug":"fight-for-faith-see-the-movie-synopsis","status":"publish","type":"post","link":"https:\/\/www.oracaoefe.com\/en\/luta-pela-fe-veja-a-sinopse-do-filme\/","title":{"rendered":"Fighting for faith: see the movie synopsis"},"content":{"rendered":"<p>\"Fight for Faith\" is an inspiring movie that chronicles one man's journey in search of redemption and meaning through his relationship with faith. This gripping and emotional drama explores themes of forgiveness, resilience and the constant search for spiritual purpose in the midst of adversity. Let's dive into the synopsis of this movie that has touched the hearts of many viewers.<\/p>\n\n\n\n<figure class=\"wp-block-image size-large\"><img loading=\"lazy\" decoding=\"async\" width=\"1024\" height=\"683\" src=\"https:\/\/www.oracaoefe.com\/wp-content\/uploads\/2025\/01\/image-5-1024x683.png\" alt=\"\" class=\"wp-image-3417\" srcset=\"https:\/\/www.oracaoefe.com\/wp-content\/uploads\/2025\/01\/image-5-1024x683.png 1024w, https:\/\/www.oracaoefe.com\/wp-content\/uploads\/2025\/01\/image-5-300x200.png 300w, https:\/\/www.oracaoefe.com\/wp-content\/uploads\/2025\/01\/image-5-768x512.png 768w, https:\/\/www.oracaoefe.com\/wp-content\/uploads\/2025\/01\/image-5-18x12.png 18w, https:\/\/www.oracaoefe.com\/wp-content\/uploads\/2025\/01\/image-5.png 1170w\" sizes=\"auto, (max-width: 1024px) 100vw, 1024px\" \/><\/figure>\n\n\n\n<h2 class=\"wp-block-heading\">Synopsis of \"Fight for faith\"<\/h2>\n\n\n\n<p>The movie follows the story of Daniel, a former boxer who has fought numerous challenges, both inside and outside the ring. After a promising career is abruptly cut short by a serious injury, Daniel finds himself lost and without direction. His journey of downfall and redemption begins with an unexpected encounter at a rehabilitation center, where he meets Esther, a chaplain who introduces Daniel to the Christian faith.<\/p>\n\n\n\n<h3 class=\"wp-block-heading\">Main characters<\/h3>\n\n\n\n<ul class=\"wp-block-list\">\n<li><strong>Daniel<\/strong>: A former boxer whose life takes an unexpected turn after a career-ending injury. He struggles with questions of identity, purpose and redemption.<\/li>\n\n\n\n<li><strong>Esther<\/strong>: Chaplain at the rehabilitation center, whose unwavering faith and compassion for Daniel help him find a new path. She is the spiritual pillar of the movie, offering wisdom and guidance.<\/li>\n<\/ul>\n\n\n\n<h3 class=\"wp-block-heading\">Plot and development<\/h3>\n\n\n\n<p>As Daniel struggles to accept his new reality, he is confronted with his inner demons and the mistakes of the past that continue to haunt him. Through his friendship with Esther and the teachings she shares, Daniel begins to see faith as a way of purifying his life and seeking forgiveness for his failings.<\/p>\n\n\n\n<p>Esther, using her experience and patience, guides Daniel through his doubts and fears, teaching him about the importance of prayer, service to others and love for others. As Daniel becomes more involved with the local church community, he finds a new sense of community and hope.<\/p>\n\n\n\n<h2 class=\"wp-block-heading\">Themes explored<\/h2>\n\n\n\n<p>\"Fight for Faith\" deals deeply with the themes of personal and spiritual transformation. The film highlights one person's struggle to find inner peace and purpose through faith, even when facing seemingly insurmountable obstacles. It also explores the capacity for forgiveness, both divine and human, and how this practice can lead to healing and rebirth.<\/p>\n\n\n\n<h2 class=\"wp-block-heading\">Impact and reception<\/h2>\n\n\n\n<p>The film was well received by critics and audiences for its authentic storytelling and powerful performances. Fight for the Faith's ability to address complex spiritual issues in an accessible way has been praised, as has its ability to inspire and motivate viewers to reflect on their own lives and beliefs.<\/p>\n\n\n\n<h2 class=\"wp-block-heading\">A movie to reflect on<\/h2>\n\n\n\n<p>\"Fight for the Faith\" is a movie that not only entertains, but also provokes reflection, offering a window into the struggles and triumphs of one man's spiritual journey. It is a work that resonates with anyone who has ever faced challenges in search of redemption and a deeper meaning to life. Watching Fight for Faith, viewers are invited to explore their own beliefs and the transformative power of faith.<\/p>\n\n\n\n<p><strong>See also: <a href=\"https:\/\/www.oracaoefe.com\/en\/prayer-to-start-the-day-love-your-next\/\">Prayer to start the day: Love your neighbor!<\/a><\/strong><\/p>\n\n\n\n<p>February 9th, 2025<\/p>","protected":false},"excerpt":{"rendered":"<p>&#8220;Luta pela f\u00e9&#8221; \u00e9 um filme inspirador que narra a jornada de um homem em busca de reden\u00e7\u00e3o e significado atrav\u00e9s da sua rela\u00e7\u00e3o com a f\u00e9. Este drama, envolvente e emocionante, explora temas de perd\u00e3o, resili\u00eancia e a busca constante pelo prop\u00f3sito espiritual em meio a adversidades. Vamos mergulhar na sinopse deste filme que&hellip;&nbsp;<\/p>","protected":false},"author":3,"featured_media":3417,"comment_status":"closed","ping_status":"closed","sticky":false,"template":"","format":"standard","meta":{"neve_meta_sidebar":"","neve_meta_container":"","neve_meta_enable_content_width":"","neve_meta_content_width":0,"neve_meta_title_alignment":"","neve_meta_author_avatar":"","neve_post_elements_order":"","neve_meta_disable_header":"","neve_meta_disable_footer":"","neve_meta_disable_title":"","footnotes":""},"categories":[1],"tags":[],"class_list":["post-3406","post","type-post","status-publish","format-standard","has-post-thumbnail","hentry","category-curiosidades"],"yoast_head":"<!-- This site is optimized with the Yoast SEO plugin v27.4 - https:\/\/yoast.com\/product\/yoast-seo-wordpress\/ -->\n<title>Luta pela f\u00e9: veja a sinopse do filme - Ora\u00e7\u00e3o e F\u00e9<\/title>\n<meta name=\"description\" content=\"Deus tem pra voc\u00ea uma palavra de vida!\" \/>\n<meta name=\"robots\" content=\"index, follow, max-snippet:-1, max-image-preview:large, max-video-preview:-1\" \/>\n<link rel=\"canonical\" href=\"https:\/\/www.oracaoefe.com\/en\/fight-for-faith-see-the-movie-synopsis\/\" \/>\n<meta property=\"og:locale\" content=\"en_US\" \/>\n<meta property=\"og:type\" content=\"article\" \/>\n<meta property=\"og:title\" content=\"Luta pela f\u00e9: veja a sinopse do filme - Ora\u00e7\u00e3o e F\u00e9\" \/>\n<meta property=\"og:description\" content=\"Deus tem pra voc\u00ea uma palavra de vida!\" \/>\n<meta property=\"og:url\" content=\"https:\/\/www.oracaoefe.com\/en\/fight-for-faith-see-the-movie-synopsis\/\" \/>\n<meta property=\"og:site_name\" content=\"Ora\u00e7\u00e3o e F\u00e9\" \/>\n<meta property=\"article:published_time\" content=\"2025-02-09T09:00:00+00:00\" \/>\n<meta property=\"og:image\" content=\"https:\/\/www.oracaoefe.com\/wp-content\/uploads\/2025\/01\/image-5-1024x683.png\" \/>\n\t<meta property=\"og:image:width\" content=\"1024\" \/>\n\t<meta property=\"og:image:height\" content=\"683\" \/>\n\t<meta property=\"og:image:type\" content=\"image\/png\" \/>\n<meta name=\"author\" content=\"Michele Azevedo\" \/>\n<meta name=\"twitter:card\" content=\"summary_large_image\" \/>\n<meta name=\"twitter:label1\" content=\"Written by\" \/>\n\t<meta name=\"twitter:data1\" content=\"Michele Azevedo\" \/>\n\t<meta name=\"twitter:label2\" content=\"Est. reading time\" \/>\n\t<meta name=\"twitter:data2\" content=\"3 minutes\" \/>\n<script type=\"application\/ld+json\" class=\"yoast-schema-graph\">{\"@context\":\"https:\\\/\\\/schema.org\",\"@graph\":[{\"@type\":\"Article\",\"@id\":\"https:\\\/\\\/www.oracaoefe.com\\\/luta-pela-fe-veja-a-sinopse-do-filme\\\/#article\",\"isPartOf\":{\"@id\":\"https:\\\/\\\/www.oracaoefe.com\\\/luta-pela-fe-veja-a-sinopse-do-filme\\\/\"},\"author\":{\"name\":\"Michele Azevedo\",\"@id\":\"https:\\\/\\\/www.oracaoefe.com\\\/#\\\/schema\\\/person\\\/17283c669442cf005c4d5bb58adfb7f5\"},\"headline\":\"Luta pela f\u00e9: veja a sinopse do filme\",\"datePublished\":\"2025-02-09T09:00:00+00:00\",\"mainEntityOfPage\":{\"@id\":\"https:\\\/\\\/www.oracaoefe.com\\\/luta-pela-fe-veja-a-sinopse-do-filme\\\/\"},\"wordCount\":571,\"image\":{\"@id\":\"https:\\\/\\\/www.oracaoefe.com\\\/luta-pela-fe-veja-a-sinopse-do-filme\\\/#primaryimage\"},\"thumbnailUrl\":\"https:\\\/\\\/www.oracaoefe.com\\\/wp-content\\\/uploads\\\/2025\\\/01\\\/image-5.png\",\"articleSection\":[\"Curiosidades\"],\"inLanguage\":\"en-US\"},{\"@type\":\"WebPage\",\"@id\":\"https:\\\/\\\/www.oracaoefe.com\\\/luta-pela-fe-veja-a-sinopse-do-filme\\\/\",\"url\":\"https:\\\/\\\/www.oracaoefe.com\\\/luta-pela-fe-veja-a-sinopse-do-filme\\\/\",\"name\":\"Luta pela f\u00e9: veja a sinopse do filme - Ora\u00e7\u00e3o e F\u00e9\",\"isPartOf\":{\"@id\":\"https:\\\/\\\/www.oracaoefe.com\\\/#website\"},\"primaryImageOfPage\":{\"@id\":\"https:\\\/\\\/www.oracaoefe.com\\\/luta-pela-fe-veja-a-sinopse-do-filme\\\/#primaryimage\"},\"image\":{\"@id\":\"https:\\\/\\\/www.oracaoefe.com\\\/luta-pela-fe-veja-a-sinopse-do-filme\\\/#primaryimage\"},\"thumbnailUrl\":\"https:\\\/\\\/www.oracaoefe.com\\\/wp-content\\\/uploads\\\/2025\\\/01\\\/image-5.png\",\"datePublished\":\"2025-02-09T09:00:00+00:00\",\"author\":{\"@id\":\"https:\\\/\\\/www.oracaoefe.com\\\/#\\\/schema\\\/person\\\/17283c669442cf005c4d5bb58adfb7f5\"},\"description\":\"Deus tem pra voc\u00ea uma palavra de vida!\",\"breadcrumb\":{\"@id\":\"https:\\\/\\\/www.oracaoefe.com\\\/luta-pela-fe-veja-a-sinopse-do-filme\\\/#breadcrumb\"},\"inLanguage\":\"en-US\",\"potentialAction\":[{\"@type\":\"ReadAction\",\"target\":[\"https:\\\/\\\/www.oracaoefe.com\\\/luta-pela-fe-veja-a-sinopse-do-filme\\\/\"]}]},{\"@type\":\"ImageObject\",\"inLanguage\":\"en-US\",\"@id\":\"https:\\\/\\\/www.oracaoefe.com\\\/luta-pela-fe-veja-a-sinopse-do-filme\\\/#primaryimage\",\"url\":\"https:\\\/\\\/www.oracaoefe.com\\\/wp-content\\\/uploads\\\/2025\\\/01\\\/image-5.png\",\"contentUrl\":\"https:\\\/\\\/www.oracaoefe.com\\\/wp-content\\\/uploads\\\/2025\\\/01\\\/image-5.png\",\"width\":1170,\"height\":780},{\"@type\":\"BreadcrumbList\",\"@id\":\"https:\\\/\\\/www.oracaoefe.com\\\/luta-pela-fe-veja-a-sinopse-do-filme\\\/#breadcrumb\",\"itemListElement\":[{\"@type\":\"ListItem\",\"position\":1,\"name\":\"Home\",\"item\":\"https:\\\/\\\/www.oracaoefe.com\\\/\"},{\"@type\":\"ListItem\",\"position\":2,\"name\":\"Curiosidades\",\"item\":\"https:\\\/\\\/www.oracaoefe.com\\\/es\\\/categoria\\\/curiosidades\\\/\"},{\"@type\":\"ListItem\",\"position\":3,\"name\":\"Luta pela f\u00e9: veja a sinopse do filme\"}]},{\"@type\":\"WebSite\",\"@id\":\"https:\\\/\\\/www.oracaoefe.com\\\/#website\",\"url\":\"https:\\\/\\\/www.oracaoefe.com\\\/\",\"name\":\"Ora\u00e7\u00e3o e F\u00e9\",\"description\":\"\",\"potentialAction\":[{\"@type\":\"SearchAction\",\"target\":{\"@type\":\"EntryPoint\",\"urlTemplate\":\"https:\\\/\\\/www.oracaoefe.com\\\/?s={search_term_string}\"},\"query-input\":{\"@type\":\"PropertyValueSpecification\",\"valueRequired\":true,\"valueName\":\"search_term_string\"}}],\"inLanguage\":\"en-US\"},{\"@type\":\"Person\",\"@id\":\"https:\\\/\\\/www.oracaoefe.com\\\/#\\\/schema\\\/person\\\/17283c669442cf005c4d5bb58adfb7f5\",\"name\":\"Michele Azevedo\",\"image\":{\"@type\":\"ImageObject\",\"inLanguage\":\"en-US\",\"@id\":\"https:\\\/\\\/secure.gravatar.com\\\/avatar\\\/6b0eb9d22841282815e2cd856a0061c45e1761cd54b22e952d98c4746939aa85?s=96&d=mm&r=g\",\"url\":\"https:\\\/\\\/secure.gravatar.com\\\/avatar\\\/6b0eb9d22841282815e2cd856a0061c45e1761cd54b22e952d98c4746939aa85?s=96&d=mm&r=g\",\"contentUrl\":\"https:\\\/\\\/secure.gravatar.com\\\/avatar\\\/6b0eb9d22841282815e2cd856a0061c45e1761cd54b22e952d98c4746939aa85?s=96&d=mm&r=g\",\"caption\":\"Michele Azevedo\"},\"description\":\"Formada em Letras - Portugu\u00eas\\\/ Ingl\u00eas pela UEPG, p\u00f3s-graduada em Arte na Educa\u00e7\u00e3o e Psicopedagogia Escolar, idealizadora do site Escritora de Sucesso, redatora e revisora dos conte\u00fados do Ora\u00e7\u00e3o e F\u00e9 com muita f\u00e9 e positividade.\",\"url\":\"https:\\\/\\\/www.oracaoefe.com\\\/en\\\/author\\\/michele-azevedo\\\/\"}]}<\/script>\n<!-- \/ Yoast SEO plugin. -->","yoast_head_json":{"title":"Fighting for faith: see the synopsis of the movie - Prayer and Faith","description":"God has a word of life for you!","robots":{"index":"index","follow":"follow","max-snippet":"max-snippet:-1","max-image-preview":"max-image-preview:large","max-video-preview":"max-video-preview:-1"},"canonical":"https:\/\/www.oracaoefe.com\/en\/fight-for-faith-see-the-movie-synopsis\/","og_locale":"en_US","og_type":"article","og_title":"Luta pela f\u00e9: veja a sinopse do filme - Ora\u00e7\u00e3o e F\u00e9","og_description":"Deus tem pra voc\u00ea uma palavra de vida!","og_url":"https:\/\/www.oracaoefe.com\/en\/fight-for-faith-see-the-movie-synopsis\/","og_site_name":"Ora\u00e7\u00e3o e F\u00e9","article_published_time":"2025-02-09T09:00:00+00:00","og_image":[{"width":1024,"height":683,"url":"https:\/\/www.oracaoefe.com\/wp-content\/uploads\/2025\/01\/image-5-1024x683.png","type":"image\/png"}],"author":"Michele Azevedo","twitter_card":"summary_large_image","twitter_misc":{"Written by":"Michele Azevedo","Est. reading time":"3 minutes"},"schema":{"@context":"https:\/\/schema.org","@graph":[{"@type":"Article","@id":"https:\/\/www.oracaoefe.com\/luta-pela-fe-veja-a-sinopse-do-filme\/#article","isPartOf":{"@id":"https:\/\/www.oracaoefe.com\/luta-pela-fe-veja-a-sinopse-do-filme\/"},"author":{"name":"Michele Azevedo","@id":"https:\/\/www.oracaoefe.com\/#\/schema\/person\/17283c669442cf005c4d5bb58adfb7f5"},"headline":"Luta pela f\u00e9: veja a sinopse do filme","datePublished":"2025-02-09T09:00:00+00:00","mainEntityOfPage":{"@id":"https:\/\/www.oracaoefe.com\/luta-pela-fe-veja-a-sinopse-do-filme\/"},"wordCount":571,"image":{"@id":"https:\/\/www.oracaoefe.com\/luta-pela-fe-veja-a-sinopse-do-filme\/#primaryimage"},"thumbnailUrl":"https:\/\/www.oracaoefe.com\/wp-content\/uploads\/2025\/01\/image-5.png","articleSection":["Curiosidades"],"inLanguage":"en-US"},{"@type":"WebPage","@id":"https:\/\/www.oracaoefe.com\/luta-pela-fe-veja-a-sinopse-do-filme\/","url":"https:\/\/www.oracaoefe.com\/luta-pela-fe-veja-a-sinopse-do-filme\/","name":"Fighting for faith: see the synopsis of the movie - Prayer and Faith","isPartOf":{"@id":"https:\/\/www.oracaoefe.com\/#website"},"primaryImageOfPage":{"@id":"https:\/\/www.oracaoefe.com\/luta-pela-fe-veja-a-sinopse-do-filme\/#primaryimage"},"image":{"@id":"https:\/\/www.oracaoefe.com\/luta-pela-fe-veja-a-sinopse-do-filme\/#primaryimage"},"thumbnailUrl":"https:\/\/www.oracaoefe.com\/wp-content\/uploads\/2025\/01\/image-5.png","datePublished":"2025-02-09T09:00:00+00:00","author":{"@id":"https:\/\/www.oracaoefe.com\/#\/schema\/person\/17283c669442cf005c4d5bb58adfb7f5"},"description":"God has a word of life for you!","breadcrumb":{"@id":"https:\/\/www.oracaoefe.com\/luta-pela-fe-veja-a-sinopse-do-filme\/#breadcrumb"},"inLanguage":"en-US","potentialAction":[{"@type":"ReadAction","target":["https:\/\/www.oracaoefe.com\/luta-pela-fe-veja-a-sinopse-do-filme\/"]}]},{"@type":"ImageObject","inLanguage":"en-US","@id":"https:\/\/www.oracaoefe.com\/luta-pela-fe-veja-a-sinopse-do-filme\/#primaryimage","url":"https:\/\/www.oracaoefe.com\/wp-content\/uploads\/2025\/01\/image-5.png","contentUrl":"https:\/\/www.oracaoefe.com\/wp-content\/uploads\/2025\/01\/image-5.png","width":1170,"height":780},{"@type":"BreadcrumbList","@id":"https:\/\/www.oracaoefe.com\/luta-pela-fe-veja-a-sinopse-do-filme\/#breadcrumb","itemListElement":[{"@type":"ListItem","position":1,"name":"Home","item":"https:\/\/www.oracaoefe.com\/"},{"@type":"ListItem","position":2,"name":"Curiosidades","item":"https:\/\/www.oracaoefe.com\/es\/categoria\/curiosidades\/"},{"@type":"ListItem","position":3,"name":"Luta pela f\u00e9: veja a sinopse do filme"}]},{"@type":"WebSite","@id":"https:\/\/www.oracaoefe.com\/#website","url":"https:\/\/www.oracaoefe.com\/","name":"Prayer and Faith","description":"","potentialAction":[{"@type":"SearchAction","target":{"@type":"EntryPoint","urlTemplate":"https:\/\/www.oracaoefe.com\/?s={search_term_string}"},"query-input":{"@type":"PropertyValueSpecification","valueRequired":true,"valueName":"search_term_string"}}],"inLanguage":"en-US"},{"@type":"Person","@id":"https:\/\/www.oracaoefe.com\/#\/schema\/person\/17283c669442cf005c4d5bb58adfb7f5","name":"Michele Azevedo","image":{"@type":"ImageObject","inLanguage":"en-US","@id":"https:\/\/secure.gravatar.com\/avatar\/6b0eb9d22841282815e2cd856a0061c45e1761cd54b22e952d98c4746939aa85?s=96&d=mm&r=g","url":"https:\/\/secure.gravatar.com\/avatar\/6b0eb9d22841282815e2cd856a0061c45e1761cd54b22e952d98c4746939aa85?s=96&d=mm&r=g","contentUrl":"https:\/\/secure.gravatar.com\/avatar\/6b0eb9d22841282815e2cd856a0061c45e1761cd54b22e952d98c4746939aa85?s=96&d=mm&r=g","caption":"Michele Azevedo"},"description":"A graduate in Portuguese\/English Literature from UEPG, with postgraduate degrees in Art in Education and School Psychopedagogy, she is the creator of the Escritora de Sucesso website, and a writer and editor of the content for Ora\u00e7\u00e3o e F\u00e9 (Prayer and Faith) with great faith and positivity.","url":"https:\/\/www.oracaoefe.com\/en\/author\/michele-azevedo\/"}]}},"_links":{"self":[{"href":"https:\/\/www.oracaoefe.com\/en\/wp-json\/wp\/v2\/posts\/3406","targetHints":{"allow":["GET"]}}],"collection":[{"href":"https:\/\/www.oracaoefe.com\/en\/wp-json\/wp\/v2\/posts"}],"about":[{"href":"https:\/\/www.oracaoefe.com\/en\/wp-json\/wp\/v2\/types\/post"}],"author":[{"embeddable":true,"href":"https:\/\/www.oracaoefe.com\/en\/wp-json\/wp\/v2\/users\/3"}],"replies":[{"embeddable":true,"href":"https:\/\/www.oracaoefe.com\/en\/wp-json\/wp\/v2\/comments?post=3406"}],"version-history":[{"count":2,"href":"https:\/\/www.oracaoefe.com\/en\/wp-json\/wp\/v2\/posts\/3406\/revisions"}],"predecessor-version":[{"id":3425,"href":"https:\/\/www.oracaoefe.com\/en\/wp-json\/wp\/v2\/posts\/3406\/revisions\/3425"}],"wp:featuredmedia":[{"embeddable":true,"href":"https:\/\/www.oracaoefe.com\/en\/wp-json\/wp\/v2\/media\/3417"}],"wp:attachment":[{"href":"https:\/\/www.oracaoefe.com\/en\/wp-json\/wp\/v2\/media?parent=3406"}],"wp:term":[{"taxonomy":"category","embeddable":true,"href":"https:\/\/www.oracaoefe.com\/en\/wp-json\/wp\/v2\/categories?post=3406"},{"taxonomy":"post_tag","embeddable":true,"href":"https:\/\/www.oracaoefe.com\/en\/wp-json\/wp\/v2\/tags?post=3406"}],"curies":[{"name":"wp","href":"https:\/\/api.w.org\/{rel}","templated":true}]}}