{"id":297,"date":"2022-09-24T22:04:42","date_gmt":"2022-09-25T01:04:42","guid":{"rendered":"https:\/\/www.oracaoefe.com\/?p=297"},"modified":"2022-09-25T16:26:09","modified_gmt":"2022-09-25T19:26:09","slug":"4-care-needed-for-faith-growth","status":"publish","type":"post","link":"https:\/\/www.oracaoefe.com\/en\/4-cuidados-necessarios-para-crescimento-da-fe\/","title":{"rendered":"4 care needed for faith growth"},"content":{"rendered":"<div class=\"wp-block-post-date\"><time datetime=\"2022-09-24T22:04:42-03:00\">September 24, 2022<\/time><\/div>\n\n\n<p>The Christian life begins with the new birth and just like babies, the new believer has vital needs and stages of growth. He needs to be loved, nurtured and nourished in order to grow and be established as a child of God. Fortunately, he can count on the help of the Holy Spirit and the local church, who together will help him and respond to his needs.<\/p>\n\n\n\n<p>At the time of the new birth, the new believer already has the support of three important elements.<\/p>\n\n\n\n<p>He first benefits from redemption in Jesus Christ, which gives him a new identity, unlike what was experienced before. The new believer is now a child of God (Romans 8.16) justified by faith (Romans 5.1), sanctified (Ephesians 2.19), glorified (Colossians 3.4), citizen of heaven (Philippians 3.20), heir of God (Galatians 4.7) and beyond.<\/p>\n\n\n\n<p>Just like a child, he will learn to take his first steps under the watchful eye of God and the church. Through his walk he will have the privilege of experiencing even more of God's grace, he will suffer falls, but his Heavenly Father will take his hand and he will not be brought down (Psalm 37.24).<\/p>\n\n\n\n<p>He will not walk according to the counsel of the wicked (Psalm 1:1), but will put his feet on the steps of Jesus, who is the true way (John 14:6). he will rise to walk in the so-called holy way (Isaiah 35:8) without moving the ancient landmarks (Proverbs 23:10) using God's Word as a light on his path (Psalm 119:105).<\/p>\n\n\n\n<h2 class=\"wp-block-heading\">Care for faith growth<\/h2>\n\n\n\n<p>Remember that FAITH is a gift from God. It is not from our intellect or our ability to do that faith comes. You can then pray and ask God to increase your faith, since you already believe (Mark 9:23-24)<\/p>\n\n\n\n<h3 class=\"wp-block-heading\">1. meditate on God's word<\/h3>\n\n\n\n<p>As a Christian, you must read and meditate on God's Word each day that God gives you. Through the meditated Word, God speaks to you, communicates His thoughts to you.&nbsp;<\/p>\n\n\n\n<p>God also visits you and reveals Himself to you. God's Word will nourish your soul, strengthen it, encourage it, and invigorate it. Just as you take care of your body and nourish it, it is even more important to take care of your soul as well.&nbsp;<\/p>\n\n\n\n<p>It is in this that you will grow in the knowledge of God by his word and your faith will grow. The Lord also exhorts us on this subject in Matthew 4:4 - \"Man shall not live by bread alone, but by every word that proceeds from the mouth of God.\"<\/p>\n\n\n\n<h3 class=\"wp-block-heading\">2. Put God's Word into practice<\/h3>\n\n\n\n<p>Meditating on the Holy Scriptures is good, but putting into practice what God says is even better.<\/p>\n\n\n\n<p>When faced with a challenge, for example, you always have a promise from God. A proper word from God will accompany you, grab it, and put it into practice. Challenges such as trials in life are situations that can help you experience God's word and grow in your faith.<\/p>\n\n\n\n<h3 class=\"wp-block-heading\">3. A life of constant prayer<\/h3>\n\n\n\n<p>Have a constant and regular prayer life. Be grateful to your Creator. Bless Him at all times, in all places, and in all circumstances. Make a habit of praising God because He invites Himself into the midst of worship.&nbsp;<\/p>\n\n\n\n<p>Make the Holy Spirit your best ally and faithful counselor. Get used to seeking God's face in silence and recollection, \"the one to one with God in the intimacy of his infinite love for you. Develop trust in God and in his word.&nbsp;<\/p>\n\n\n\n<p>Trust Him with everything, ask Him questions if necessary. He has much to offer you, but be faithful and patient in His presence, God will surprise you at the unexpected moment and your faith will grow even more.<\/p>\n\n\n\n<h3 class=\"wp-block-heading\">4. Fear and obedience<\/h3>\n\n\n\n<p>Knowing God's will and His priorities allows us to better serve Him in fear and obedience. You have God's favor by practicing obedience. Psalms 103:13 \"As a father pities his children, so the Lord pities those who fear him.\"<\/p>","protected":false},"excerpt":{"rendered":"<p>The Christian life begins with the new birth and just like babies, the new believer has vital needs and stages of growth...<\/p>","protected":false},"author":1,"featured_media":347,"comment_status":"open","ping_status":"closed","sticky":false,"template":"","format":"standard","meta":{"neve_meta_sidebar":"","neve_meta_container":"","neve_meta_enable_content_width":"","neve_meta_content_width":0,"neve_meta_title_alignment":"","neve_meta_author_avatar":"","neve_post_elements_order":"","neve_meta_disable_header":"","neve_meta_disable_footer":"","neve_meta_disable_title":"","footnotes":""},"categories":[4],"tags":[20,29],"class_list":["post-297","post","type-post","status-publish","format-standard","has-post-thumbnail","hentry","category-fique-por-dentro","tag-deus","tag-fe"],"yoast_head":"<!-- This site is optimized with the Yoast SEO plugin v27.4 - https:\/\/yoast.com\/product\/yoast-seo-wordpress\/ -->\n<title>4 cuidados necess\u00e1rios para crescimento da f\u00e9 - Ora\u00e7\u00e3o e F\u00e9<\/title>\n<meta name=\"description\" content=\"A vida crist\u00e3 come\u00e7a com o novo nascimento e assim como os beb\u00eas, o novo crente tem necessidades vitais e fases de crescimento...\" \/>\n<meta name=\"robots\" content=\"index, follow, max-snippet:-1, max-image-preview:large, max-video-preview:-1\" \/>\n<link rel=\"canonical\" href=\"https:\/\/www.oracaoefe.com\/en\/4-care-needed-for-faith-growth\/\" \/>\n<meta property=\"og:locale\" content=\"en_US\" \/>\n<meta property=\"og:type\" content=\"article\" \/>\n<meta property=\"og:title\" content=\"4 cuidados necess\u00e1rios para crescimento da f\u00e9 - Ora\u00e7\u00e3o e F\u00e9\" \/>\n<meta property=\"og:description\" content=\"A vida crist\u00e3 come\u00e7a com o novo nascimento e assim como os beb\u00eas, o novo crente tem necessidades vitais e fases de crescimento...\" \/>\n<meta property=\"og:url\" content=\"https:\/\/www.oracaoefe.com\/en\/4-care-needed-for-faith-growth\/\" \/>\n<meta property=\"og:site_name\" content=\"Ora\u00e7\u00e3o e F\u00e9\" \/>\n<meta property=\"article:published_time\" content=\"2022-09-25T01:04:42+00:00\" \/>\n<meta property=\"article:modified_time\" content=\"2022-09-25T19:26:09+00:00\" \/>\n<meta property=\"og:image\" content=\"https:\/\/www.oracaoefe.com\/wp-content\/uploads\/2022\/09\/4-cuidados-necessarios-para-crescimento-da-fe.jpg\" \/>\n\t<meta property=\"og:image:width\" content=\"1200\" \/>\n\t<meta property=\"og:image:height\" content=\"675\" \/>\n\t<meta property=\"og:image:type\" content=\"image\/jpeg\" \/>\n<meta name=\"author\" content=\"Maria\" \/>\n<meta name=\"twitter:card\" content=\"summary_large_image\" \/>\n<meta name=\"twitter:label1\" content=\"Written by\" \/>\n\t<meta name=\"twitter:data1\" content=\"Maria\" \/>\n\t<meta name=\"twitter:label2\" content=\"Est. reading time\" \/>\n\t<meta name=\"twitter:data2\" content=\"3 minutes\" \/>\n<script type=\"application\/ld+json\" class=\"yoast-schema-graph\">{\"@context\":\"https:\\\/\\\/schema.org\",\"@graph\":[{\"@type\":\"Article\",\"@id\":\"https:\\\/\\\/www.oracaoefe.com\\\/4-cuidados-necessarios-para-crescimento-da-fe\\\/#article\",\"isPartOf\":{\"@id\":\"https:\\\/\\\/www.oracaoefe.com\\\/4-cuidados-necessarios-para-crescimento-da-fe\\\/\"},\"author\":{\"name\":\"Maria\",\"@id\":\"https:\\\/\\\/www.oracaoefe.com\\\/#\\\/schema\\\/person\\\/27873f1e6043866689f5091b5139f23d\"},\"headline\":\"4 cuidados necess\u00e1rios para crescimento da f\u00e9\",\"datePublished\":\"2022-09-25T01:04:42+00:00\",\"dateModified\":\"2022-09-25T19:26:09+00:00\",\"mainEntityOfPage\":{\"@id\":\"https:\\\/\\\/www.oracaoefe.com\\\/4-cuidados-necessarios-para-crescimento-da-fe\\\/\"},\"wordCount\":705,\"commentCount\":0,\"image\":{\"@id\":\"https:\\\/\\\/www.oracaoefe.com\\\/4-cuidados-necessarios-para-crescimento-da-fe\\\/#primaryimage\"},\"thumbnailUrl\":\"https:\\\/\\\/www.oracaoefe.com\\\/wp-content\\\/uploads\\\/2022\\\/09\\\/4-cuidados-necessarios-para-crescimento-da-fe.jpg\",\"keywords\":[\"Deus\",\"fe\"],\"articleSection\":[\"Fique por Dentro\"],\"inLanguage\":\"en-US\",\"potentialAction\":[{\"@type\":\"CommentAction\",\"name\":\"Comment\",\"target\":[\"https:\\\/\\\/www.oracaoefe.com\\\/4-cuidados-necessarios-para-crescimento-da-fe\\\/#respond\"]}]},{\"@type\":\"WebPage\",\"@id\":\"https:\\\/\\\/www.oracaoefe.com\\\/4-cuidados-necessarios-para-crescimento-da-fe\\\/\",\"url\":\"https:\\\/\\\/www.oracaoefe.com\\\/4-cuidados-necessarios-para-crescimento-da-fe\\\/\",\"name\":\"4 cuidados necess\u00e1rios para crescimento da f\u00e9 - Ora\u00e7\u00e3o e F\u00e9\",\"isPartOf\":{\"@id\":\"https:\\\/\\\/www.oracaoefe.com\\\/#website\"},\"primaryImageOfPage\":{\"@id\":\"https:\\\/\\\/www.oracaoefe.com\\\/4-cuidados-necessarios-para-crescimento-da-fe\\\/#primaryimage\"},\"image\":{\"@id\":\"https:\\\/\\\/www.oracaoefe.com\\\/4-cuidados-necessarios-para-crescimento-da-fe\\\/#primaryimage\"},\"thumbnailUrl\":\"https:\\\/\\\/www.oracaoefe.com\\\/wp-content\\\/uploads\\\/2022\\\/09\\\/4-cuidados-necessarios-para-crescimento-da-fe.jpg\",\"datePublished\":\"2022-09-25T01:04:42+00:00\",\"dateModified\":\"2022-09-25T19:26:09+00:00\",\"author\":{\"@id\":\"https:\\\/\\\/www.oracaoefe.com\\\/#\\\/schema\\\/person\\\/27873f1e6043866689f5091b5139f23d\"},\"description\":\"A vida crist\u00e3 come\u00e7a com o novo nascimento e assim como os beb\u00eas, o novo crente tem necessidades vitais e fases de crescimento...\",\"breadcrumb\":{\"@id\":\"https:\\\/\\\/www.oracaoefe.com\\\/4-cuidados-necessarios-para-crescimento-da-fe\\\/#breadcrumb\"},\"inLanguage\":\"en-US\",\"potentialAction\":[{\"@type\":\"ReadAction\",\"target\":[\"https:\\\/\\\/www.oracaoefe.com\\\/4-cuidados-necessarios-para-crescimento-da-fe\\\/\"]}]},{\"@type\":\"ImageObject\",\"inLanguage\":\"en-US\",\"@id\":\"https:\\\/\\\/www.oracaoefe.com\\\/4-cuidados-necessarios-para-crescimento-da-fe\\\/#primaryimage\",\"url\":\"https:\\\/\\\/www.oracaoefe.com\\\/wp-content\\\/uploads\\\/2022\\\/09\\\/4-cuidados-necessarios-para-crescimento-da-fe.jpg\",\"contentUrl\":\"https:\\\/\\\/www.oracaoefe.com\\\/wp-content\\\/uploads\\\/2022\\\/09\\\/4-cuidados-necessarios-para-crescimento-da-fe.jpg\",\"width\":1200,\"height\":675,\"caption\":\"4 cuidados necess\u00e1rios para crescimento da f\u00e9\"},{\"@type\":\"BreadcrumbList\",\"@id\":\"https:\\\/\\\/www.oracaoefe.com\\\/4-cuidados-necessarios-para-crescimento-da-fe\\\/#breadcrumb\",\"itemListElement\":[{\"@type\":\"ListItem\",\"position\":1,\"name\":\"Home\",\"item\":\"https:\\\/\\\/www.oracaoefe.com\\\/\"},{\"@type\":\"ListItem\",\"position\":2,\"name\":\"Fique por Dentro\",\"item\":\"https:\\\/\\\/www.oracaoefe.com\\\/category\\\/fique-por-dentro\\\/\"},{\"@type\":\"ListItem\",\"position\":3,\"name\":\"4 cuidados necess\u00e1rios para crescimento da f\u00e9\"}]},{\"@type\":\"WebSite\",\"@id\":\"https:\\\/\\\/www.oracaoefe.com\\\/#website\",\"url\":\"https:\\\/\\\/www.oracaoefe.com\\\/\",\"name\":\"Ora\u00e7\u00e3o e F\u00e9\",\"description\":\"\",\"potentialAction\":[{\"@type\":\"SearchAction\",\"target\":{\"@type\":\"EntryPoint\",\"urlTemplate\":\"https:\\\/\\\/www.oracaoefe.com\\\/?s={search_term_string}\"},\"query-input\":{\"@type\":\"PropertyValueSpecification\",\"valueRequired\":true,\"valueName\":\"search_term_string\"}}],\"inLanguage\":\"en-US\"},{\"@type\":\"Person\",\"@id\":\"https:\\\/\\\/www.oracaoefe.com\\\/#\\\/schema\\\/person\\\/27873f1e6043866689f5091b5139f23d\",\"name\":\"Maria\",\"image\":{\"@type\":\"ImageObject\",\"inLanguage\":\"en-US\",\"@id\":\"https:\\\/\\\/secure.gravatar.com\\\/avatar\\\/4cac5ea56d40d599bd7348d330a83b1c84cd229296d1613cd1c7f6740561d0c9?s=96&d=mm&r=g\",\"url\":\"https:\\\/\\\/secure.gravatar.com\\\/avatar\\\/4cac5ea56d40d599bd7348d330a83b1c84cd229296d1613cd1c7f6740561d0c9?s=96&d=mm&r=g\",\"contentUrl\":\"https:\\\/\\\/secure.gravatar.com\\\/avatar\\\/4cac5ea56d40d599bd7348d330a83b1c84cd229296d1613cd1c7f6740561d0c9?s=96&d=mm&r=g\",\"caption\":\"Maria\"},\"description\":\"Meu nome \u00e9 Maria. Sou apaixonada por teologia e escrevo sobre o mundo religioso h\u00e1 5 anos. Sou curiosa e pesquiso tudo sobre as religi\u00f5es mundo afora. Adoro pesquisar sobre as curiosidades que norteiam as mais variadas doutrinas em diferentes pa\u00edses e idiomas. Hoje, sou redatora e amo compartilhar meu conhecimento no portal Ora\u00e7\u00e3o e F\u00e9.\",\"sameAs\":[\"https:\\\/\\\/www.oracaoefe.com\"],\"url\":\"https:\\\/\\\/www.oracaoefe.com\\\/en\\\/author\\\/admin\\\/\"}]}<\/script>\n<!-- \/ Yoast SEO plugin. -->","yoast_head_json":{"title":"4 care needed for faith growth - Prayer and Faith","description":"The Christian life begins with the new birth and just like babies, the new believer has vital needs and stages of growth...","robots":{"index":"index","follow":"follow","max-snippet":"max-snippet:-1","max-image-preview":"max-image-preview:large","max-video-preview":"max-video-preview:-1"},"canonical":"https:\/\/www.oracaoefe.com\/en\/4-care-needed-for-faith-growth\/","og_locale":"en_US","og_type":"article","og_title":"4 cuidados necess\u00e1rios para crescimento da f\u00e9 - Ora\u00e7\u00e3o e F\u00e9","og_description":"A vida crist\u00e3 come\u00e7a com o novo nascimento e assim como os beb\u00eas, o novo crente tem necessidades vitais e fases de crescimento...","og_url":"https:\/\/www.oracaoefe.com\/en\/4-care-needed-for-faith-growth\/","og_site_name":"Ora\u00e7\u00e3o e F\u00e9","article_published_time":"2022-09-25T01:04:42+00:00","article_modified_time":"2022-09-25T19:26:09+00:00","og_image":[{"width":1200,"height":675,"url":"https:\/\/www.oracaoefe.com\/wp-content\/uploads\/2022\/09\/4-cuidados-necessarios-para-crescimento-da-fe.jpg","type":"image\/jpeg"}],"author":"Maria","twitter_card":"summary_large_image","twitter_misc":{"Written by":"Maria","Est. reading time":"3 minutes"},"schema":{"@context":"https:\/\/schema.org","@graph":[{"@type":"Article","@id":"https:\/\/www.oracaoefe.com\/4-cuidados-necessarios-para-crescimento-da-fe\/#article","isPartOf":{"@id":"https:\/\/www.oracaoefe.com\/4-cuidados-necessarios-para-crescimento-da-fe\/"},"author":{"name":"Maria","@id":"https:\/\/www.oracaoefe.com\/#\/schema\/person\/27873f1e6043866689f5091b5139f23d"},"headline":"4 cuidados necess\u00e1rios para crescimento da f\u00e9","datePublished":"2022-09-25T01:04:42+00:00","dateModified":"2022-09-25T19:26:09+00:00","mainEntityOfPage":{"@id":"https:\/\/www.oracaoefe.com\/4-cuidados-necessarios-para-crescimento-da-fe\/"},"wordCount":705,"commentCount":0,"image":{"@id":"https:\/\/www.oracaoefe.com\/4-cuidados-necessarios-para-crescimento-da-fe\/#primaryimage"},"thumbnailUrl":"https:\/\/www.oracaoefe.com\/wp-content\/uploads\/2022\/09\/4-cuidados-necessarios-para-crescimento-da-fe.jpg","keywords":["Deus","fe"],"articleSection":["Fique por Dentro"],"inLanguage":"en-US","potentialAction":[{"@type":"CommentAction","name":"Comment","target":["https:\/\/www.oracaoefe.com\/4-cuidados-necessarios-para-crescimento-da-fe\/#respond"]}]},{"@type":"WebPage","@id":"https:\/\/www.oracaoefe.com\/4-cuidados-necessarios-para-crescimento-da-fe\/","url":"https:\/\/www.oracaoefe.com\/4-cuidados-necessarios-para-crescimento-da-fe\/","name":"4 care needed for faith growth - Prayer and Faith","isPartOf":{"@id":"https:\/\/www.oracaoefe.com\/#website"},"primaryImageOfPage":{"@id":"https:\/\/www.oracaoefe.com\/4-cuidados-necessarios-para-crescimento-da-fe\/#primaryimage"},"image":{"@id":"https:\/\/www.oracaoefe.com\/4-cuidados-necessarios-para-crescimento-da-fe\/#primaryimage"},"thumbnailUrl":"https:\/\/www.oracaoefe.com\/wp-content\/uploads\/2022\/09\/4-cuidados-necessarios-para-crescimento-da-fe.jpg","datePublished":"2022-09-25T01:04:42+00:00","dateModified":"2022-09-25T19:26:09+00:00","author":{"@id":"https:\/\/www.oracaoefe.com\/#\/schema\/person\/27873f1e6043866689f5091b5139f23d"},"description":"The Christian life begins with the new birth and just like babies, the new believer has vital needs and stages of growth...","breadcrumb":{"@id":"https:\/\/www.oracaoefe.com\/4-cuidados-necessarios-para-crescimento-da-fe\/#breadcrumb"},"inLanguage":"en-US","potentialAction":[{"@type":"ReadAction","target":["https:\/\/www.oracaoefe.com\/4-cuidados-necessarios-para-crescimento-da-fe\/"]}]},{"@type":"ImageObject","inLanguage":"en-US","@id":"https:\/\/www.oracaoefe.com\/4-cuidados-necessarios-para-crescimento-da-fe\/#primaryimage","url":"https:\/\/www.oracaoefe.com\/wp-content\/uploads\/2022\/09\/4-cuidados-necessarios-para-crescimento-da-fe.jpg","contentUrl":"https:\/\/www.oracaoefe.com\/wp-content\/uploads\/2022\/09\/4-cuidados-necessarios-para-crescimento-da-fe.jpg","width":1200,"height":675,"caption":"4 cuidados necess\u00e1rios para crescimento da f\u00e9"},{"@type":"BreadcrumbList","@id":"https:\/\/www.oracaoefe.com\/4-cuidados-necessarios-para-crescimento-da-fe\/#breadcrumb","itemListElement":[{"@type":"ListItem","position":1,"name":"Home","item":"https:\/\/www.oracaoefe.com\/"},{"@type":"ListItem","position":2,"name":"Fique por Dentro","item":"https:\/\/www.oracaoefe.com\/category\/fique-por-dentro\/"},{"@type":"ListItem","position":3,"name":"4 cuidados necess\u00e1rios para crescimento da f\u00e9"}]},{"@type":"WebSite","@id":"https:\/\/www.oracaoefe.com\/#website","url":"https:\/\/www.oracaoefe.com\/","name":"Prayer and Faith","description":"","potentialAction":[{"@type":"SearchAction","target":{"@type":"EntryPoint","urlTemplate":"https:\/\/www.oracaoefe.com\/?s={search_term_string}"},"query-input":{"@type":"PropertyValueSpecification","valueRequired":true,"valueName":"search_term_string"}}],"inLanguage":"en-US"},{"@type":"Person","@id":"https:\/\/www.oracaoefe.com\/#\/schema\/person\/27873f1e6043866689f5091b5139f23d","name":"Maria","image":{"@type":"ImageObject","inLanguage":"en-US","@id":"https:\/\/secure.gravatar.com\/avatar\/4cac5ea56d40d599bd7348d330a83b1c84cd229296d1613cd1c7f6740561d0c9?s=96&d=mm&r=g","url":"https:\/\/secure.gravatar.com\/avatar\/4cac5ea56d40d599bd7348d330a83b1c84cd229296d1613cd1c7f6740561d0c9?s=96&d=mm&r=g","contentUrl":"https:\/\/secure.gravatar.com\/avatar\/4cac5ea56d40d599bd7348d330a83b1c84cd229296d1613cd1c7f6740561d0c9?s=96&d=mm&r=g","caption":"Maria"},"description":"My name is Maria. I am passionate about theology and I have been writing about the religious world for 5 years. I am curious and research everything about the religions around the world. I love researching the curiosities that guide the most varied doctrines in different countries and languages. Today, I am an editor and I love to share my knowledge on the portal Prayer and Faith.","sameAs":["https:\/\/www.oracaoefe.com"],"url":"https:\/\/www.oracaoefe.com\/en\/author\/admin\/"}]}},"_links":{"self":[{"href":"https:\/\/www.oracaoefe.com\/en\/wp-json\/wp\/v2\/posts\/297","targetHints":{"allow":["GET"]}}],"collection":[{"href":"https:\/\/www.oracaoefe.com\/en\/wp-json\/wp\/v2\/posts"}],"about":[{"href":"https:\/\/www.oracaoefe.com\/en\/wp-json\/wp\/v2\/types\/post"}],"author":[{"embeddable":true,"href":"https:\/\/www.oracaoefe.com\/en\/wp-json\/wp\/v2\/users\/1"}],"replies":[{"embeddable":true,"href":"https:\/\/www.oracaoefe.com\/en\/wp-json\/wp\/v2\/comments?post=297"}],"version-history":[{"count":2,"href":"https:\/\/www.oracaoefe.com\/en\/wp-json\/wp\/v2\/posts\/297\/revisions"}],"predecessor-version":[{"id":348,"href":"https:\/\/www.oracaoefe.com\/en\/wp-json\/wp\/v2\/posts\/297\/revisions\/348"}],"wp:featuredmedia":[{"embeddable":true,"href":"https:\/\/www.oracaoefe.com\/en\/wp-json\/wp\/v2\/media\/347"}],"wp:attachment":[{"href":"https:\/\/www.oracaoefe.com\/en\/wp-json\/wp\/v2\/media?parent=297"}],"wp:term":[{"taxonomy":"category","embeddable":true,"href":"https:\/\/www.oracaoefe.com\/en\/wp-json\/wp\/v2\/categories?post=297"},{"taxonomy":"post_tag","embeddable":true,"href":"https:\/\/www.oracaoefe.com\/en\/wp-json\/wp\/v2\/tags?post=297"}],"curies":[{"name":"wp","href":"https:\/\/api.w.org\/{rel}","templated":true}]}}