{"id":2949,"date":"2024-07-29T06:12:00","date_gmt":"2024-07-29T09:12:00","guid":{"rendered":"https:\/\/www.oracaoefe.com\/?p=2949"},"modified":"2025-06-15T15:15:30","modified_gmt":"2025-06-15T18:15:30","slug":"prayers-to-improve-your-life-every-day","status":"publish","type":"post","link":"https:\/\/www.oracaoefe.com\/en\/oracao-para-melhorar-a-vida-todos-os-dias\/","title":{"rendered":"Prayer to improve your life every day"},"content":{"rendered":"\n<p>Na busca por paz interior, prosperidade e bem-estar, muitas pessoas recorrem \u00e0 pr\u00e1tica da ora\u00e7\u00e3o como uma forma de conectar-se com o divino, encontrar clareza mental e manifestar seus desejos.&nbsp;<\/p>\n\n\n\n<p>Uma ora\u00e7\u00e3o bem formulada fortalece o v\u00ednculo espiritual, e tamb\u00e9m pode servir como um ritual di\u00e1rio para atrair energias positivas e melhorar a qualidade de vida de forma geral.&nbsp;<\/p>\n\n\n\n<h2 class=\"wp-block-heading\">A import\u00e2ncia da ora\u00e7\u00e3o na vida di\u00e1ria<\/h2>\n\n\n\n<p>A ora\u00e7\u00e3o \u00e9 uma pr\u00e1tica antiga e universalmente reconhecida como um meio de comunica\u00e7\u00e3o com o divino, independentemente das cren\u00e7as religiosas espec\u00edficas de cada indiv\u00edduo.&nbsp;<\/p>\n\n\n\n<p>Ela pode ser vista como um momento de reflex\u00e3o, gratid\u00e3o e inten\u00e7\u00e3o, permitindo que nos conectamos com algo maior do que n\u00f3s mesmos. Al\u00e9m de seu aspecto espiritual, a ora\u00e7\u00e3o tamb\u00e9m tem sido associada a benef\u00edcios psicol\u00f3gicos, como redu\u00e7\u00e3o do estresse, aumento da resili\u00eancia emocional e melhoria da sa\u00fade mental.<\/p>\n\n\n\n<figure class=\"wp-block-image size-full is-resized\"><img loading=\"lazy\" decoding=\"async\" width=\"740\" height=\"447\" src=\"https:\/\/www.oracaoefe.com\/wp-content\/uploads\/2024\/07\/image-9.png\" alt=\"\" class=\"wp-image-2957\" style=\"width:840px;height:auto\" srcset=\"https:\/\/www.oracaoefe.com\/wp-content\/uploads\/2024\/07\/image-9.png 740w, https:\/\/www.oracaoefe.com\/wp-content\/uploads\/2024\/07\/image-9-300x181.png 300w, https:\/\/www.oracaoefe.com\/wp-content\/uploads\/2024\/07\/image-9-18x12.png 18w\" sizes=\"auto, (max-width: 740px) 100vw, 740px\" \/><\/figure>\n\n\n\n<h2 class=\"wp-block-heading\">Estruturando uma ora\u00e7\u00e3o para melhorar a vida<\/h2>\n\n\n\n<p>Para que uma ora\u00e7\u00e3o seja eficaz e traga resultados positivos, \u00e9 importante que ela seja formulada de maneira clara, sincera e espec\u00edfica. Ao desenvolver uma ora\u00e7\u00e3o para melhorar a vida todos os dias, considere os seguintes elementos:<\/p>\n\n\n\n<ul class=\"wp-block-list\">\n<li><strong>Gratid\u00e3o e reconhecimento<\/strong>: Comece expressando gratid\u00e3o pelas b\u00ean\u00e7\u00e3os que j\u00e1 possui em sua vida. Reconhe\u00e7a as coisas boas que aconteceram recentemente e os aspectos positivos da sua jornada at\u00e9 agora.<\/li>\n<\/ul>\n\n\n\n<ul class=\"wp-block-list\">\n<li><strong>Clareza de inten\u00e7\u00e3o<\/strong>: Seja espec\u00edfico sobre o que voc\u00ea deseja manifestar ou melhorar na sua vida. Pode ser relacionado \u00e0 sa\u00fade, relacionamentos, sucesso profissional, paz interior, entre outros aspectos.<\/li>\n<\/ul>\n\n\n\n<ul class=\"wp-block-list\">\n<li><strong>Afirma\u00e7\u00f5es positivas<\/strong>: Utilize afirma\u00e7\u00f5es positivas para refor\u00e7ar suas inten\u00e7\u00f5es. Isso ajuda a programar sua mente subconsciente para acreditar na realiza\u00e7\u00e3o dos seus desejos e atrair situa\u00e7\u00f5es favor\u00e1veis.<\/li>\n<\/ul>\n\n\n\n<ul class=\"wp-block-list\">\n<li><strong>Humildade e abertura<\/strong>: Demonstre humildade ao reconhecer que voc\u00ea est\u00e1 aberto \u00e0s oportunidades e \u00e0 orienta\u00e7\u00e3o divina para alcan\u00e7ar seus objetivos. Esteja disposto a aceitar o que for melhor para o seu crescimento e bem-estar.<\/li>\n<\/ul>\n\n\n\n<ul class=\"wp-block-list\">\n<li><strong>F\u00e9 e confian\u00e7a<\/strong>: Cultive a f\u00e9 na efic\u00e1cia da ora\u00e7\u00e3o e na sua conex\u00e3o com o divino. Confie que suas palavras e inten\u00e7\u00f5es s\u00e3o ouvidas e que o universo est\u00e1 conspirando a seu favor.<\/li>\n<\/ul>\n\n\n\n<h3 class=\"wp-block-heading\">Exemplo de ora\u00e7\u00e3o para melhorar a vida<\/h3>\n\n\n\n<p>&#8220;Querido [Nome do Ser Superior ou Deidade],<\/p>\n\n\n\n<p>Come\u00e7o esta ora\u00e7\u00e3o com um cora\u00e7\u00e3o cheio de gratid\u00e3o pelas b\u00ean\u00e7\u00e3os que recebi em minha vida at\u00e9 agora. Agrade\u00e7o por cada experi\u00eancia que moldou quem eu sou e pelas oportunidades que me foram concedidas.<\/p>\n\n\n\n<p>Hoje, venho a ti com a inten\u00e7\u00e3o clara e sincera de melhorar minha vida em todos os aspectos. Pe\u00e7o orienta\u00e7\u00e3o e sabedoria para alcan\u00e7ar meus objetivos e superar quaisquer desafios que possam surgir no meu caminho.<\/p>\n\n\n\n<p>Que a minha sa\u00fade seja fortalecida, f\u00edsica, mental e espiritualmente. Que meus relacionamentos sejam sustentados por amor, compreens\u00e3o e respeito m\u00fatuo. Que eu prospere no meu trabalho, encontrando realiza\u00e7\u00e3o e sucesso em cada projeto.<\/p>\n\n\n\n<p>Ajude-me a manter a paz interior em tempos de dificuldade e a cultivar a paci\u00eancia e a compaix\u00e3o em todas as minhas intera\u00e7\u00f5es. Que eu seja um canal de luz e positividade para aqueles ao meu redor.<\/p>\n\n\n\n<p>Estou aberto(a) \u00e0s suas orienta\u00e7\u00f5es e \u00e0 sabedoria do universo. Confio plenamente que estou sendo guiado(a) na dire\u00e7\u00e3o certa e que todas as minhas necessidades ser\u00e3o atendidas.<\/p>\n\n\n\n<p>Que assim seja.<\/p>\n\n\n\n<p>[Encerre com uma express\u00e3o de gratid\u00e3o e f\u00e9, como &#8216;Agrade\u00e7o por ouvir minhas palavras e por estar sempre presente em minha vida. Am\u00e9m.']&#8221;<\/p>\n\n\n\n<h2 class=\"wp-block-heading\">Incorporando a ora\u00e7\u00e3o na rotina di\u00e1ria<\/h2>\n\n\n\n<p>Para que esta ora\u00e7\u00e3o seja verdadeiramente eficaz, \u00e9 importante incorpor\u00e1-la como parte de sua rotina di\u00e1ria. Escolha um momento do dia em que voc\u00ea possa se concentrar completamente, seja de manh\u00e3 ao acordar, antes de dormir ou em outro momento tranquilo. Crie um ambiente prop\u00edcio para a reflex\u00e3o e a conex\u00e3o espiritual, livre de distra\u00e7\u00f5es.<\/p>\n\n\n\n<p>Ao recitar a ora\u00e7\u00e3o, fa\u00e7a-o com sinceridade e emo\u00e7\u00e3o, concentrando-se nas palavras e nas inten\u00e7\u00f5es por tr\u00e1s delas. Use a repeti\u00e7\u00e3o regular como uma forma de fortalecer sua conex\u00e3o espiritual e refor\u00e7ar suas inten\u00e7\u00f5es.<\/p>\n\n\n\n<h2 class=\"wp-block-heading\">Fortalecendo a conex\u00e3o espiritual<\/h2>\n\n\n\n<p>A ora\u00e7\u00e3o para melhorar a vida todos os dias fortalece sua conex\u00e3o espiritual e pode ter um impacto significativo em seu bem-estar geral.&nbsp;<\/p>\n\n\n\n<p>Ao expressar gratid\u00e3o, definir inten\u00e7\u00f5es claras e cultivar a f\u00e9 e a confian\u00e7a, voc\u00ea est\u00e1 criando um espa\u00e7o para mudan\u00e7as positivas acontecerem em sua vida. Experimente incorporar esta pr\u00e1tica simples e poderosa em sua rotina di\u00e1ria e observe como ela pode transformar sua perspectiva e experi\u00eancia de vida.<\/p>\n\n\n\n<p><strong>Veja tamb\u00e9m: <a href=\"https:\/\/www.oracaoefe.com\/a-fe-e-a-certeza-daquilo-que-esperamos\/\">A f\u00e9 \u00e9 a certeza daquilo que esperamos<\/a><\/strong><\/p>\n\n\n\n<p>29 de julho de 2024<\/p>\n","protected":false},"excerpt":{"rendered":"<p>Na busca por paz interior, prosperidade e bem-estar, muitas pessoas recorrem \u00e0 pr\u00e1tica da ora\u00e7\u00e3o como uma forma de conectar-se com o divino, encontrar clareza mental e manifestar seus desejos.&nbsp; Uma ora\u00e7\u00e3o bem formulada fortalece o v\u00ednculo espiritual, e tamb\u00e9m pode servir como um ritual di\u00e1rio para atrair energias positivas e melhorar a qualidade de&hellip;&nbsp;<\/p>","protected":false},"author":3,"featured_media":2957,"comment_status":"closed","ping_status":"closed","sticky":false,"template":"","format":"standard","meta":{"neve_meta_sidebar":"","neve_meta_container":"","neve_meta_enable_content_width":"","neve_meta_content_width":0,"neve_meta_title_alignment":"","neve_meta_author_avatar":"","neve_post_elements_order":"","neve_meta_disable_header":"","neve_meta_disable_footer":"","neve_meta_disable_title":"","footnotes":""},"categories":[3],"tags":[],"class_list":["post-2949","post","type-post","status-publish","format-standard","has-post-thumbnail","hentry","category-fe"],"yoast_head":"<!-- This site is optimized with the Yoast SEO plugin v27.4 - https:\/\/yoast.com\/product\/yoast-seo-wordpress\/ -->\n<title>Ora\u00e7\u00e3o para melhorar a vida todos os dias - Ora\u00e7\u00e3o e F\u00e9<\/title>\n<meta name=\"description\" content=\"Deus tem pra voc\u00ea uma palavra de vida!\" \/>\n<meta name=\"robots\" content=\"index, follow, max-snippet:-1, max-image-preview:large, max-video-preview:-1\" \/>\n<link rel=\"canonical\" href=\"https:\/\/www.oracaoefe.com\/en\/prayers-to-improve-your-life-every-day\/\" \/>\n<meta property=\"og:locale\" content=\"en_US\" \/>\n<meta property=\"og:type\" content=\"article\" \/>\n<meta property=\"og:title\" content=\"Ora\u00e7\u00e3o para melhorar a vida todos os dias - Ora\u00e7\u00e3o e F\u00e9\" \/>\n<meta property=\"og:description\" content=\"Deus tem pra voc\u00ea uma palavra de vida!\" \/>\n<meta property=\"og:url\" content=\"https:\/\/www.oracaoefe.com\/en\/prayers-to-improve-your-life-every-day\/\" \/>\n<meta property=\"og:site_name\" content=\"Ora\u00e7\u00e3o e F\u00e9\" \/>\n<meta property=\"article:published_time\" content=\"2024-07-29T09:12:00+00:00\" \/>\n<meta property=\"article:modified_time\" content=\"2025-06-15T18:15:30+00:00\" \/>\n<meta property=\"og:image\" content=\"https:\/\/www.oracaoefe.com\/wp-content\/uploads\/2024\/07\/image-9.png\" \/>\n\t<meta property=\"og:image:width\" content=\"740\" \/>\n\t<meta property=\"og:image:height\" content=\"447\" \/>\n\t<meta property=\"og:image:type\" content=\"image\/png\" \/>\n<meta name=\"author\" content=\"Michele Azevedo\" \/>\n<meta name=\"twitter:card\" content=\"summary_large_image\" \/>\n<meta name=\"twitter:label1\" content=\"Written by\" \/>\n\t<meta name=\"twitter:data1\" content=\"Michele Azevedo\" \/>\n\t<meta name=\"twitter:label2\" content=\"Est. reading time\" \/>\n\t<meta name=\"twitter:data2\" content=\"4 minutes\" \/>\n<script type=\"application\/ld+json\" class=\"yoast-schema-graph\">{\"@context\":\"https:\\\/\\\/schema.org\",\"@graph\":[{\"@type\":\"Article\",\"@id\":\"https:\\\/\\\/www.oracaoefe.com\\\/oracao-para-melhorar-a-vida-todos-os-dias\\\/#article\",\"isPartOf\":{\"@id\":\"https:\\\/\\\/www.oracaoefe.com\\\/oracao-para-melhorar-a-vida-todos-os-dias\\\/\"},\"author\":{\"name\":\"Michele Azevedo\",\"@id\":\"https:\\\/\\\/www.oracaoefe.com\\\/#\\\/schema\\\/person\\\/17283c669442cf005c4d5bb58adfb7f5\"},\"headline\":\"Ora\u00e7\u00e3o para melhorar a vida todos os dias\",\"datePublished\":\"2024-07-29T09:12:00+00:00\",\"dateModified\":\"2025-06-15T18:15:30+00:00\",\"mainEntityOfPage\":{\"@id\":\"https:\\\/\\\/www.oracaoefe.com\\\/oracao-para-melhorar-a-vida-todos-os-dias\\\/\"},\"wordCount\":850,\"image\":{\"@id\":\"https:\\\/\\\/www.oracaoefe.com\\\/oracao-para-melhorar-a-vida-todos-os-dias\\\/#primaryimage\"},\"thumbnailUrl\":\"https:\\\/\\\/www.oracaoefe.com\\\/wp-content\\\/uploads\\\/2024\\\/07\\\/image-9.png\",\"articleSection\":[\"F\u00e9\"],\"inLanguage\":\"en-US\"},{\"@type\":\"WebPage\",\"@id\":\"https:\\\/\\\/www.oracaoefe.com\\\/oracao-para-melhorar-a-vida-todos-os-dias\\\/\",\"url\":\"https:\\\/\\\/www.oracaoefe.com\\\/oracao-para-melhorar-a-vida-todos-os-dias\\\/\",\"name\":\"Ora\u00e7\u00e3o para melhorar a vida todos os dias - Ora\u00e7\u00e3o e F\u00e9\",\"isPartOf\":{\"@id\":\"https:\\\/\\\/www.oracaoefe.com\\\/#website\"},\"primaryImageOfPage\":{\"@id\":\"https:\\\/\\\/www.oracaoefe.com\\\/oracao-para-melhorar-a-vida-todos-os-dias\\\/#primaryimage\"},\"image\":{\"@id\":\"https:\\\/\\\/www.oracaoefe.com\\\/oracao-para-melhorar-a-vida-todos-os-dias\\\/#primaryimage\"},\"thumbnailUrl\":\"https:\\\/\\\/www.oracaoefe.com\\\/wp-content\\\/uploads\\\/2024\\\/07\\\/image-9.png\",\"datePublished\":\"2024-07-29T09:12:00+00:00\",\"dateModified\":\"2025-06-15T18:15:30+00:00\",\"author\":{\"@id\":\"https:\\\/\\\/www.oracaoefe.com\\\/#\\\/schema\\\/person\\\/17283c669442cf005c4d5bb58adfb7f5\"},\"description\":\"Deus tem pra voc\u00ea uma palavra de vida!\",\"breadcrumb\":{\"@id\":\"https:\\\/\\\/www.oracaoefe.com\\\/oracao-para-melhorar-a-vida-todos-os-dias\\\/#breadcrumb\"},\"inLanguage\":\"en-US\",\"potentialAction\":[{\"@type\":\"ReadAction\",\"target\":[\"https:\\\/\\\/www.oracaoefe.com\\\/oracao-para-melhorar-a-vida-todos-os-dias\\\/\"]}]},{\"@type\":\"ImageObject\",\"inLanguage\":\"en-US\",\"@id\":\"https:\\\/\\\/www.oracaoefe.com\\\/oracao-para-melhorar-a-vida-todos-os-dias\\\/#primaryimage\",\"url\":\"https:\\\/\\\/www.oracaoefe.com\\\/wp-content\\\/uploads\\\/2024\\\/07\\\/image-9.png\",\"contentUrl\":\"https:\\\/\\\/www.oracaoefe.com\\\/wp-content\\\/uploads\\\/2024\\\/07\\\/image-9.png\",\"width\":740,\"height\":447},{\"@type\":\"BreadcrumbList\",\"@id\":\"https:\\\/\\\/www.oracaoefe.com\\\/oracao-para-melhorar-a-vida-todos-os-dias\\\/#breadcrumb\",\"itemListElement\":[{\"@type\":\"ListItem\",\"position\":1,\"name\":\"Home\",\"item\":\"https:\\\/\\\/www.oracaoefe.com\\\/\"},{\"@type\":\"ListItem\",\"position\":2,\"name\":\"Ora\u00e7\u00e3o para melhorar a vida todos os dias\"}]},{\"@type\":\"WebSite\",\"@id\":\"https:\\\/\\\/www.oracaoefe.com\\\/#website\",\"url\":\"https:\\\/\\\/www.oracaoefe.com\\\/\",\"name\":\"Ora\u00e7\u00e3o e F\u00e9\",\"description\":\"\",\"potentialAction\":[{\"@type\":\"SearchAction\",\"target\":{\"@type\":\"EntryPoint\",\"urlTemplate\":\"https:\\\/\\\/www.oracaoefe.com\\\/?s={search_term_string}\"},\"query-input\":{\"@type\":\"PropertyValueSpecification\",\"valueRequired\":true,\"valueName\":\"search_term_string\"}}],\"inLanguage\":\"en-US\"},{\"@type\":\"Person\",\"@id\":\"https:\\\/\\\/www.oracaoefe.com\\\/#\\\/schema\\\/person\\\/17283c669442cf005c4d5bb58adfb7f5\",\"name\":\"Michele Azevedo\",\"image\":{\"@type\":\"ImageObject\",\"inLanguage\":\"en-US\",\"@id\":\"https:\\\/\\\/secure.gravatar.com\\\/avatar\\\/6b0eb9d22841282815e2cd856a0061c45e1761cd54b22e952d98c4746939aa85?s=96&d=mm&r=g\",\"url\":\"https:\\\/\\\/secure.gravatar.com\\\/avatar\\\/6b0eb9d22841282815e2cd856a0061c45e1761cd54b22e952d98c4746939aa85?s=96&d=mm&r=g\",\"contentUrl\":\"https:\\\/\\\/secure.gravatar.com\\\/avatar\\\/6b0eb9d22841282815e2cd856a0061c45e1761cd54b22e952d98c4746939aa85?s=96&d=mm&r=g\",\"caption\":\"Michele Azevedo\"},\"description\":\"Formada em Letras - Portugu\u00eas\\\/ Ingl\u00eas pela UEPG, p\u00f3s-graduada em Arte na Educa\u00e7\u00e3o e Psicopedagogia Escolar, idealizadora do site Escritora de Sucesso, redatora e revisora dos conte\u00fados do Ora\u00e7\u00e3o e F\u00e9 com muita f\u00e9 e positividade.\",\"url\":\"https:\\\/\\\/www.oracaoefe.com\\\/en\\\/author\\\/michele-azevedo\\\/\"}]}<\/script>\n<!-- \/ Yoast SEO plugin. -->","yoast_head_json":{"title":"Prayer to improve your life every day - Prayer and Faith","description":"God has a word of life for you!","robots":{"index":"index","follow":"follow","max-snippet":"max-snippet:-1","max-image-preview":"max-image-preview:large","max-video-preview":"max-video-preview:-1"},"canonical":"https:\/\/www.oracaoefe.com\/en\/prayers-to-improve-your-life-every-day\/","og_locale":"en_US","og_type":"article","og_title":"Ora\u00e7\u00e3o para melhorar a vida todos os dias - Ora\u00e7\u00e3o e F\u00e9","og_description":"Deus tem pra voc\u00ea uma palavra de vida!","og_url":"https:\/\/www.oracaoefe.com\/en\/prayers-to-improve-your-life-every-day\/","og_site_name":"Ora\u00e7\u00e3o e F\u00e9","article_published_time":"2024-07-29T09:12:00+00:00","article_modified_time":"2025-06-15T18:15:30+00:00","og_image":[{"width":740,"height":447,"url":"https:\/\/www.oracaoefe.com\/wp-content\/uploads\/2024\/07\/image-9.png","type":"image\/png"}],"author":"Michele Azevedo","twitter_card":"summary_large_image","twitter_misc":{"Written by":"Michele Azevedo","Est. reading time":"4 minutes"},"schema":{"@context":"https:\/\/schema.org","@graph":[{"@type":"Article","@id":"https:\/\/www.oracaoefe.com\/oracao-para-melhorar-a-vida-todos-os-dias\/#article","isPartOf":{"@id":"https:\/\/www.oracaoefe.com\/oracao-para-melhorar-a-vida-todos-os-dias\/"},"author":{"name":"Michele Azevedo","@id":"https:\/\/www.oracaoefe.com\/#\/schema\/person\/17283c669442cf005c4d5bb58adfb7f5"},"headline":"Ora\u00e7\u00e3o para melhorar a vida todos os dias","datePublished":"2024-07-29T09:12:00+00:00","dateModified":"2025-06-15T18:15:30+00:00","mainEntityOfPage":{"@id":"https:\/\/www.oracaoefe.com\/oracao-para-melhorar-a-vida-todos-os-dias\/"},"wordCount":850,"image":{"@id":"https:\/\/www.oracaoefe.com\/oracao-para-melhorar-a-vida-todos-os-dias\/#primaryimage"},"thumbnailUrl":"https:\/\/www.oracaoefe.com\/wp-content\/uploads\/2024\/07\/image-9.png","articleSection":["F\u00e9"],"inLanguage":"en-US"},{"@type":"WebPage","@id":"https:\/\/www.oracaoefe.com\/oracao-para-melhorar-a-vida-todos-os-dias\/","url":"https:\/\/www.oracaoefe.com\/oracao-para-melhorar-a-vida-todos-os-dias\/","name":"Prayer to improve your life every day - Prayer and Faith","isPartOf":{"@id":"https:\/\/www.oracaoefe.com\/#website"},"primaryImageOfPage":{"@id":"https:\/\/www.oracaoefe.com\/oracao-para-melhorar-a-vida-todos-os-dias\/#primaryimage"},"image":{"@id":"https:\/\/www.oracaoefe.com\/oracao-para-melhorar-a-vida-todos-os-dias\/#primaryimage"},"thumbnailUrl":"https:\/\/www.oracaoefe.com\/wp-content\/uploads\/2024\/07\/image-9.png","datePublished":"2024-07-29T09:12:00+00:00","dateModified":"2025-06-15T18:15:30+00:00","author":{"@id":"https:\/\/www.oracaoefe.com\/#\/schema\/person\/17283c669442cf005c4d5bb58adfb7f5"},"description":"God has a word of life for you!","breadcrumb":{"@id":"https:\/\/www.oracaoefe.com\/oracao-para-melhorar-a-vida-todos-os-dias\/#breadcrumb"},"inLanguage":"en-US","potentialAction":[{"@type":"ReadAction","target":["https:\/\/www.oracaoefe.com\/oracao-para-melhorar-a-vida-todos-os-dias\/"]}]},{"@type":"ImageObject","inLanguage":"en-US","@id":"https:\/\/www.oracaoefe.com\/oracao-para-melhorar-a-vida-todos-os-dias\/#primaryimage","url":"https:\/\/www.oracaoefe.com\/wp-content\/uploads\/2024\/07\/image-9.png","contentUrl":"https:\/\/www.oracaoefe.com\/wp-content\/uploads\/2024\/07\/image-9.png","width":740,"height":447},{"@type":"BreadcrumbList","@id":"https:\/\/www.oracaoefe.com\/oracao-para-melhorar-a-vida-todos-os-dias\/#breadcrumb","itemListElement":[{"@type":"ListItem","position":1,"name":"Home","item":"https:\/\/www.oracaoefe.com\/"},{"@type":"ListItem","position":2,"name":"Ora\u00e7\u00e3o para melhorar a vida todos os dias"}]},{"@type":"WebSite","@id":"https:\/\/www.oracaoefe.com\/#website","url":"https:\/\/www.oracaoefe.com\/","name":"Prayer and Faith","description":"","potentialAction":[{"@type":"SearchAction","target":{"@type":"EntryPoint","urlTemplate":"https:\/\/www.oracaoefe.com\/?s={search_term_string}"},"query-input":{"@type":"PropertyValueSpecification","valueRequired":true,"valueName":"search_term_string"}}],"inLanguage":"en-US"},{"@type":"Person","@id":"https:\/\/www.oracaoefe.com\/#\/schema\/person\/17283c669442cf005c4d5bb58adfb7f5","name":"Michele Azevedo","image":{"@type":"ImageObject","inLanguage":"en-US","@id":"https:\/\/secure.gravatar.com\/avatar\/6b0eb9d22841282815e2cd856a0061c45e1761cd54b22e952d98c4746939aa85?s=96&d=mm&r=g","url":"https:\/\/secure.gravatar.com\/avatar\/6b0eb9d22841282815e2cd856a0061c45e1761cd54b22e952d98c4746939aa85?s=96&d=mm&r=g","contentUrl":"https:\/\/secure.gravatar.com\/avatar\/6b0eb9d22841282815e2cd856a0061c45e1761cd54b22e952d98c4746939aa85?s=96&d=mm&r=g","caption":"Michele Azevedo"},"description":"A graduate in Portuguese\/English Literature from UEPG, with postgraduate degrees in Art in Education and School Psychopedagogy, she is the creator of the Escritora de Sucesso website, and a writer and editor of the content for Ora\u00e7\u00e3o e F\u00e9 (Prayer and Faith) with great faith and positivity.","url":"https:\/\/www.oracaoefe.com\/en\/author\/michele-azevedo\/"}]}},"_links":{"self":[{"href":"https:\/\/www.oracaoefe.com\/en\/wp-json\/wp\/v2\/posts\/2949","targetHints":{"allow":["GET"]}}],"collection":[{"href":"https:\/\/www.oracaoefe.com\/en\/wp-json\/wp\/v2\/posts"}],"about":[{"href":"https:\/\/www.oracaoefe.com\/en\/wp-json\/wp\/v2\/types\/post"}],"author":[{"embeddable":true,"href":"https:\/\/www.oracaoefe.com\/en\/wp-json\/wp\/v2\/users\/3"}],"replies":[{"embeddable":true,"href":"https:\/\/www.oracaoefe.com\/en\/wp-json\/wp\/v2\/comments?post=2949"}],"version-history":[{"count":2,"href":"https:\/\/www.oracaoefe.com\/en\/wp-json\/wp\/v2\/posts\/2949\/revisions"}],"predecessor-version":[{"id":2958,"href":"https:\/\/www.oracaoefe.com\/en\/wp-json\/wp\/v2\/posts\/2949\/revisions\/2958"}],"wp:featuredmedia":[{"embeddable":true,"href":"https:\/\/www.oracaoefe.com\/en\/wp-json\/wp\/v2\/media\/2957"}],"wp:attachment":[{"href":"https:\/\/www.oracaoefe.com\/en\/wp-json\/wp\/v2\/media?parent=2949"}],"wp:term":[{"taxonomy":"category","embeddable":true,"href":"https:\/\/www.oracaoefe.com\/en\/wp-json\/wp\/v2\/categories?post=2949"},{"taxonomy":"post_tag","embeddable":true,"href":"https:\/\/www.oracaoefe.com\/en\/wp-json\/wp\/v2\/tags?post=2949"}],"curies":[{"name":"wp","href":"https:\/\/api.w.org\/{rel}","templated":true}]}}