{"id":2926,"date":"2024-07-14T01:00:00","date_gmt":"2024-07-14T04:00:00","guid":{"rendered":"https:\/\/www.oracaoefe.com\/?p=2926"},"modified":"2024-07-02T20:41:37","modified_gmt":"2024-07-02T23:41:37","slug":"3-prayer-options-to-protect-children-from-danger","status":"publish","type":"post","link":"https:\/\/www.oracaoefe.com\/en\/3-opcoes-de-oracao-para-proteger-os-filhos-de-perigos\/","title":{"rendered":"3 prayer options to protect children from danger"},"content":{"rendered":"<p>When it comes to the safety and security of our children, all parents want the best. However, we don't always have control over every aspect of their lives. Faced with this, many parents turn to faith and prayer as a way of seeking divine protection for their children.&nbsp;<\/p>\n\n\n\n<h2 class=\"wp-block-heading\">The power of prayer to protect children<\/h2>\n\n\n\n<p>Prayer is a deeply personal and meaningful spiritual practice for many people around the world. It not only strengthens our connection with the divine, but is also seen as a means of asking for help, guidance and protection for those we love, especially our children.&nbsp;<\/p>\n\n\n\n<p>Regardless of your specific belief, the idea of directing positive intentions and requests for protection through prayer is a common and comforting practice for many parents.<\/p>\n\n\n\n<figure class=\"wp-block-image size-full is-resized\"><img loading=\"lazy\" decoding=\"async\" width=\"740\" height=\"493\" src=\"https:\/\/www.oracaoefe.com\/wp-content\/uploads\/2024\/07\/image-4.png\" alt=\"\" class=\"wp-image-2938\" style=\"width:840px;height:auto\" srcset=\"https:\/\/www.oracaoefe.com\/wp-content\/uploads\/2024\/07\/image-4.png 740w, https:\/\/www.oracaoefe.com\/wp-content\/uploads\/2024\/07\/image-4-300x200.png 300w, https:\/\/www.oracaoefe.com\/wp-content\/uploads\/2024\/07\/image-4-18x12.png 18w\" sizes=\"auto, (max-width: 740px) 100vw, 740px\" \/><\/figure>\n\n\n\n<h3 class=\"wp-block-heading\">Prayer of St. Michael the Archangel<\/h3>\n\n\n\n<p>One of the most revered prayers for protection is the Prayer of St. Michael the Archangel. Saint Michael is considered to be one of the most powerful defenders against evil and therefore his prayers are often invoked in times of dire need, especially to protect children from negative influences and physical or spiritual dangers.<\/p>\n\n\n\n<p><em>\"St. Michael the Archangel, defend us in battle; be our help against the wickedness and snares of the devil.&nbsp;<\/em><\/p>\n\n\n\n<p><em>May God manifest his power over him, we humbly ask you;&nbsp;<\/em><\/p>\n\n\n\n<p><em>and you, prince of the heavenly militia, by divine power, cast satan and the other evil spirits who go about the world to lose souls into hell.&nbsp;<\/em><\/p>\n\n\n\n<p><em>Amen.\"<\/em><\/p>\n\n\n\n<p>This prayer is a powerful invocation for spiritual protection, seeking divine help through the intercession of St. Michael the Archangel, who is traditionally seen as the guardian against evil and spiritual dangers that may affect our children.<\/p>\n\n\n\n<h3 class=\"wp-block-heading\">Prayer to Our Lady Untying the Knots<\/h3>\n\n\n\n<p>Another venerated figure in the Catholic tradition is Our Lady Untying the Knots, known for her intercession in difficult matters and complicated problems in life. This prayer is particularly useful for parents who wish to protect their children from difficult situations and emotional or spiritual challenges.<\/p>\n\n\n\n<p><em>\"O Mary, Undoer of Knots, loving mother, I come to you to seek your protection for my children.&nbsp;<\/em><\/p>\n\n\n\n<p><em>Intercede for them before your Son, so that they may be kept from all the evils and dangers that surround them.&nbsp;<\/em><\/p>\n\n\n\n<p><em>May your maternal goodness surround them and your intercession always protect them.&nbsp;<\/em><\/p>\n\n\n\n<p><em>Amen.\"<\/em><\/p>\n\n\n\n<p>This prayer emphasizes trust in Mary's maternal intercession and her ability to undo knots and difficulties that may arise on her children's path, providing them with security and spiritual protection.<\/p>\n\n\n\n<h3 class=\"wp-block-heading\">Prayer of gratitude and protection<\/h3>\n\n\n\n<p>In addition to specific prayers to religious figures, many parents also choose to create their own personal prayers, expressing gratitude and asking for divine protection in a more personal and direct way.&nbsp;<\/p>\n\n\n\n<p>These prayers can be done spontaneously or in a structured way, according to the needs and desires of each individual.<\/p>\n\n\n\n<p><em>\"Dear God, I am so grateful for the gift of my children.&nbsp;<\/em><\/p>\n\n\n\n<p><em>I ask you to protect them every day, guarding them from all physical, emotional and spiritual harm. Grant them the discernment to make wise choices and the courage to face challenges. May your light always guide them and your peace surround them at all times.&nbsp;<\/em><\/p>\n\n\n\n<p><em>Amen.\"<\/em><\/p>\n\n\n\n<p>This prayer reflects a personal connection with the divine, combining gratitude with a plea for constant protection and guidance for the children.<\/p>\n\n\n\n<h2 class=\"wp-block-heading\">Invoking divine protection<\/h2>\n\n\n\n<p>The practice of prayer as a means of protecting children is deeply meaningful to many parents around the world. Whether through traditional prayers such as St. Michael the Archangel and Our Lady Untying the Knots, or through personal and spontaneous prayers, the intention is the same: to invoke divine protection for our beloved children.&nbsp;<\/p>\n\n\n\n<p>By relying on spiritual practices that transcend earthly concerns, parents find comfort in the belief that their children are being cared for and protected by something greater than themselves. May these prayers not only strengthen our faith, but also promote a sense of security and peace for families on their daily journeys.<\/p>\n\n\n\n<p><p><strong>See also: <a href=\"https:\/\/www.oracaoefe.com\/en\/prayers-for-protection-and-health-during-pregnancy\/\">Prayer for protection and health during pregnancy<\/a><\/strong><\/p><\/p>\n\n\n\n<p><p>July 14th, 2024<\/p><\/p>","protected":false},"excerpt":{"rendered":"<p>When it comes to the safety and protection of our children, all parents want the best. However, we don&#039;t always have control over every aspect of their lives. Faced with this, many parents turn to faith and prayer as a way to seek divine protection for their children. The power of prayer in protection\u2026&nbsp;<\/p>","protected":false},"author":3,"featured_media":2938,"comment_status":"closed","ping_status":"closed","sticky":false,"template":"","format":"standard","meta":{"neve_meta_sidebar":"","neve_meta_container":"","neve_meta_enable_content_width":"","neve_meta_content_width":0,"neve_meta_title_alignment":"","neve_meta_author_avatar":"","neve_post_elements_order":"","neve_meta_disable_header":"","neve_meta_disable_footer":"","neve_meta_disable_title":"","footnotes":""},"categories":[2],"tags":[],"class_list":["post-2926","post","type-post","status-publish","format-standard","has-post-thumbnail","hentry","category-oracao"],"yoast_head":"<!-- This site is optimized with the Yoast SEO plugin v27.5 - https:\/\/yoast.com\/product\/yoast-seo-wordpress\/ -->\n<title>3 op\u00e7\u00f5es de ora\u00e7\u00e3o para proteger os filhos de perigos - Ora\u00e7\u00e3o e F\u00e9<\/title>\n<meta name=\"description\" content=\"Deus tem pra voc\u00ea uma palavra de vida!\" \/>\n<meta name=\"robots\" content=\"index, follow, max-snippet:-1, max-image-preview:large, max-video-preview:-1\" \/>\n<link rel=\"canonical\" href=\"https:\/\/www.oracaoefe.com\/en\/3-prayer-options-to-protect-children-from-danger\/\" \/>\n<meta property=\"og:locale\" content=\"en_US\" \/>\n<meta property=\"og:type\" content=\"article\" \/>\n<meta property=\"og:title\" content=\"3 op\u00e7\u00f5es de ora\u00e7\u00e3o para proteger os filhos de perigos - Ora\u00e7\u00e3o e F\u00e9\" \/>\n<meta property=\"og:description\" content=\"Deus tem pra voc\u00ea uma palavra de vida!\" \/>\n<meta property=\"og:url\" content=\"https:\/\/www.oracaoefe.com\/en\/3-prayer-options-to-protect-children-from-danger\/\" \/>\n<meta property=\"og:site_name\" content=\"Ora\u00e7\u00e3o e F\u00e9\" \/>\n<meta property=\"article:published_time\" content=\"2024-07-14T04:00:00+00:00\" \/>\n<meta property=\"og:image\" content=\"https:\/\/www.oracaoefe.com\/wp-content\/uploads\/2024\/07\/image-4.png\" \/>\n\t<meta property=\"og:image:width\" content=\"740\" \/>\n\t<meta property=\"og:image:height\" content=\"493\" \/>\n\t<meta property=\"og:image:type\" content=\"image\/png\" \/>\n<meta name=\"author\" content=\"Michele Azevedo\" \/>\n<meta name=\"twitter:card\" content=\"summary_large_image\" \/>\n<meta name=\"twitter:label1\" content=\"Written by\" \/>\n\t<meta name=\"twitter:data1\" content=\"Michele Azevedo\" \/>\n\t<meta name=\"twitter:label2\" content=\"Est. reading time\" \/>\n\t<meta name=\"twitter:data2\" content=\"4 minutes\" \/>\n<script type=\"application\/ld+json\" class=\"yoast-schema-graph\">{\"@context\":\"https:\\\/\\\/schema.org\",\"@graph\":[{\"@type\":\"Article\",\"@id\":\"https:\\\/\\\/www.oracaoefe.com\\\/3-opcoes-de-oracao-para-proteger-os-filhos-de-perigos\\\/#article\",\"isPartOf\":{\"@id\":\"https:\\\/\\\/www.oracaoefe.com\\\/3-opcoes-de-oracao-para-proteger-os-filhos-de-perigos\\\/\"},\"author\":{\"name\":\"Michele Azevedo\",\"@id\":\"https:\\\/\\\/www.oracaoefe.com\\\/#\\\/schema\\\/person\\\/17283c669442cf005c4d5bb58adfb7f5\"},\"headline\":\"3 op\u00e7\u00f5es de ora\u00e7\u00e3o para proteger os filhos de perigos\",\"datePublished\":\"2024-07-14T04:00:00+00:00\",\"mainEntityOfPage\":{\"@id\":\"https:\\\/\\\/www.oracaoefe.com\\\/3-opcoes-de-oracao-para-proteger-os-filhos-de-perigos\\\/\"},\"wordCount\":802,\"image\":{\"@id\":\"https:\\\/\\\/www.oracaoefe.com\\\/3-opcoes-de-oracao-para-proteger-os-filhos-de-perigos\\\/#primaryimage\"},\"thumbnailUrl\":\"https:\\\/\\\/www.oracaoefe.com\\\/wp-content\\\/uploads\\\/2024\\\/07\\\/image-4.png\",\"articleSection\":[\"Ora\u00e7\u00e3o\"],\"inLanguage\":\"en-US\"},{\"@type\":\"WebPage\",\"@id\":\"https:\\\/\\\/www.oracaoefe.com\\\/3-opcoes-de-oracao-para-proteger-os-filhos-de-perigos\\\/\",\"url\":\"https:\\\/\\\/www.oracaoefe.com\\\/3-opcoes-de-oracao-para-proteger-os-filhos-de-perigos\\\/\",\"name\":\"3 op\u00e7\u00f5es de ora\u00e7\u00e3o para proteger os filhos de perigos - Ora\u00e7\u00e3o e F\u00e9\",\"isPartOf\":{\"@id\":\"https:\\\/\\\/www.oracaoefe.com\\\/#website\"},\"primaryImageOfPage\":{\"@id\":\"https:\\\/\\\/www.oracaoefe.com\\\/3-opcoes-de-oracao-para-proteger-os-filhos-de-perigos\\\/#primaryimage\"},\"image\":{\"@id\":\"https:\\\/\\\/www.oracaoefe.com\\\/3-opcoes-de-oracao-para-proteger-os-filhos-de-perigos\\\/#primaryimage\"},\"thumbnailUrl\":\"https:\\\/\\\/www.oracaoefe.com\\\/wp-content\\\/uploads\\\/2024\\\/07\\\/image-4.png\",\"datePublished\":\"2024-07-14T04:00:00+00:00\",\"author\":{\"@id\":\"https:\\\/\\\/www.oracaoefe.com\\\/#\\\/schema\\\/person\\\/17283c669442cf005c4d5bb58adfb7f5\"},\"description\":\"Deus tem pra voc\u00ea uma palavra de vida!\",\"breadcrumb\":{\"@id\":\"https:\\\/\\\/www.oracaoefe.com\\\/3-opcoes-de-oracao-para-proteger-os-filhos-de-perigos\\\/#breadcrumb\"},\"inLanguage\":\"en-US\",\"potentialAction\":[{\"@type\":\"ReadAction\",\"target\":[\"https:\\\/\\\/www.oracaoefe.com\\\/3-opcoes-de-oracao-para-proteger-os-filhos-de-perigos\\\/\"]}]},{\"@type\":\"ImageObject\",\"inLanguage\":\"en-US\",\"@id\":\"https:\\\/\\\/www.oracaoefe.com\\\/3-opcoes-de-oracao-para-proteger-os-filhos-de-perigos\\\/#primaryimage\",\"url\":\"https:\\\/\\\/www.oracaoefe.com\\\/wp-content\\\/uploads\\\/2024\\\/07\\\/image-4.png\",\"contentUrl\":\"https:\\\/\\\/www.oracaoefe.com\\\/wp-content\\\/uploads\\\/2024\\\/07\\\/image-4.png\",\"width\":740,\"height\":493},{\"@type\":\"BreadcrumbList\",\"@id\":\"https:\\\/\\\/www.oracaoefe.com\\\/3-opcoes-de-oracao-para-proteger-os-filhos-de-perigos\\\/#breadcrumb\",\"itemListElement\":[{\"@type\":\"ListItem\",\"position\":1,\"name\":\"Home\",\"item\":\"https:\\\/\\\/www.oracaoefe.com\\\/\"},{\"@type\":\"ListItem\",\"position\":2,\"name\":\"Ora\u00e7\u00e3o\",\"item\":\"https:\\\/\\\/www.oracaoefe.com\\\/category\\\/oracao\\\/\"},{\"@type\":\"ListItem\",\"position\":3,\"name\":\"3 op\u00e7\u00f5es de ora\u00e7\u00e3o para proteger os filhos de perigos\"}]},{\"@type\":\"WebSite\",\"@id\":\"https:\\\/\\\/www.oracaoefe.com\\\/#website\",\"url\":\"https:\\\/\\\/www.oracaoefe.com\\\/\",\"name\":\"Ora\u00e7\u00e3o e F\u00e9\",\"description\":\"\",\"potentialAction\":[{\"@type\":\"SearchAction\",\"target\":{\"@type\":\"EntryPoint\",\"urlTemplate\":\"https:\\\/\\\/www.oracaoefe.com\\\/?s={search_term_string}\"},\"query-input\":{\"@type\":\"PropertyValueSpecification\",\"valueRequired\":true,\"valueName\":\"search_term_string\"}}],\"inLanguage\":\"en-US\"},{\"@type\":\"Person\",\"@id\":\"https:\\\/\\\/www.oracaoefe.com\\\/#\\\/schema\\\/person\\\/17283c669442cf005c4d5bb58adfb7f5\",\"name\":\"Michele Azevedo\",\"image\":{\"@type\":\"ImageObject\",\"inLanguage\":\"en-US\",\"@id\":\"https:\\\/\\\/secure.gravatar.com\\\/avatar\\\/6b0eb9d22841282815e2cd856a0061c45e1761cd54b22e952d98c4746939aa85?s=96&d=mm&r=g\",\"url\":\"https:\\\/\\\/secure.gravatar.com\\\/avatar\\\/6b0eb9d22841282815e2cd856a0061c45e1761cd54b22e952d98c4746939aa85?s=96&d=mm&r=g\",\"contentUrl\":\"https:\\\/\\\/secure.gravatar.com\\\/avatar\\\/6b0eb9d22841282815e2cd856a0061c45e1761cd54b22e952d98c4746939aa85?s=96&d=mm&r=g\",\"caption\":\"Michele Azevedo\"},\"description\":\"Formada em Letras - Portugu\u00eas\\\/ Ingl\u00eas pela UEPG, p\u00f3s-graduada em Arte na Educa\u00e7\u00e3o e Psicopedagogia Escolar, idealizadora do site Escritora de Sucesso, redatora e revisora dos conte\u00fados do Ora\u00e7\u00e3o e F\u00e9 com muita f\u00e9 e positividade.\",\"url\":\"https:\\\/\\\/www.oracaoefe.com\\\/en\\\/author\\\/michele-azevedo\\\/\"}]}<\/script>\n<!-- \/ Yoast SEO plugin. -->","yoast_head_json":{"title":"3 prayer options to protect children from danger - Prayer and Faith","description":"God has a word of life for you!","robots":{"index":"index","follow":"follow","max-snippet":"max-snippet:-1","max-image-preview":"max-image-preview:large","max-video-preview":"max-video-preview:-1"},"canonical":"https:\/\/www.oracaoefe.com\/en\/3-prayer-options-to-protect-children-from-danger\/","og_locale":"en_US","og_type":"article","og_title":"3 op\u00e7\u00f5es de ora\u00e7\u00e3o para proteger os filhos de perigos - Ora\u00e7\u00e3o e F\u00e9","og_description":"Deus tem pra voc\u00ea uma palavra de vida!","og_url":"https:\/\/www.oracaoefe.com\/en\/3-prayer-options-to-protect-children-from-danger\/","og_site_name":"Ora\u00e7\u00e3o e F\u00e9","article_published_time":"2024-07-14T04:00:00+00:00","og_image":[{"width":740,"height":493,"url":"https:\/\/www.oracaoefe.com\/wp-content\/uploads\/2024\/07\/image-4.png","type":"image\/png"}],"author":"Michele Azevedo","twitter_card":"summary_large_image","twitter_misc":{"Written by":"Michele Azevedo","Est. reading time":"4 minutes"},"schema":{"@context":"https:\/\/schema.org","@graph":[{"@type":"Article","@id":"https:\/\/www.oracaoefe.com\/3-opcoes-de-oracao-para-proteger-os-filhos-de-perigos\/#article","isPartOf":{"@id":"https:\/\/www.oracaoefe.com\/3-opcoes-de-oracao-para-proteger-os-filhos-de-perigos\/"},"author":{"name":"Michele Azevedo","@id":"https:\/\/www.oracaoefe.com\/#\/schema\/person\/17283c669442cf005c4d5bb58adfb7f5"},"headline":"3 op\u00e7\u00f5es de ora\u00e7\u00e3o para proteger os filhos de perigos","datePublished":"2024-07-14T04:00:00+00:00","mainEntityOfPage":{"@id":"https:\/\/www.oracaoefe.com\/3-opcoes-de-oracao-para-proteger-os-filhos-de-perigos\/"},"wordCount":802,"image":{"@id":"https:\/\/www.oracaoefe.com\/3-opcoes-de-oracao-para-proteger-os-filhos-de-perigos\/#primaryimage"},"thumbnailUrl":"https:\/\/www.oracaoefe.com\/wp-content\/uploads\/2024\/07\/image-4.png","articleSection":["Ora\u00e7\u00e3o"],"inLanguage":"en-US"},{"@type":"WebPage","@id":"https:\/\/www.oracaoefe.com\/3-opcoes-de-oracao-para-proteger-os-filhos-de-perigos\/","url":"https:\/\/www.oracaoefe.com\/3-opcoes-de-oracao-para-proteger-os-filhos-de-perigos\/","name":"3 prayer options to protect children from danger - Prayer and Faith","isPartOf":{"@id":"https:\/\/www.oracaoefe.com\/#website"},"primaryImageOfPage":{"@id":"https:\/\/www.oracaoefe.com\/3-opcoes-de-oracao-para-proteger-os-filhos-de-perigos\/#primaryimage"},"image":{"@id":"https:\/\/www.oracaoefe.com\/3-opcoes-de-oracao-para-proteger-os-filhos-de-perigos\/#primaryimage"},"thumbnailUrl":"https:\/\/www.oracaoefe.com\/wp-content\/uploads\/2024\/07\/image-4.png","datePublished":"2024-07-14T04:00:00+00:00","author":{"@id":"https:\/\/www.oracaoefe.com\/#\/schema\/person\/17283c669442cf005c4d5bb58adfb7f5"},"description":"God has a word of life for you!","breadcrumb":{"@id":"https:\/\/www.oracaoefe.com\/3-opcoes-de-oracao-para-proteger-os-filhos-de-perigos\/#breadcrumb"},"inLanguage":"en-US","potentialAction":[{"@type":"ReadAction","target":["https:\/\/www.oracaoefe.com\/3-opcoes-de-oracao-para-proteger-os-filhos-de-perigos\/"]}]},{"@type":"ImageObject","inLanguage":"en-US","@id":"https:\/\/www.oracaoefe.com\/3-opcoes-de-oracao-para-proteger-os-filhos-de-perigos\/#primaryimage","url":"https:\/\/www.oracaoefe.com\/wp-content\/uploads\/2024\/07\/image-4.png","contentUrl":"https:\/\/www.oracaoefe.com\/wp-content\/uploads\/2024\/07\/image-4.png","width":740,"height":493},{"@type":"BreadcrumbList","@id":"https:\/\/www.oracaoefe.com\/3-opcoes-de-oracao-para-proteger-os-filhos-de-perigos\/#breadcrumb","itemListElement":[{"@type":"ListItem","position":1,"name":"Home","item":"https:\/\/www.oracaoefe.com\/"},{"@type":"ListItem","position":2,"name":"Ora\u00e7\u00e3o","item":"https:\/\/www.oracaoefe.com\/category\/oracao\/"},{"@type":"ListItem","position":3,"name":"3 op\u00e7\u00f5es de ora\u00e7\u00e3o para proteger os filhos de perigos"}]},{"@type":"WebSite","@id":"https:\/\/www.oracaoefe.com\/#website","url":"https:\/\/www.oracaoefe.com\/","name":"Prayer and Faith","description":"","potentialAction":[{"@type":"SearchAction","target":{"@type":"EntryPoint","urlTemplate":"https:\/\/www.oracaoefe.com\/?s={search_term_string}"},"query-input":{"@type":"PropertyValueSpecification","valueRequired":true,"valueName":"search_term_string"}}],"inLanguage":"en-US"},{"@type":"Person","@id":"https:\/\/www.oracaoefe.com\/#\/schema\/person\/17283c669442cf005c4d5bb58adfb7f5","name":"Michele Azevedo","image":{"@type":"ImageObject","inLanguage":"en-US","@id":"https:\/\/secure.gravatar.com\/avatar\/6b0eb9d22841282815e2cd856a0061c45e1761cd54b22e952d98c4746939aa85?s=96&d=mm&r=g","url":"https:\/\/secure.gravatar.com\/avatar\/6b0eb9d22841282815e2cd856a0061c45e1761cd54b22e952d98c4746939aa85?s=96&d=mm&r=g","contentUrl":"https:\/\/secure.gravatar.com\/avatar\/6b0eb9d22841282815e2cd856a0061c45e1761cd54b22e952d98c4746939aa85?s=96&d=mm&r=g","caption":"Michele Azevedo"},"description":"A graduate in Portuguese\/English Literature from UEPG, with postgraduate degrees in Art in Education and School Psychopedagogy, she is the creator of the Escritora de Sucesso website, and a writer and editor of the content for Ora\u00e7\u00e3o e F\u00e9 (Prayer and Faith) with great faith and positivity.","url":"https:\/\/www.oracaoefe.com\/en\/author\/michele-azevedo\/"}]}},"_links":{"self":[{"href":"https:\/\/www.oracaoefe.com\/en\/wp-json\/wp\/v2\/posts\/2926","targetHints":{"allow":["GET"]}}],"collection":[{"href":"https:\/\/www.oracaoefe.com\/en\/wp-json\/wp\/v2\/posts"}],"about":[{"href":"https:\/\/www.oracaoefe.com\/en\/wp-json\/wp\/v2\/types\/post"}],"author":[{"embeddable":true,"href":"https:\/\/www.oracaoefe.com\/en\/wp-json\/wp\/v2\/users\/3"}],"replies":[{"embeddable":true,"href":"https:\/\/www.oracaoefe.com\/en\/wp-json\/wp\/v2\/comments?post=2926"}],"version-history":[{"count":2,"href":"https:\/\/www.oracaoefe.com\/en\/wp-json\/wp\/v2\/posts\/2926\/revisions"}],"predecessor-version":[{"id":2939,"href":"https:\/\/www.oracaoefe.com\/en\/wp-json\/wp\/v2\/posts\/2926\/revisions\/2939"}],"wp:featuredmedia":[{"embeddable":true,"href":"https:\/\/www.oracaoefe.com\/en\/wp-json\/wp\/v2\/media\/2938"}],"wp:attachment":[{"href":"https:\/\/www.oracaoefe.com\/en\/wp-json\/wp\/v2\/media?parent=2926"}],"wp:term":[{"taxonomy":"category","embeddable":true,"href":"https:\/\/www.oracaoefe.com\/en\/wp-json\/wp\/v2\/categories?post=2926"},{"taxonomy":"post_tag","embeddable":true,"href":"https:\/\/www.oracaoefe.com\/en\/wp-json\/wp\/v2\/tags?post=2926"}],"curies":[{"name":"wp","href":"https:\/\/api.w.org\/{rel}","templated":true}]}}