{"id":2918,"date":"2024-07-02T20:35:21","date_gmt":"2024-07-02T23:35:21","guid":{"rendered":"https:\/\/www.oracaoefe.com\/?p=2918"},"modified":"2025-06-15T15:15:30","modified_gmt":"2025-06-15T18:15:30","slug":"what-marks-923-teaches-us-understand-the-power-of-faith","status":"publish","type":"post","link":"https:\/\/www.oracaoefe.com\/en\/o-que-marcos-923-nos-ensina-entenda-o-poder-da-fe\/","title":{"rendered":"What does Mark 9:23 teach us? Understand the power of faith"},"content":{"rendered":"<p>The Bible passage of Mark 9:23 is one of the verses that highlights the power of faith in the Christian life. In this text, Jesus says: \"Can you? All things are possible to him who believes.\" These words are a powerful revelation about how faith can transform realities and move mountains.<\/p>\n\n\n\n<h2 class=\"wp-block-heading\">Context and meaning of Mark 9:23<\/h2>\n\n\n\n<p>Mark 9:23 is part of the story in which an afflicted father seeks help for his possessed son. He turns to Jesus after having sought help from the disciples, who were unable to free the boy.&nbsp;<\/p>\n\n\n\n<p>Jesus then answers the father with the affirmation that all things are possible to him who believes. This context highlights the importance of faith as a fundamental condition for receiving God's miracles.<\/p>\n\n\n\n<figure class=\"wp-block-image size-full is-resized\"><img loading=\"lazy\" decoding=\"async\" width=\"740\" height=\"493\" src=\"https:\/\/www.oracaoefe.com\/wp-content\/uploads\/2024\/07\/image.png\" alt=\"\" class=\"wp-image-2930\" style=\"width:840px;height:auto\" srcset=\"https:\/\/www.oracaoefe.com\/wp-content\/uploads\/2024\/07\/image.png 740w, https:\/\/www.oracaoefe.com\/wp-content\/uploads\/2024\/07\/image-300x200.png 300w, https:\/\/www.oracaoefe.com\/wp-content\/uploads\/2024\/07\/image-18x12.png 18w\" sizes=\"auto, (max-width: 740px) 100vw, 740px\" \/><\/figure>\n\n\n\n<h2 class=\"wp-block-heading\">The importance of faith in Christian life<\/h2>\n\n\n\n<p>One of the central pillars of the Christian life is faith. It not only involves believing in the existence of God, but also trusting in His power and sovereign will. Mark 9:23 illustrates that faith is active and dynamic, capable of bringing about both internal and external transformations in the lives of those who have it.<\/p>\n\n\n\n<h2 class=\"wp-block-heading\">The transforming nature of faith<\/h2>\n\n\n\n<p>Christian faith is not just a passive belief, but a deep conviction that moves believers to act according to the principles and promises of God's Word. It provides hope, strengthens in times of adversity and allows Christians to experience divine grace and power in their daily lives.<\/p>\n\n\n\n<h2 class=\"wp-block-heading\">Biblical examples of faith<\/h2>\n\n\n\n<p>Throughout the Bible, we find many examples of men and women whose faith was tested and strengthened. Abraham, for example, is known as the father of faith because he trusted in God's promises even in situations that were impossible for human eyes. Through his faith, he experienced God's faithfulness.<\/p>\n\n\n\n<h2 class=\"wp-block-heading\">How to develop a strong faith<\/h2>\n\n\n\n<p>Developing a strong faith requires practice and commitment. It involves:<\/p>\n\n\n\n<ul class=\"wp-block-list\">\n<li><strong>Studying the word of God<\/strong>: Knowing the promises and teachings of the Bible is fundamental to strengthening faith.<\/li>\n<\/ul>\n\n\n\n<ul class=\"wp-block-list\">\n<li><strong>Prayer and communion<\/strong>: Maintaining a regular prayer life and cultivating communion with God strengthens faith and trust in his will.<\/li>\n<\/ul>\n\n\n\n<ul class=\"wp-block-list\">\n<li><strong>Testimony and sharing<\/strong>: Seeing and sharing other people's testimonies of faith can encourage and build up our own faith.<\/li>\n<\/ul>\n\n\n\n<h2 class=\"wp-block-heading\">The challenges of faith<\/h2>\n\n\n\n<p>Although faith is powerful, we also face challenges that can shake our confidence. Doubts, difficulties and trials can arise, but it is precisely in these moments that faith can be strengthened. Like the father of the possessed boy in Mark 9, we can seek Jesus' help to strengthen our faith and overcome these challenges.<\/p>\n\n\n\n<h2 class=\"wp-block-heading\">The role of faith in prayer and miracles<\/h2>\n\n\n\n<p>Prayer is an expression of faith. When we pray, we are trusting that God hears our petitions and acts according to His will and His timing. It guarantees that we will always receive what we ask for in the way we expect, but it assures us that God is in control and acts for our greater good.<\/p>\n\n\n\n<h2 class=\"wp-block-heading\">Impact of faith on personal and community life<\/h2>\n\n\n\n<p>Individually, faith sustains and guides us on our spiritual journeys. Collectively, it unites believers in communities of worship and mutual service. Through shared experiences and mutual support, Christians strengthen each other and glorify God together.<\/p>\n\n\n\n<h2 class=\"wp-block-heading\">Applying Mark 9:23 today<\/h2>\n\n\n\n<p>Mark 9:23 remains a promise and a challenge for Christians today. Through faith, we can experience God's transforming power in our lives, face adversity with hope and live according to the principles of the Kingdom of God.&nbsp;<\/p>\n\n\n\n<p>May we seek a faith that not only believes, but also acts and transforms, glorifying God in everything we do.<\/p>\n\n\n\n<p><strong>See also: <a href=\"https:\/\/www.oracaoefe.com\/en\/prayers-for-protection-and-health-during-pregnancy\/\">Prayer for protection and health during pregnancy<\/a><\/strong><\/p>\n\n\n\n<p>July 2nd, 2024<\/p>","protected":false},"excerpt":{"rendered":"<p>A passagem b\u00edblica de Marcos 9:23 \u00e9 um dos vers\u00edculos que destaca o poder da f\u00e9 na vida crist\u00e3. Neste texto, Jesus diz: &#8220;Se podes? Tudo \u00e9 poss\u00edvel ao que cr\u00ea.&#8221; Essas palavras s\u00e3o uma revela\u00e7\u00e3o poderosa sobre como a f\u00e9 pode transformar realidades e mover montanhas. Contexto e significado de Marcos 9:23 Marcos 9:23&hellip;&nbsp;<\/p>","protected":false},"author":3,"featured_media":2930,"comment_status":"closed","ping_status":"closed","sticky":false,"template":"","format":"standard","meta":{"neve_meta_sidebar":"","neve_meta_container":"","neve_meta_enable_content_width":"","neve_meta_content_width":0,"neve_meta_title_alignment":"","neve_meta_author_avatar":"","neve_post_elements_order":"","neve_meta_disable_header":"","neve_meta_disable_footer":"","neve_meta_disable_title":"","footnotes":""},"categories":[3],"tags":[],"class_list":["post-2918","post","type-post","status-publish","format-standard","has-post-thumbnail","hentry","category-fe"],"yoast_head":"<!-- This site is optimized with the Yoast SEO plugin v27.5 - https:\/\/yoast.com\/product\/yoast-seo-wordpress\/ -->\n<title>O que Marcos 9:23 nos ensina? Entenda o poder da f\u00e9 - Ora\u00e7\u00e3o e F\u00e9<\/title>\n<meta name=\"description\" content=\"Deus tem pra voc\u00ea uma palavra de vida!\" \/>\n<meta name=\"robots\" content=\"index, follow, max-snippet:-1, max-image-preview:large, max-video-preview:-1\" \/>\n<link rel=\"canonical\" href=\"https:\/\/www.oracaoefe.com\/en\/what-marks-923-teaches-us-understand-the-power-of-faith\/\" \/>\n<meta property=\"og:locale\" content=\"en_US\" \/>\n<meta property=\"og:type\" content=\"article\" \/>\n<meta property=\"og:title\" content=\"O que Marcos 9:23 nos ensina? Entenda o poder da f\u00e9 - Ora\u00e7\u00e3o e F\u00e9\" \/>\n<meta property=\"og:description\" content=\"Deus tem pra voc\u00ea uma palavra de vida!\" \/>\n<meta property=\"og:url\" content=\"https:\/\/www.oracaoefe.com\/en\/what-marks-923-teaches-us-understand-the-power-of-faith\/\" \/>\n<meta property=\"og:site_name\" content=\"Ora\u00e7\u00e3o e F\u00e9\" \/>\n<meta property=\"article:published_time\" content=\"2024-07-02T23:35:21+00:00\" \/>\n<meta property=\"article:modified_time\" content=\"2025-06-15T18:15:30+00:00\" \/>\n<meta property=\"og:image\" content=\"https:\/\/www.oracaoefe.com\/wp-content\/uploads\/2024\/07\/image.png\" \/>\n\t<meta property=\"og:image:width\" content=\"740\" \/>\n\t<meta property=\"og:image:height\" content=\"493\" \/>\n\t<meta property=\"og:image:type\" content=\"image\/png\" \/>\n<meta name=\"author\" content=\"Michele Azevedo\" \/>\n<meta name=\"twitter:card\" content=\"summary_large_image\" \/>\n<meta name=\"twitter:label1\" content=\"Written by\" \/>\n\t<meta name=\"twitter:data1\" content=\"Michele Azevedo\" \/>\n\t<meta name=\"twitter:label2\" content=\"Est. reading time\" \/>\n\t<meta name=\"twitter:data2\" content=\"3 minutes\" \/>\n<script type=\"application\/ld+json\" class=\"yoast-schema-graph\">{\"@context\":\"https:\\\/\\\/schema.org\",\"@graph\":[{\"@type\":\"Article\",\"@id\":\"https:\\\/\\\/www.oracaoefe.com\\\/o-que-marcos-923-nos-ensina-entenda-o-poder-da-fe\\\/#article\",\"isPartOf\":{\"@id\":\"https:\\\/\\\/www.oracaoefe.com\\\/o-que-marcos-923-nos-ensina-entenda-o-poder-da-fe\\\/\"},\"author\":{\"name\":\"Michele Azevedo\",\"@id\":\"https:\\\/\\\/www.oracaoefe.com\\\/#\\\/schema\\\/person\\\/17283c669442cf005c4d5bb58adfb7f5\"},\"headline\":\"O que Marcos 9:23 nos ensina? Entenda o poder da f\u00e9\",\"datePublished\":\"2024-07-02T23:35:21+00:00\",\"dateModified\":\"2025-06-15T18:15:30+00:00\",\"mainEntityOfPage\":{\"@id\":\"https:\\\/\\\/www.oracaoefe.com\\\/o-que-marcos-923-nos-ensina-entenda-o-poder-da-fe\\\/\"},\"wordCount\":685,\"image\":{\"@id\":\"https:\\\/\\\/www.oracaoefe.com\\\/o-que-marcos-923-nos-ensina-entenda-o-poder-da-fe\\\/#primaryimage\"},\"thumbnailUrl\":\"https:\\\/\\\/www.oracaoefe.com\\\/wp-content\\\/uploads\\\/2024\\\/07\\\/image.png\",\"articleSection\":[\"F\u00e9\"],\"inLanguage\":\"en-US\"},{\"@type\":\"WebPage\",\"@id\":\"https:\\\/\\\/www.oracaoefe.com\\\/o-que-marcos-923-nos-ensina-entenda-o-poder-da-fe\\\/\",\"url\":\"https:\\\/\\\/www.oracaoefe.com\\\/o-que-marcos-923-nos-ensina-entenda-o-poder-da-fe\\\/\",\"name\":\"O que Marcos 9:23 nos ensina? Entenda o poder da f\u00e9 - Ora\u00e7\u00e3o e F\u00e9\",\"isPartOf\":{\"@id\":\"https:\\\/\\\/www.oracaoefe.com\\\/#website\"},\"primaryImageOfPage\":{\"@id\":\"https:\\\/\\\/www.oracaoefe.com\\\/o-que-marcos-923-nos-ensina-entenda-o-poder-da-fe\\\/#primaryimage\"},\"image\":{\"@id\":\"https:\\\/\\\/www.oracaoefe.com\\\/o-que-marcos-923-nos-ensina-entenda-o-poder-da-fe\\\/#primaryimage\"},\"thumbnailUrl\":\"https:\\\/\\\/www.oracaoefe.com\\\/wp-content\\\/uploads\\\/2024\\\/07\\\/image.png\",\"datePublished\":\"2024-07-02T23:35:21+00:00\",\"dateModified\":\"2025-06-15T18:15:30+00:00\",\"author\":{\"@id\":\"https:\\\/\\\/www.oracaoefe.com\\\/#\\\/schema\\\/person\\\/17283c669442cf005c4d5bb58adfb7f5\"},\"description\":\"Deus tem pra voc\u00ea uma palavra de vida!\",\"breadcrumb\":{\"@id\":\"https:\\\/\\\/www.oracaoefe.com\\\/o-que-marcos-923-nos-ensina-entenda-o-poder-da-fe\\\/#breadcrumb\"},\"inLanguage\":\"en-US\",\"potentialAction\":[{\"@type\":\"ReadAction\",\"target\":[\"https:\\\/\\\/www.oracaoefe.com\\\/o-que-marcos-923-nos-ensina-entenda-o-poder-da-fe\\\/\"]}]},{\"@type\":\"ImageObject\",\"inLanguage\":\"en-US\",\"@id\":\"https:\\\/\\\/www.oracaoefe.com\\\/o-que-marcos-923-nos-ensina-entenda-o-poder-da-fe\\\/#primaryimage\",\"url\":\"https:\\\/\\\/www.oracaoefe.com\\\/wp-content\\\/uploads\\\/2024\\\/07\\\/image.png\",\"contentUrl\":\"https:\\\/\\\/www.oracaoefe.com\\\/wp-content\\\/uploads\\\/2024\\\/07\\\/image.png\",\"width\":740,\"height\":493},{\"@type\":\"BreadcrumbList\",\"@id\":\"https:\\\/\\\/www.oracaoefe.com\\\/o-que-marcos-923-nos-ensina-entenda-o-poder-da-fe\\\/#breadcrumb\",\"itemListElement\":[{\"@type\":\"ListItem\",\"position\":1,\"name\":\"Home\",\"item\":\"https:\\\/\\\/www.oracaoefe.com\\\/\"},{\"@type\":\"ListItem\",\"position\":2,\"name\":\"O que Marcos 9:23 nos ensina? Entenda o poder da f\u00e9\"}]},{\"@type\":\"WebSite\",\"@id\":\"https:\\\/\\\/www.oracaoefe.com\\\/#website\",\"url\":\"https:\\\/\\\/www.oracaoefe.com\\\/\",\"name\":\"Ora\u00e7\u00e3o e F\u00e9\",\"description\":\"\",\"potentialAction\":[{\"@type\":\"SearchAction\",\"target\":{\"@type\":\"EntryPoint\",\"urlTemplate\":\"https:\\\/\\\/www.oracaoefe.com\\\/?s={search_term_string}\"},\"query-input\":{\"@type\":\"PropertyValueSpecification\",\"valueRequired\":true,\"valueName\":\"search_term_string\"}}],\"inLanguage\":\"en-US\"},{\"@type\":\"Person\",\"@id\":\"https:\\\/\\\/www.oracaoefe.com\\\/#\\\/schema\\\/person\\\/17283c669442cf005c4d5bb58adfb7f5\",\"name\":\"Michele Azevedo\",\"image\":{\"@type\":\"ImageObject\",\"inLanguage\":\"en-US\",\"@id\":\"https:\\\/\\\/secure.gravatar.com\\\/avatar\\\/6b0eb9d22841282815e2cd856a0061c45e1761cd54b22e952d98c4746939aa85?s=96&d=mm&r=g\",\"url\":\"https:\\\/\\\/secure.gravatar.com\\\/avatar\\\/6b0eb9d22841282815e2cd856a0061c45e1761cd54b22e952d98c4746939aa85?s=96&d=mm&r=g\",\"contentUrl\":\"https:\\\/\\\/secure.gravatar.com\\\/avatar\\\/6b0eb9d22841282815e2cd856a0061c45e1761cd54b22e952d98c4746939aa85?s=96&d=mm&r=g\",\"caption\":\"Michele Azevedo\"},\"description\":\"Formada em Letras - Portugu\u00eas\\\/ Ingl\u00eas pela UEPG, p\u00f3s-graduada em Arte na Educa\u00e7\u00e3o e Psicopedagogia Escolar, idealizadora do site Escritora de Sucesso, redatora e revisora dos conte\u00fados do Ora\u00e7\u00e3o e F\u00e9 com muita f\u00e9 e positividade.\",\"url\":\"https:\\\/\\\/www.oracaoefe.com\\\/en\\\/author\\\/michele-azevedo\\\/\"}]}<\/script>\n<!-- \/ Yoast SEO plugin. -->","yoast_head_json":{"title":"What does Mark 9:23 teach us? Understand the power of faith - Prayer and Faith","description":"God has a word of life for you!","robots":{"index":"index","follow":"follow","max-snippet":"max-snippet:-1","max-image-preview":"max-image-preview:large","max-video-preview":"max-video-preview:-1"},"canonical":"https:\/\/www.oracaoefe.com\/en\/what-marks-923-teaches-us-understand-the-power-of-faith\/","og_locale":"en_US","og_type":"article","og_title":"O que Marcos 9:23 nos ensina? Entenda o poder da f\u00e9 - Ora\u00e7\u00e3o e F\u00e9","og_description":"Deus tem pra voc\u00ea uma palavra de vida!","og_url":"https:\/\/www.oracaoefe.com\/en\/what-marks-923-teaches-us-understand-the-power-of-faith\/","og_site_name":"Ora\u00e7\u00e3o e F\u00e9","article_published_time":"2024-07-02T23:35:21+00:00","article_modified_time":"2025-06-15T18:15:30+00:00","og_image":[{"width":740,"height":493,"url":"https:\/\/www.oracaoefe.com\/wp-content\/uploads\/2024\/07\/image.png","type":"image\/png"}],"author":"Michele Azevedo","twitter_card":"summary_large_image","twitter_misc":{"Written by":"Michele Azevedo","Est. reading time":"3 minutes"},"schema":{"@context":"https:\/\/schema.org","@graph":[{"@type":"Article","@id":"https:\/\/www.oracaoefe.com\/o-que-marcos-923-nos-ensina-entenda-o-poder-da-fe\/#article","isPartOf":{"@id":"https:\/\/www.oracaoefe.com\/o-que-marcos-923-nos-ensina-entenda-o-poder-da-fe\/"},"author":{"name":"Michele Azevedo","@id":"https:\/\/www.oracaoefe.com\/#\/schema\/person\/17283c669442cf005c4d5bb58adfb7f5"},"headline":"O que Marcos 9:23 nos ensina? Entenda o poder da f\u00e9","datePublished":"2024-07-02T23:35:21+00:00","dateModified":"2025-06-15T18:15:30+00:00","mainEntityOfPage":{"@id":"https:\/\/www.oracaoefe.com\/o-que-marcos-923-nos-ensina-entenda-o-poder-da-fe\/"},"wordCount":685,"image":{"@id":"https:\/\/www.oracaoefe.com\/o-que-marcos-923-nos-ensina-entenda-o-poder-da-fe\/#primaryimage"},"thumbnailUrl":"https:\/\/www.oracaoefe.com\/wp-content\/uploads\/2024\/07\/image.png","articleSection":["F\u00e9"],"inLanguage":"en-US"},{"@type":"WebPage","@id":"https:\/\/www.oracaoefe.com\/o-que-marcos-923-nos-ensina-entenda-o-poder-da-fe\/","url":"https:\/\/www.oracaoefe.com\/o-que-marcos-923-nos-ensina-entenda-o-poder-da-fe\/","name":"What does Mark 9:23 teach us? Understand the power of faith - Prayer and Faith","isPartOf":{"@id":"https:\/\/www.oracaoefe.com\/#website"},"primaryImageOfPage":{"@id":"https:\/\/www.oracaoefe.com\/o-que-marcos-923-nos-ensina-entenda-o-poder-da-fe\/#primaryimage"},"image":{"@id":"https:\/\/www.oracaoefe.com\/o-que-marcos-923-nos-ensina-entenda-o-poder-da-fe\/#primaryimage"},"thumbnailUrl":"https:\/\/www.oracaoefe.com\/wp-content\/uploads\/2024\/07\/image.png","datePublished":"2024-07-02T23:35:21+00:00","dateModified":"2025-06-15T18:15:30+00:00","author":{"@id":"https:\/\/www.oracaoefe.com\/#\/schema\/person\/17283c669442cf005c4d5bb58adfb7f5"},"description":"God has a word of life for you!","breadcrumb":{"@id":"https:\/\/www.oracaoefe.com\/o-que-marcos-923-nos-ensina-entenda-o-poder-da-fe\/#breadcrumb"},"inLanguage":"en-US","potentialAction":[{"@type":"ReadAction","target":["https:\/\/www.oracaoefe.com\/o-que-marcos-923-nos-ensina-entenda-o-poder-da-fe\/"]}]},{"@type":"ImageObject","inLanguage":"en-US","@id":"https:\/\/www.oracaoefe.com\/o-que-marcos-923-nos-ensina-entenda-o-poder-da-fe\/#primaryimage","url":"https:\/\/www.oracaoefe.com\/wp-content\/uploads\/2024\/07\/image.png","contentUrl":"https:\/\/www.oracaoefe.com\/wp-content\/uploads\/2024\/07\/image.png","width":740,"height":493},{"@type":"BreadcrumbList","@id":"https:\/\/www.oracaoefe.com\/o-que-marcos-923-nos-ensina-entenda-o-poder-da-fe\/#breadcrumb","itemListElement":[{"@type":"ListItem","position":1,"name":"Home","item":"https:\/\/www.oracaoefe.com\/"},{"@type":"ListItem","position":2,"name":"O que Marcos 9:23 nos ensina? Entenda o poder da f\u00e9"}]},{"@type":"WebSite","@id":"https:\/\/www.oracaoefe.com\/#website","url":"https:\/\/www.oracaoefe.com\/","name":"Prayer and Faith","description":"","potentialAction":[{"@type":"SearchAction","target":{"@type":"EntryPoint","urlTemplate":"https:\/\/www.oracaoefe.com\/?s={search_term_string}"},"query-input":{"@type":"PropertyValueSpecification","valueRequired":true,"valueName":"search_term_string"}}],"inLanguage":"en-US"},{"@type":"Person","@id":"https:\/\/www.oracaoefe.com\/#\/schema\/person\/17283c669442cf005c4d5bb58adfb7f5","name":"Michele Azevedo","image":{"@type":"ImageObject","inLanguage":"en-US","@id":"https:\/\/secure.gravatar.com\/avatar\/6b0eb9d22841282815e2cd856a0061c45e1761cd54b22e952d98c4746939aa85?s=96&d=mm&r=g","url":"https:\/\/secure.gravatar.com\/avatar\/6b0eb9d22841282815e2cd856a0061c45e1761cd54b22e952d98c4746939aa85?s=96&d=mm&r=g","contentUrl":"https:\/\/secure.gravatar.com\/avatar\/6b0eb9d22841282815e2cd856a0061c45e1761cd54b22e952d98c4746939aa85?s=96&d=mm&r=g","caption":"Michele Azevedo"},"description":"A graduate in Portuguese\/English Literature from UEPG, with postgraduate degrees in Art in Education and School Psychopedagogy, she is the creator of the Escritora de Sucesso website, and a writer and editor of the content for Ora\u00e7\u00e3o e F\u00e9 (Prayer and Faith) with great faith and positivity.","url":"https:\/\/www.oracaoefe.com\/en\/author\/michele-azevedo\/"}]}},"_links":{"self":[{"href":"https:\/\/www.oracaoefe.com\/en\/wp-json\/wp\/v2\/posts\/2918","targetHints":{"allow":["GET"]}}],"collection":[{"href":"https:\/\/www.oracaoefe.com\/en\/wp-json\/wp\/v2\/posts"}],"about":[{"href":"https:\/\/www.oracaoefe.com\/en\/wp-json\/wp\/v2\/types\/post"}],"author":[{"embeddable":true,"href":"https:\/\/www.oracaoefe.com\/en\/wp-json\/wp\/v2\/users\/3"}],"replies":[{"embeddable":true,"href":"https:\/\/www.oracaoefe.com\/en\/wp-json\/wp\/v2\/comments?post=2918"}],"version-history":[{"count":2,"href":"https:\/\/www.oracaoefe.com\/en\/wp-json\/wp\/v2\/posts\/2918\/revisions"}],"predecessor-version":[{"id":2931,"href":"https:\/\/www.oracaoefe.com\/en\/wp-json\/wp\/v2\/posts\/2918\/revisions\/2931"}],"wp:featuredmedia":[{"embeddable":true,"href":"https:\/\/www.oracaoefe.com\/en\/wp-json\/wp\/v2\/media\/2930"}],"wp:attachment":[{"href":"https:\/\/www.oracaoefe.com\/en\/wp-json\/wp\/v2\/media?parent=2918"}],"wp:term":[{"taxonomy":"category","embeddable":true,"href":"https:\/\/www.oracaoefe.com\/en\/wp-json\/wp\/v2\/categories?post=2918"},{"taxonomy":"post_tag","embeddable":true,"href":"https:\/\/www.oracaoefe.com\/en\/wp-json\/wp\/v2\/tags?post=2918"}],"curies":[{"name":"wp","href":"https:\/\/api.w.org\/{rel}","templated":true}]}}