{"id":2730,"date":"2024-03-25T18:50:43","date_gmt":"2024-03-25T21:50:43","guid":{"rendered":"https:\/\/www.oracaoefe.com\/?p=2730"},"modified":"2024-03-25T18:50:44","modified_gmt":"2024-03-25T21:50:44","slug":"the-saint-of-impossible-causes-learn-who-saint-judas-thaddeus-is","status":"publish","type":"post","link":"https:\/\/www.oracaoefe.com\/en\/o-santo-das-causas-impossiveis-saiba-quem-e-sao-judas-tadeu\/","title":{"rendered":"The saint of impossible causes: Find out who St. Jude Thaddeus is"},"content":{"rendered":"<p>In a world full of challenges and adversity, many of us seek comfort and hope in spiritual figures who represent faith and goodness. Among these saints venerated by Christian tradition, St. Jude Thaddeus stands out as a powerful intercessor in causes considered impossible.&nbsp;<\/p>\n\n\n\n<h2 class=\"wp-block-heading\">Who was St. Jude Thaddeus?<\/h2>\n\n\n\n<p>St. Jude Thaddeus, also known simply as St. Jude, was one of the twelve apostles chosen by Jesus Christ to spread his message of love and salvation.\u00a0<\/p>\n\n\n\n<figure class=\"wp-block-image size-full\"><img loading=\"lazy\" decoding=\"async\" width=\"900\" height=\"506\" src=\"https:\/\/www.oracaoefe.com\/wp-content\/uploads\/2024\/03\/image-2.png\" alt=\"\" class=\"wp-image-2731\" srcset=\"https:\/\/www.oracaoefe.com\/wp-content\/uploads\/2024\/03\/image-2.png 900w, https:\/\/www.oracaoefe.com\/wp-content\/uploads\/2024\/03\/image-2-300x169.png 300w, https:\/\/www.oracaoefe.com\/wp-content\/uploads\/2024\/03\/image-2-768x432.png 768w, https:\/\/www.oracaoefe.com\/wp-content\/uploads\/2024\/03\/image-2-18x10.png 18w, https:\/\/www.oracaoefe.com\/wp-content\/uploads\/2024\/03\/image-2-383x215.png 383w\" sizes=\"auto, (max-width: 900px) 100vw, 900px\" \/><\/figure>\n\n\n\n<p>Despite his importance within early Christianity, his figure is often eclipsed by the more famous apostles, such as Peter and John. However, over the centuries, devotion to St. Jude Thaddeus has grown significantly, especially among those seeking help in desperate situations.<\/p>\n\n\n\n<h2 class=\"wp-block-heading\">The Life of St. Jude Thaddeus<\/h2>\n\n\n\n<p>Little is known about the life of St. Jude Thaddeus beyond what is mentioned in the Gospels. He is traditionally identified as the author of the Letter of Jude in the New Testament, in which he exhorts Christians to stand firm in the faith and resist evil influences. Furthermore, there are few historical accounts of his missionary activities after Christ's resurrection.<\/p>\n\n\n\n<p>Tradition has it that St. Jude Thaddeus preached the Gospel in Mesopotamia and Persia, facing constant persecution and challenges. His unwavering devotion to Jesus Christ and his courage in the face of adversity inspired many to convert to Christianity. However, his apostolic work was tragically interrupted when he was martyred for his faith, probably around 65 AD.<\/p>\n\n\n\n<h2 class=\"wp-block-heading\">The Cult of St. Jude Thaddeus<\/h2>\n\n\n\n<p>After his death, the cult of St. Jude Thaddeus gradually developed, especially in regions such as Italy and Spain. However, it was in Brazil that devotion to St. Jude Thaddeus reached its peak. Millions of faithful across the country turn to him in times of need, thanking him for his intercessions in cases of illness, unemployment, family problems and other difficulties.<\/p>\n\n\n\n<p>Devotion to St. Jude Thaddeus is often associated with extraordinary miracles, in which he is credited with intervening in seemingly hopeless situations. Many people report experiences of physical and emotional healing, solutions to financial problems and reconciliation of troubled relationships after invoking the saint of impossible causes.<\/p>\n\n\n\n<h2 class=\"wp-block-heading\">Prayer to St. Jude Thaddeus<\/h2>\n\n\n\n<p>Praying to St. Jude Thaddeus is one of the most common ways of seeking his intercession. One of the best known is as follows:<\/p>\n\n\n\n<p><em>\"St. Jude Thaddeus, glorious Apostle,<\/em><\/p>\n\n\n\n<p><em>faithful servant and friend of Jesus,<\/em><\/p>\n\n\n\n<p><em>the traitor's name was cause<\/em><\/p>\n\n\n\n<p><em>so that you would be forgotten by many,<\/em><\/p>\n\n\n\n<p><em>but the Church honors and invokes you<\/em><\/p>\n\n\n\n<p><em>all over the world as a patron<\/em><\/p>\n\n\n\n<p><em>of desperate and hopeless cases.<\/em><\/p>\n\n\n\n<p><em>Pray for me, who am so helpless.<\/em><\/p>\n\n\n\n<p><em>Take me under your protection,<\/em><\/p>\n\n\n\n<p><em>bring me relief and comfort!<\/em><\/p>\n\n\n\n<p><em>O St. Jude Thaddeus, help me to obtain the grace<\/em><\/p>\n\n\n\n<p><em>that I ask of you (make the request).<\/em><\/p>\n\n\n\n<p><em>I promise you, blessed St. Jude Thaddeus,<\/em><\/p>\n\n\n\n<p><em>always remember this great favor<\/em><\/p>\n\n\n\n<p><em>and never cease to praise and honor you<\/em><\/p>\n\n\n\n<p><em>as my special and powerful patron<\/em><\/p>\n\n\n\n<p><em>and do everything in my power<\/em><\/p>\n\n\n\n<p><em>to spread devotion<\/em><\/p>\n\n\n\n<p><em>to you, O St. Jude Thaddeus.<\/em><\/p>\n\n\n\n<p><em>Amen.\"<\/em><\/p>\n\n\n\n<h2 class=\"wp-block-heading\">An inspiration to millions<\/h2>\n\n\n\n<p>St. Jude Thaddeus, the saint of impossible causes, continues to inspire millions of people around the world with his unwavering faith and power of intercession. His life and legacy are powerful testimonies to divine grace and God's mercy, even in the most difficult circumstances.&nbsp;<\/p>\n\n\n\n<p>May we follow his example of devotion and trust in God, knowing that with the help of St. Jude Thaddeus, no cause is truly impossible. May his light continue to shine on us all, bringing hope and consolation in times of need.<\/p>\n\n\n\n<p><strong>See also: <a href=\"https:\/\/www.oracaoefe.com\/en\/how-faith-can-heal-understand-the-power-within-you\/\">How can faith heal? Understand the power within you<\/a><\/strong><\/p>\n\n\n\n<p>March 25th, 2024<\/p>","protected":false},"excerpt":{"rendered":"<p>Em um mundo repleto de desafios e adversidades, muitos de n\u00f3s buscamos conforto e esperan\u00e7a em figuras espirituais que representam a f\u00e9 e a bondade. Entre esses santos venerados pela tradi\u00e7\u00e3o crist\u00e3, S\u00e3o Judas Tadeu se destaca como um intercessor poderoso nas causas tidas como imposs\u00edveis.&nbsp; Quem foi S\u00e3o Judas Tadeu? S\u00e3o Judas Tadeu, tamb\u00e9m&hellip;&nbsp;<\/p>","protected":false},"author":3,"featured_media":2731,"comment_status":"closed","ping_status":"closed","sticky":false,"template":"","format":"standard","meta":{"neve_meta_sidebar":"","neve_meta_container":"","neve_meta_enable_content_width":"","neve_meta_content_width":0,"neve_meta_title_alignment":"","neve_meta_author_avatar":"","neve_post_elements_order":"","neve_meta_disable_header":"","neve_meta_disable_footer":"","neve_meta_disable_title":"","footnotes":""},"categories":[4],"tags":[],"class_list":["post-2730","post","type-post","status-publish","format-standard","has-post-thumbnail","hentry","category-fique-por-dentro"],"yoast_head":"<!-- This site is optimized with the Yoast SEO plugin v27.5 - https:\/\/yoast.com\/product\/yoast-seo-wordpress\/ -->\n<title>O santo das causas imposs\u00edveis: Saiba quem \u00e9 S\u00e3o Judas Tadeu - Ora\u00e7\u00e3o e F\u00e9<\/title>\n<meta name=\"description\" content=\"Deus tem pra voc\u00ea uma palavra de vida!\" \/>\n<meta name=\"robots\" content=\"index, follow, max-snippet:-1, max-image-preview:large, max-video-preview:-1\" \/>\n<link rel=\"canonical\" href=\"https:\/\/www.oracaoefe.com\/en\/the-saint-of-impossible-causes-learn-who-saint-judas-thaddeus-is\/\" \/>\n<meta property=\"og:locale\" content=\"en_US\" \/>\n<meta property=\"og:type\" content=\"article\" \/>\n<meta property=\"og:title\" content=\"O santo das causas imposs\u00edveis: Saiba quem \u00e9 S\u00e3o Judas Tadeu - Ora\u00e7\u00e3o e F\u00e9\" \/>\n<meta property=\"og:description\" content=\"Deus tem pra voc\u00ea uma palavra de vida!\" \/>\n<meta property=\"og:url\" content=\"https:\/\/www.oracaoefe.com\/en\/the-saint-of-impossible-causes-learn-who-saint-judas-thaddeus-is\/\" \/>\n<meta property=\"og:site_name\" content=\"Ora\u00e7\u00e3o e F\u00e9\" \/>\n<meta property=\"article:published_time\" content=\"2024-03-25T21:50:43+00:00\" \/>\n<meta property=\"article:modified_time\" content=\"2024-03-25T21:50:44+00:00\" \/>\n<meta property=\"og:image\" content=\"https:\/\/www.oracaoefe.com\/wp-content\/uploads\/2024\/03\/image-2.png\" \/>\n\t<meta property=\"og:image:width\" content=\"900\" \/>\n\t<meta property=\"og:image:height\" content=\"506\" \/>\n\t<meta property=\"og:image:type\" content=\"image\/png\" \/>\n<meta name=\"author\" content=\"Michele Azevedo\" \/>\n<meta name=\"twitter:card\" content=\"summary_large_image\" \/>\n<meta name=\"twitter:label1\" content=\"Written by\" \/>\n\t<meta name=\"twitter:data1\" content=\"Michele Azevedo\" \/>\n\t<meta name=\"twitter:label2\" content=\"Est. reading time\" \/>\n\t<meta name=\"twitter:data2\" content=\"4 minutes\" \/>\n<script type=\"application\/ld+json\" class=\"yoast-schema-graph\">{\"@context\":\"https:\\\/\\\/schema.org\",\"@graph\":[{\"@type\":\"Article\",\"@id\":\"https:\\\/\\\/www.oracaoefe.com\\\/o-santo-das-causas-impossiveis-saiba-quem-e-sao-judas-tadeu\\\/#article\",\"isPartOf\":{\"@id\":\"https:\\\/\\\/www.oracaoefe.com\\\/o-santo-das-causas-impossiveis-saiba-quem-e-sao-judas-tadeu\\\/\"},\"author\":{\"name\":\"Michele Azevedo\",\"@id\":\"https:\\\/\\\/www.oracaoefe.com\\\/#\\\/schema\\\/person\\\/17283c669442cf005c4d5bb58adfb7f5\"},\"headline\":\"O santo das causas imposs\u00edveis: Saiba quem \u00e9 S\u00e3o Judas Tadeu\",\"datePublished\":\"2024-03-25T21:50:43+00:00\",\"dateModified\":\"2024-03-25T21:50:44+00:00\",\"mainEntityOfPage\":{\"@id\":\"https:\\\/\\\/www.oracaoefe.com\\\/o-santo-das-causas-impossiveis-saiba-quem-e-sao-judas-tadeu\\\/\"},\"wordCount\":732,\"image\":{\"@id\":\"https:\\\/\\\/www.oracaoefe.com\\\/o-santo-das-causas-impossiveis-saiba-quem-e-sao-judas-tadeu\\\/#primaryimage\"},\"thumbnailUrl\":\"https:\\\/\\\/www.oracaoefe.com\\\/wp-content\\\/uploads\\\/2024\\\/03\\\/image-2.png\",\"articleSection\":[\"Fique por Dentro\"],\"inLanguage\":\"en-US\"},{\"@type\":\"WebPage\",\"@id\":\"https:\\\/\\\/www.oracaoefe.com\\\/o-santo-das-causas-impossiveis-saiba-quem-e-sao-judas-tadeu\\\/\",\"url\":\"https:\\\/\\\/www.oracaoefe.com\\\/o-santo-das-causas-impossiveis-saiba-quem-e-sao-judas-tadeu\\\/\",\"name\":\"O santo das causas imposs\u00edveis: Saiba quem \u00e9 S\u00e3o Judas Tadeu - Ora\u00e7\u00e3o e F\u00e9\",\"isPartOf\":{\"@id\":\"https:\\\/\\\/www.oracaoefe.com\\\/#website\"},\"primaryImageOfPage\":{\"@id\":\"https:\\\/\\\/www.oracaoefe.com\\\/o-santo-das-causas-impossiveis-saiba-quem-e-sao-judas-tadeu\\\/#primaryimage\"},\"image\":{\"@id\":\"https:\\\/\\\/www.oracaoefe.com\\\/o-santo-das-causas-impossiveis-saiba-quem-e-sao-judas-tadeu\\\/#primaryimage\"},\"thumbnailUrl\":\"https:\\\/\\\/www.oracaoefe.com\\\/wp-content\\\/uploads\\\/2024\\\/03\\\/image-2.png\",\"datePublished\":\"2024-03-25T21:50:43+00:00\",\"dateModified\":\"2024-03-25T21:50:44+00:00\",\"author\":{\"@id\":\"https:\\\/\\\/www.oracaoefe.com\\\/#\\\/schema\\\/person\\\/17283c669442cf005c4d5bb58adfb7f5\"},\"description\":\"Deus tem pra voc\u00ea uma palavra de vida!\",\"breadcrumb\":{\"@id\":\"https:\\\/\\\/www.oracaoefe.com\\\/o-santo-das-causas-impossiveis-saiba-quem-e-sao-judas-tadeu\\\/#breadcrumb\"},\"inLanguage\":\"en-US\",\"potentialAction\":[{\"@type\":\"ReadAction\",\"target\":[\"https:\\\/\\\/www.oracaoefe.com\\\/o-santo-das-causas-impossiveis-saiba-quem-e-sao-judas-tadeu\\\/\"]}]},{\"@type\":\"ImageObject\",\"inLanguage\":\"en-US\",\"@id\":\"https:\\\/\\\/www.oracaoefe.com\\\/o-santo-das-causas-impossiveis-saiba-quem-e-sao-judas-tadeu\\\/#primaryimage\",\"url\":\"https:\\\/\\\/www.oracaoefe.com\\\/wp-content\\\/uploads\\\/2024\\\/03\\\/image-2.png\",\"contentUrl\":\"https:\\\/\\\/www.oracaoefe.com\\\/wp-content\\\/uploads\\\/2024\\\/03\\\/image-2.png\",\"width\":900,\"height\":506},{\"@type\":\"BreadcrumbList\",\"@id\":\"https:\\\/\\\/www.oracaoefe.com\\\/o-santo-das-causas-impossiveis-saiba-quem-e-sao-judas-tadeu\\\/#breadcrumb\",\"itemListElement\":[{\"@type\":\"ListItem\",\"position\":1,\"name\":\"Home\",\"item\":\"https:\\\/\\\/www.oracaoefe.com\\\/\"},{\"@type\":\"ListItem\",\"position\":2,\"name\":\"Fique por Dentro\",\"item\":\"https:\\\/\\\/www.oracaoefe.com\\\/category\\\/fique-por-dentro\\\/\"},{\"@type\":\"ListItem\",\"position\":3,\"name\":\"O santo das causas imposs\u00edveis: Saiba quem \u00e9 S\u00e3o Judas Tadeu\"}]},{\"@type\":\"WebSite\",\"@id\":\"https:\\\/\\\/www.oracaoefe.com\\\/#website\",\"url\":\"https:\\\/\\\/www.oracaoefe.com\\\/\",\"name\":\"Ora\u00e7\u00e3o e F\u00e9\",\"description\":\"\",\"potentialAction\":[{\"@type\":\"SearchAction\",\"target\":{\"@type\":\"EntryPoint\",\"urlTemplate\":\"https:\\\/\\\/www.oracaoefe.com\\\/?s={search_term_string}\"},\"query-input\":{\"@type\":\"PropertyValueSpecification\",\"valueRequired\":true,\"valueName\":\"search_term_string\"}}],\"inLanguage\":\"en-US\"},{\"@type\":\"Person\",\"@id\":\"https:\\\/\\\/www.oracaoefe.com\\\/#\\\/schema\\\/person\\\/17283c669442cf005c4d5bb58adfb7f5\",\"name\":\"Michele Azevedo\",\"image\":{\"@type\":\"ImageObject\",\"inLanguage\":\"en-US\",\"@id\":\"https:\\\/\\\/secure.gravatar.com\\\/avatar\\\/6b0eb9d22841282815e2cd856a0061c45e1761cd54b22e952d98c4746939aa85?s=96&d=mm&r=g\",\"url\":\"https:\\\/\\\/secure.gravatar.com\\\/avatar\\\/6b0eb9d22841282815e2cd856a0061c45e1761cd54b22e952d98c4746939aa85?s=96&d=mm&r=g\",\"contentUrl\":\"https:\\\/\\\/secure.gravatar.com\\\/avatar\\\/6b0eb9d22841282815e2cd856a0061c45e1761cd54b22e952d98c4746939aa85?s=96&d=mm&r=g\",\"caption\":\"Michele Azevedo\"},\"description\":\"Formada em Letras - Portugu\u00eas\\\/ Ingl\u00eas pela UEPG, p\u00f3s-graduada em Arte na Educa\u00e7\u00e3o e Psicopedagogia Escolar, idealizadora do site Escritora de Sucesso, redatora e revisora dos conte\u00fados do Ora\u00e7\u00e3o e F\u00e9 com muita f\u00e9 e positividade.\",\"url\":\"https:\\\/\\\/www.oracaoefe.com\\\/en\\\/author\\\/michele-azevedo\\\/\"}]}<\/script>\n<!-- \/ Yoast SEO plugin. -->","yoast_head_json":{"title":"The saint of impossible causes: Find out who St. Jude Thaddeus is - Prayer and Faith","description":"God has a word of life for you!","robots":{"index":"index","follow":"follow","max-snippet":"max-snippet:-1","max-image-preview":"max-image-preview:large","max-video-preview":"max-video-preview:-1"},"canonical":"https:\/\/www.oracaoefe.com\/en\/the-saint-of-impossible-causes-learn-who-saint-judas-thaddeus-is\/","og_locale":"en_US","og_type":"article","og_title":"O santo das causas imposs\u00edveis: Saiba quem \u00e9 S\u00e3o Judas Tadeu - Ora\u00e7\u00e3o e F\u00e9","og_description":"Deus tem pra voc\u00ea uma palavra de vida!","og_url":"https:\/\/www.oracaoefe.com\/en\/the-saint-of-impossible-causes-learn-who-saint-judas-thaddeus-is\/","og_site_name":"Ora\u00e7\u00e3o e F\u00e9","article_published_time":"2024-03-25T21:50:43+00:00","article_modified_time":"2024-03-25T21:50:44+00:00","og_image":[{"width":900,"height":506,"url":"https:\/\/www.oracaoefe.com\/wp-content\/uploads\/2024\/03\/image-2.png","type":"image\/png"}],"author":"Michele Azevedo","twitter_card":"summary_large_image","twitter_misc":{"Written by":"Michele Azevedo","Est. reading time":"4 minutes"},"schema":{"@context":"https:\/\/schema.org","@graph":[{"@type":"Article","@id":"https:\/\/www.oracaoefe.com\/o-santo-das-causas-impossiveis-saiba-quem-e-sao-judas-tadeu\/#article","isPartOf":{"@id":"https:\/\/www.oracaoefe.com\/o-santo-das-causas-impossiveis-saiba-quem-e-sao-judas-tadeu\/"},"author":{"name":"Michele Azevedo","@id":"https:\/\/www.oracaoefe.com\/#\/schema\/person\/17283c669442cf005c4d5bb58adfb7f5"},"headline":"O santo das causas imposs\u00edveis: Saiba quem \u00e9 S\u00e3o Judas Tadeu","datePublished":"2024-03-25T21:50:43+00:00","dateModified":"2024-03-25T21:50:44+00:00","mainEntityOfPage":{"@id":"https:\/\/www.oracaoefe.com\/o-santo-das-causas-impossiveis-saiba-quem-e-sao-judas-tadeu\/"},"wordCount":732,"image":{"@id":"https:\/\/www.oracaoefe.com\/o-santo-das-causas-impossiveis-saiba-quem-e-sao-judas-tadeu\/#primaryimage"},"thumbnailUrl":"https:\/\/www.oracaoefe.com\/wp-content\/uploads\/2024\/03\/image-2.png","articleSection":["Fique por Dentro"],"inLanguage":"en-US"},{"@type":"WebPage","@id":"https:\/\/www.oracaoefe.com\/o-santo-das-causas-impossiveis-saiba-quem-e-sao-judas-tadeu\/","url":"https:\/\/www.oracaoefe.com\/o-santo-das-causas-impossiveis-saiba-quem-e-sao-judas-tadeu\/","name":"The saint of impossible causes: Find out who St. Jude Thaddeus is - Prayer and Faith","isPartOf":{"@id":"https:\/\/www.oracaoefe.com\/#website"},"primaryImageOfPage":{"@id":"https:\/\/www.oracaoefe.com\/o-santo-das-causas-impossiveis-saiba-quem-e-sao-judas-tadeu\/#primaryimage"},"image":{"@id":"https:\/\/www.oracaoefe.com\/o-santo-das-causas-impossiveis-saiba-quem-e-sao-judas-tadeu\/#primaryimage"},"thumbnailUrl":"https:\/\/www.oracaoefe.com\/wp-content\/uploads\/2024\/03\/image-2.png","datePublished":"2024-03-25T21:50:43+00:00","dateModified":"2024-03-25T21:50:44+00:00","author":{"@id":"https:\/\/www.oracaoefe.com\/#\/schema\/person\/17283c669442cf005c4d5bb58adfb7f5"},"description":"God has a word of life for you!","breadcrumb":{"@id":"https:\/\/www.oracaoefe.com\/o-santo-das-causas-impossiveis-saiba-quem-e-sao-judas-tadeu\/#breadcrumb"},"inLanguage":"en-US","potentialAction":[{"@type":"ReadAction","target":["https:\/\/www.oracaoefe.com\/o-santo-das-causas-impossiveis-saiba-quem-e-sao-judas-tadeu\/"]}]},{"@type":"ImageObject","inLanguage":"en-US","@id":"https:\/\/www.oracaoefe.com\/o-santo-das-causas-impossiveis-saiba-quem-e-sao-judas-tadeu\/#primaryimage","url":"https:\/\/www.oracaoefe.com\/wp-content\/uploads\/2024\/03\/image-2.png","contentUrl":"https:\/\/www.oracaoefe.com\/wp-content\/uploads\/2024\/03\/image-2.png","width":900,"height":506},{"@type":"BreadcrumbList","@id":"https:\/\/www.oracaoefe.com\/o-santo-das-causas-impossiveis-saiba-quem-e-sao-judas-tadeu\/#breadcrumb","itemListElement":[{"@type":"ListItem","position":1,"name":"Home","item":"https:\/\/www.oracaoefe.com\/"},{"@type":"ListItem","position":2,"name":"Fique por Dentro","item":"https:\/\/www.oracaoefe.com\/category\/fique-por-dentro\/"},{"@type":"ListItem","position":3,"name":"O santo das causas imposs\u00edveis: Saiba quem \u00e9 S\u00e3o Judas Tadeu"}]},{"@type":"WebSite","@id":"https:\/\/www.oracaoefe.com\/#website","url":"https:\/\/www.oracaoefe.com\/","name":"Prayer and Faith","description":"","potentialAction":[{"@type":"SearchAction","target":{"@type":"EntryPoint","urlTemplate":"https:\/\/www.oracaoefe.com\/?s={search_term_string}"},"query-input":{"@type":"PropertyValueSpecification","valueRequired":true,"valueName":"search_term_string"}}],"inLanguage":"en-US"},{"@type":"Person","@id":"https:\/\/www.oracaoefe.com\/#\/schema\/person\/17283c669442cf005c4d5bb58adfb7f5","name":"Michele Azevedo","image":{"@type":"ImageObject","inLanguage":"en-US","@id":"https:\/\/secure.gravatar.com\/avatar\/6b0eb9d22841282815e2cd856a0061c45e1761cd54b22e952d98c4746939aa85?s=96&d=mm&r=g","url":"https:\/\/secure.gravatar.com\/avatar\/6b0eb9d22841282815e2cd856a0061c45e1761cd54b22e952d98c4746939aa85?s=96&d=mm&r=g","contentUrl":"https:\/\/secure.gravatar.com\/avatar\/6b0eb9d22841282815e2cd856a0061c45e1761cd54b22e952d98c4746939aa85?s=96&d=mm&r=g","caption":"Michele Azevedo"},"description":"A graduate in Portuguese\/English Literature from UEPG, with postgraduate degrees in Art in Education and School Psychopedagogy, she is the creator of the Escritora de Sucesso website, and a writer and editor of the content for Ora\u00e7\u00e3o e F\u00e9 (Prayer and Faith) with great faith and positivity.","url":"https:\/\/www.oracaoefe.com\/en\/author\/michele-azevedo\/"}]}},"_links":{"self":[{"href":"https:\/\/www.oracaoefe.com\/en\/wp-json\/wp\/v2\/posts\/2730","targetHints":{"allow":["GET"]}}],"collection":[{"href":"https:\/\/www.oracaoefe.com\/en\/wp-json\/wp\/v2\/posts"}],"about":[{"href":"https:\/\/www.oracaoefe.com\/en\/wp-json\/wp\/v2\/types\/post"}],"author":[{"embeddable":true,"href":"https:\/\/www.oracaoefe.com\/en\/wp-json\/wp\/v2\/users\/3"}],"replies":[{"embeddable":true,"href":"https:\/\/www.oracaoefe.com\/en\/wp-json\/wp\/v2\/comments?post=2730"}],"version-history":[{"count":1,"href":"https:\/\/www.oracaoefe.com\/en\/wp-json\/wp\/v2\/posts\/2730\/revisions"}],"predecessor-version":[{"id":2732,"href":"https:\/\/www.oracaoefe.com\/en\/wp-json\/wp\/v2\/posts\/2730\/revisions\/2732"}],"wp:featuredmedia":[{"embeddable":true,"href":"https:\/\/www.oracaoefe.com\/en\/wp-json\/wp\/v2\/media\/2731"}],"wp:attachment":[{"href":"https:\/\/www.oracaoefe.com\/en\/wp-json\/wp\/v2\/media?parent=2730"}],"wp:term":[{"taxonomy":"category","embeddable":true,"href":"https:\/\/www.oracaoefe.com\/en\/wp-json\/wp\/v2\/categories?post=2730"},{"taxonomy":"post_tag","embeddable":true,"href":"https:\/\/www.oracaoefe.com\/en\/wp-json\/wp\/v2\/tags?post=2730"}],"curies":[{"name":"wp","href":"https:\/\/api.w.org\/{rel}","templated":true}]}}