{"id":257,"date":"2022-09-24T19:45:29","date_gmt":"2022-09-24T22:45:29","guid":{"rendered":"https:\/\/www.oracaoefe.com\/?p=257"},"modified":"2022-09-25T21:54:22","modified_gmt":"2022-09-26T00:54:22","slug":"peace-of-spirit-in-a-disturbed-world","status":"publish","type":"post","link":"https:\/\/www.oracaoefe.com\/en\/paz-de-espirito-em-um-mundo-conturbado\/","title":{"rendered":"Peace of Mind in a Troubled World"},"content":{"rendered":"<div class=\"wp-block-post-date\"><time datetime=\"2022-09-24T19:45:29-03:00\">September 24, 2022<\/time><\/div>\n\n\n<p>Peace, where is the peace? Peace in our countries, our homes, and especially in our hearts and minds? This cry of despair resounds through the centuries. Is it also the cry of your heart?<\/p>\n\n\n\n<p>The world is worn out and full of worries. We need direction and guidance, security and confidence. What we need and desire is a quiet mind, at peace.<\/p>\n\n\n\n<h2 class=\"wp-block-heading\">Peace of Mind in a Troubled World<\/h2>\n\n\n\n<p>We live in a troubled world. And our problems have only worsened with the pandemic of coronavirus and its variants. In addition, the economy of all nations is seriously affected. Some experts say that we are facing a serious mental health crisis today.&nbsp;<\/p>\n\n\n\n<p>Faced with the scale of this new reality and the social upheaval it brings, people struggle to cope. Many report that the current level of uncertainty causes them stress, and that the difficulties they face are overwhelming. The problems don't go away, they pile up.<\/p>\n\n\n\n<p>How can we survive the trials and difficulties of this troubling time? How do you fight against the overwhelming discouragement that many face?&nbsp;<\/p>\n\n\n\n<p>Often in our secular world, the most useful tool for dealing with stress is completely ignored or even discarded. Yet it is something that everyone can use to find peace of mind in a distressed world.<\/p>\n\n\n\n<h2 class=\"wp-block-heading\">Bible verses about peace of mind<\/h2>\n\n\n\n<p><strong>John 14:27&nbsp;<\/strong><\/p>\n\n\n\n<p>I leave you peace, I give you my peace. I do not give it to you as the world gives it. Let not your heart be troubled, nor be frightened.<\/p>\n\n\n\n<p><strong>John 16:33&nbsp;<\/strong><\/p>\n\n\n\n<p>I have told you these things, that you may have peace in me. You will have tribulations in the world; but take courage, I have conquered the world.<\/p>\n\n\n\n<p><strong>Isaiah 26:3&nbsp;<\/strong><\/p>\n\n\n\n<p>To him who is firm in his feelings You assure peace, Because he trusts in You.<\/p>\n\n\n\n<p><strong>Romans 16:20&nbsp;<\/strong><\/p>\n\n\n\n<p>The God of peace will soon crush Satan under your feet. May the grace of our Lord Jesus Christ be with you!<\/p>\n\n\n\n<p><strong>Romans 8:6&nbsp;<\/strong><\/p>\n\n\n\n<p>And the affection of the flesh is death, while the affection of the spirit is life and peace;<\/p>\n\n\n\n<p><strong>Matthew 7:7&nbsp;<\/strong><\/p>\n\n\n\n<p>Ask, and it will be given to you; Seek, and you will find; knock, and it will be opened to you.<\/p>\n\n\n\n<p><strong>Romans 5:1&nbsp;<\/strong><\/p>\n\n\n\n<p>Therefore, justified by faith, we have peace with God through our Lord Jesus Christ,<\/p>\n\n\n\n<p><strong>Psalm 55:22&nbsp;<\/strong><\/p>\n\n\n\n<p>Surrender your destiny to the Eternal, and He will sustain you, He will never let the righteous one falter.<\/p>\n\n\n\n<p><strong>Hebrews 12:14&nbsp;<\/strong><\/p>\n\n\n\n<p>Seek peace with everyone and sanctification, without which no one will see the Lord.<\/p>\n\n\n\n<p><strong>Psalm 23:1-6&nbsp;<\/strong><\/p>\n\n\n\n<p>Song of David. The Lord is my shepherd; I shall not want. He makes me lie down in green pastures, He leads me beside still waters. He restores my soul, He leads me in the paths of righteousness for his name's sake.&nbsp;<\/p>\n\n\n\n<p>When I walk through the valley of the shadow of death, I will fear no evil, For You are with me; Your rod and Your staff comfort me. You prepare a table for me, before my adversaries; You anoint my head with oil, And my cup overflows. Yes, happiness and grace will accompany me all the days of my life, And I will dwell in the house of the Lord until the end of my days.<\/p>\n\n\n\n<p><strong>Luke 2:14&nbsp;<\/strong><\/p>\n\n\n\n<p>Glory to God in the highest, and peace on earth among men he welcomes!<\/p>\n\n\n\n<p><strong>Romans 5:1-2<\/strong><\/p>\n\n\n\n<p>Being therefore justified by faith, we have peace with God through our Lord Jesus Christ, to whom we owe access by faith to this grace, in which we stand and rejoice in hope of the glory of God.<\/p>\n\n\n\n<p><strong>John 1:12<\/strong><\/p>\n\n\n\n<p>But to all who received her, to those who believed in her name, she gave power to become children of God,<\/p>\n\n\n\n<p><strong>John 3:16-17<\/strong><\/p>\n\n\n\n<p>For God so loved the world that he gave his one and only Son, that whoever believes in him shall not perish but have eternal life. God, in fact, did not send his Son into the world to judge the world, but to save the world through him.<\/p>","protected":false},"excerpt":{"rendered":"<p>Peace, where is the peace? Peace in our countries, our homes, and especially in our hearts and minds? This cry of despair resounds through the centuries. Is it also the cry of your heart?<\/p>","protected":false},"author":1,"featured_media":327,"comment_status":"open","ping_status":"closed","sticky":false,"template":"","format":"standard","meta":{"neve_meta_sidebar":"","neve_meta_container":"","neve_meta_enable_content_width":"","neve_meta_content_width":0,"neve_meta_title_alignment":"","neve_meta_author_avatar":"","neve_post_elements_order":"","neve_meta_disable_header":"","neve_meta_disable_footer":"","neve_meta_disable_title":"","footnotes":""},"categories":[3],"tags":[43,17],"class_list":["post-257","post","type-post","status-publish","format-standard","has-post-thumbnail","hentry","category-fe","tag-espirito","tag-paz"],"yoast_head":"<!-- This site is optimized with the Yoast SEO plugin v27.5 - https:\/\/yoast.com\/product\/yoast-seo-wordpress\/ -->\n<title>Paz de esp\u00edrito em um mundo conturbado - Ora\u00e7\u00e3o e F\u00e9<\/title>\n<meta name=\"description\" content=\"Paz, onde est\u00e1 a paz? Paz em nossos pa\u00edses, nossos lares e especialmente em nossos cora\u00e7\u00f5es e mentes? Este grito de desespero ressoa...\" \/>\n<meta name=\"robots\" content=\"index, follow, max-snippet:-1, max-image-preview:large, max-video-preview:-1\" \/>\n<link rel=\"canonical\" href=\"https:\/\/www.oracaoefe.com\/en\/peace-of-spirit-in-a-disturbed-world\/\" \/>\n<meta property=\"og:locale\" content=\"en_US\" \/>\n<meta property=\"og:type\" content=\"article\" \/>\n<meta property=\"og:title\" content=\"Paz de esp\u00edrito em um mundo conturbado - Ora\u00e7\u00e3o e F\u00e9\" \/>\n<meta property=\"og:description\" content=\"Paz, onde est\u00e1 a paz? Paz em nossos pa\u00edses, nossos lares e especialmente em nossos cora\u00e7\u00f5es e mentes? Este grito de desespero ressoa...\" \/>\n<meta property=\"og:url\" content=\"https:\/\/www.oracaoefe.com\/en\/peace-of-spirit-in-a-disturbed-world\/\" \/>\n<meta property=\"og:site_name\" content=\"Ora\u00e7\u00e3o e F\u00e9\" \/>\n<meta property=\"article:published_time\" content=\"2022-09-24T22:45:29+00:00\" \/>\n<meta property=\"article:modified_time\" content=\"2022-09-26T00:54:22+00:00\" \/>\n<meta property=\"og:image\" content=\"https:\/\/www.oracaoefe.com\/wp-content\/uploads\/2022\/09\/Paz-de-espirito-em-um-mundo-conturbado-02.jpg\" \/>\n\t<meta property=\"og:image:width\" content=\"1200\" \/>\n\t<meta property=\"og:image:height\" content=\"675\" \/>\n\t<meta property=\"og:image:type\" content=\"image\/jpeg\" \/>\n<meta name=\"author\" content=\"Maria\" \/>\n<meta name=\"twitter:card\" content=\"summary_large_image\" \/>\n<meta name=\"twitter:label1\" content=\"Written by\" \/>\n\t<meta name=\"twitter:data1\" content=\"Maria\" \/>\n\t<meta name=\"twitter:label2\" content=\"Est. reading time\" \/>\n\t<meta name=\"twitter:data2\" content=\"3 minutes\" \/>\n<script type=\"application\/ld+json\" class=\"yoast-schema-graph\">{\"@context\":\"https:\\\/\\\/schema.org\",\"@graph\":[{\"@type\":\"Article\",\"@id\":\"https:\\\/\\\/www.oracaoefe.com\\\/paz-de-espirito-em-um-mundo-conturbado\\\/#article\",\"isPartOf\":{\"@id\":\"https:\\\/\\\/www.oracaoefe.com\\\/paz-de-espirito-em-um-mundo-conturbado\\\/\"},\"author\":{\"name\":\"Maria\",\"@id\":\"https:\\\/\\\/www.oracaoefe.com\\\/#\\\/schema\\\/person\\\/27873f1e6043866689f5091b5139f23d\"},\"headline\":\"Paz de esp\u00edrito em um mundo conturbado\",\"datePublished\":\"2022-09-24T22:45:29+00:00\",\"dateModified\":\"2022-09-26T00:54:22+00:00\",\"mainEntityOfPage\":{\"@id\":\"https:\\\/\\\/www.oracaoefe.com\\\/paz-de-espirito-em-um-mundo-conturbado\\\/\"},\"wordCount\":705,\"commentCount\":0,\"image\":{\"@id\":\"https:\\\/\\\/www.oracaoefe.com\\\/paz-de-espirito-em-um-mundo-conturbado\\\/#primaryimage\"},\"thumbnailUrl\":\"https:\\\/\\\/www.oracaoefe.com\\\/wp-content\\\/uploads\\\/2022\\\/09\\\/Paz-de-espirito-em-um-mundo-conturbado-02.jpg\",\"keywords\":[\"espirito\",\"paz\"],\"articleSection\":[\"F\u00e9\"],\"inLanguage\":\"en-US\",\"potentialAction\":[{\"@type\":\"CommentAction\",\"name\":\"Comment\",\"target\":[\"https:\\\/\\\/www.oracaoefe.com\\\/paz-de-espirito-em-um-mundo-conturbado\\\/#respond\"]}]},{\"@type\":\"WebPage\",\"@id\":\"https:\\\/\\\/www.oracaoefe.com\\\/paz-de-espirito-em-um-mundo-conturbado\\\/\",\"url\":\"https:\\\/\\\/www.oracaoefe.com\\\/paz-de-espirito-em-um-mundo-conturbado\\\/\",\"name\":\"Paz de esp\u00edrito em um mundo conturbado - Ora\u00e7\u00e3o e F\u00e9\",\"isPartOf\":{\"@id\":\"https:\\\/\\\/www.oracaoefe.com\\\/#website\"},\"primaryImageOfPage\":{\"@id\":\"https:\\\/\\\/www.oracaoefe.com\\\/paz-de-espirito-em-um-mundo-conturbado\\\/#primaryimage\"},\"image\":{\"@id\":\"https:\\\/\\\/www.oracaoefe.com\\\/paz-de-espirito-em-um-mundo-conturbado\\\/#primaryimage\"},\"thumbnailUrl\":\"https:\\\/\\\/www.oracaoefe.com\\\/wp-content\\\/uploads\\\/2022\\\/09\\\/Paz-de-espirito-em-um-mundo-conturbado-02.jpg\",\"datePublished\":\"2022-09-24T22:45:29+00:00\",\"dateModified\":\"2022-09-26T00:54:22+00:00\",\"author\":{\"@id\":\"https:\\\/\\\/www.oracaoefe.com\\\/#\\\/schema\\\/person\\\/27873f1e6043866689f5091b5139f23d\"},\"description\":\"Paz, onde est\u00e1 a paz? Paz em nossos pa\u00edses, nossos lares e especialmente em nossos cora\u00e7\u00f5es e mentes? Este grito de desespero ressoa...\",\"breadcrumb\":{\"@id\":\"https:\\\/\\\/www.oracaoefe.com\\\/paz-de-espirito-em-um-mundo-conturbado\\\/#breadcrumb\"},\"inLanguage\":\"en-US\",\"potentialAction\":[{\"@type\":\"ReadAction\",\"target\":[\"https:\\\/\\\/www.oracaoefe.com\\\/paz-de-espirito-em-um-mundo-conturbado\\\/\"]}]},{\"@type\":\"ImageObject\",\"inLanguage\":\"en-US\",\"@id\":\"https:\\\/\\\/www.oracaoefe.com\\\/paz-de-espirito-em-um-mundo-conturbado\\\/#primaryimage\",\"url\":\"https:\\\/\\\/www.oracaoefe.com\\\/wp-content\\\/uploads\\\/2022\\\/09\\\/Paz-de-espirito-em-um-mundo-conturbado-02.jpg\",\"contentUrl\":\"https:\\\/\\\/www.oracaoefe.com\\\/wp-content\\\/uploads\\\/2022\\\/09\\\/Paz-de-espirito-em-um-mundo-conturbado-02.jpg\",\"width\":1200,\"height\":675,\"caption\":\"Paz de esp\u00edrito em um mundo conturbado\"},{\"@type\":\"BreadcrumbList\",\"@id\":\"https:\\\/\\\/www.oracaoefe.com\\\/paz-de-espirito-em-um-mundo-conturbado\\\/#breadcrumb\",\"itemListElement\":[{\"@type\":\"ListItem\",\"position\":1,\"name\":\"Home\",\"item\":\"https:\\\/\\\/www.oracaoefe.com\\\/\"},{\"@type\":\"ListItem\",\"position\":2,\"name\":\"F\u00e9\",\"item\":\"https:\\\/\\\/www.oracaoefe.com\\\/es\\\/categoria\\\/fe\\\/\"},{\"@type\":\"ListItem\",\"position\":3,\"name\":\"Paz de esp\u00edrito em um mundo conturbado\"}]},{\"@type\":\"WebSite\",\"@id\":\"https:\\\/\\\/www.oracaoefe.com\\\/#website\",\"url\":\"https:\\\/\\\/www.oracaoefe.com\\\/\",\"name\":\"Ora\u00e7\u00e3o e F\u00e9\",\"description\":\"\",\"potentialAction\":[{\"@type\":\"SearchAction\",\"target\":{\"@type\":\"EntryPoint\",\"urlTemplate\":\"https:\\\/\\\/www.oracaoefe.com\\\/?s={search_term_string}\"},\"query-input\":{\"@type\":\"PropertyValueSpecification\",\"valueRequired\":true,\"valueName\":\"search_term_string\"}}],\"inLanguage\":\"en-US\"},{\"@type\":\"Person\",\"@id\":\"https:\\\/\\\/www.oracaoefe.com\\\/#\\\/schema\\\/person\\\/27873f1e6043866689f5091b5139f23d\",\"name\":\"Maria\",\"image\":{\"@type\":\"ImageObject\",\"inLanguage\":\"en-US\",\"@id\":\"https:\\\/\\\/secure.gravatar.com\\\/avatar\\\/4cac5ea56d40d599bd7348d330a83b1c84cd229296d1613cd1c7f6740561d0c9?s=96&d=mm&r=g\",\"url\":\"https:\\\/\\\/secure.gravatar.com\\\/avatar\\\/4cac5ea56d40d599bd7348d330a83b1c84cd229296d1613cd1c7f6740561d0c9?s=96&d=mm&r=g\",\"contentUrl\":\"https:\\\/\\\/secure.gravatar.com\\\/avatar\\\/4cac5ea56d40d599bd7348d330a83b1c84cd229296d1613cd1c7f6740561d0c9?s=96&d=mm&r=g\",\"caption\":\"Maria\"},\"description\":\"Meu nome \u00e9 Maria. Sou apaixonada por teologia e escrevo sobre o mundo religioso h\u00e1 5 anos. Sou curiosa e pesquiso tudo sobre as religi\u00f5es mundo afora. Adoro pesquisar sobre as curiosidades que norteiam as mais variadas doutrinas em diferentes pa\u00edses e idiomas. Hoje, sou redatora e amo compartilhar meu conhecimento no portal Ora\u00e7\u00e3o e F\u00e9.\",\"sameAs\":[\"https:\\\/\\\/www.oracaoefe.com\"],\"url\":\"https:\\\/\\\/www.oracaoefe.com\\\/en\\\/author\\\/admin\\\/\"}]}<\/script>\n<!-- \/ Yoast SEO plugin. -->","yoast_head_json":{"title":"Peace of Mind in a Troubled World - Prayer and Faith","description":"Peace, where is the peace? Peace in our countries, our homes, and especially in our hearts and minds? This cry of despair resounds...","robots":{"index":"index","follow":"follow","max-snippet":"max-snippet:-1","max-image-preview":"max-image-preview:large","max-video-preview":"max-video-preview:-1"},"canonical":"https:\/\/www.oracaoefe.com\/en\/peace-of-spirit-in-a-disturbed-world\/","og_locale":"en_US","og_type":"article","og_title":"Paz de esp\u00edrito em um mundo conturbado - Ora\u00e7\u00e3o e F\u00e9","og_description":"Paz, onde est\u00e1 a paz? Paz em nossos pa\u00edses, nossos lares e especialmente em nossos cora\u00e7\u00f5es e mentes? Este grito de desespero ressoa...","og_url":"https:\/\/www.oracaoefe.com\/en\/peace-of-spirit-in-a-disturbed-world\/","og_site_name":"Ora\u00e7\u00e3o e F\u00e9","article_published_time":"2022-09-24T22:45:29+00:00","article_modified_time":"2022-09-26T00:54:22+00:00","og_image":[{"width":1200,"height":675,"url":"https:\/\/www.oracaoefe.com\/wp-content\/uploads\/2022\/09\/Paz-de-espirito-em-um-mundo-conturbado-02.jpg","type":"image\/jpeg"}],"author":"Maria","twitter_card":"summary_large_image","twitter_misc":{"Written by":"Maria","Est. reading time":"3 minutes"},"schema":{"@context":"https:\/\/schema.org","@graph":[{"@type":"Article","@id":"https:\/\/www.oracaoefe.com\/paz-de-espirito-em-um-mundo-conturbado\/#article","isPartOf":{"@id":"https:\/\/www.oracaoefe.com\/paz-de-espirito-em-um-mundo-conturbado\/"},"author":{"name":"Maria","@id":"https:\/\/www.oracaoefe.com\/#\/schema\/person\/27873f1e6043866689f5091b5139f23d"},"headline":"Paz de esp\u00edrito em um mundo conturbado","datePublished":"2022-09-24T22:45:29+00:00","dateModified":"2022-09-26T00:54:22+00:00","mainEntityOfPage":{"@id":"https:\/\/www.oracaoefe.com\/paz-de-espirito-em-um-mundo-conturbado\/"},"wordCount":705,"commentCount":0,"image":{"@id":"https:\/\/www.oracaoefe.com\/paz-de-espirito-em-um-mundo-conturbado\/#primaryimage"},"thumbnailUrl":"https:\/\/www.oracaoefe.com\/wp-content\/uploads\/2022\/09\/Paz-de-espirito-em-um-mundo-conturbado-02.jpg","keywords":["espirito","paz"],"articleSection":["F\u00e9"],"inLanguage":"en-US","potentialAction":[{"@type":"CommentAction","name":"Comment","target":["https:\/\/www.oracaoefe.com\/paz-de-espirito-em-um-mundo-conturbado\/#respond"]}]},{"@type":"WebPage","@id":"https:\/\/www.oracaoefe.com\/paz-de-espirito-em-um-mundo-conturbado\/","url":"https:\/\/www.oracaoefe.com\/paz-de-espirito-em-um-mundo-conturbado\/","name":"Peace of Mind in a Troubled World - Prayer and Faith","isPartOf":{"@id":"https:\/\/www.oracaoefe.com\/#website"},"primaryImageOfPage":{"@id":"https:\/\/www.oracaoefe.com\/paz-de-espirito-em-um-mundo-conturbado\/#primaryimage"},"image":{"@id":"https:\/\/www.oracaoefe.com\/paz-de-espirito-em-um-mundo-conturbado\/#primaryimage"},"thumbnailUrl":"https:\/\/www.oracaoefe.com\/wp-content\/uploads\/2022\/09\/Paz-de-espirito-em-um-mundo-conturbado-02.jpg","datePublished":"2022-09-24T22:45:29+00:00","dateModified":"2022-09-26T00:54:22+00:00","author":{"@id":"https:\/\/www.oracaoefe.com\/#\/schema\/person\/27873f1e6043866689f5091b5139f23d"},"description":"Peace, where is the peace? Peace in our countries, our homes, and especially in our hearts and minds? This cry of despair resounds...","breadcrumb":{"@id":"https:\/\/www.oracaoefe.com\/paz-de-espirito-em-um-mundo-conturbado\/#breadcrumb"},"inLanguage":"en-US","potentialAction":[{"@type":"ReadAction","target":["https:\/\/www.oracaoefe.com\/paz-de-espirito-em-um-mundo-conturbado\/"]}]},{"@type":"ImageObject","inLanguage":"en-US","@id":"https:\/\/www.oracaoefe.com\/paz-de-espirito-em-um-mundo-conturbado\/#primaryimage","url":"https:\/\/www.oracaoefe.com\/wp-content\/uploads\/2022\/09\/Paz-de-espirito-em-um-mundo-conturbado-02.jpg","contentUrl":"https:\/\/www.oracaoefe.com\/wp-content\/uploads\/2022\/09\/Paz-de-espirito-em-um-mundo-conturbado-02.jpg","width":1200,"height":675,"caption":"Paz de esp\u00edrito em um mundo conturbado"},{"@type":"BreadcrumbList","@id":"https:\/\/www.oracaoefe.com\/paz-de-espirito-em-um-mundo-conturbado\/#breadcrumb","itemListElement":[{"@type":"ListItem","position":1,"name":"Home","item":"https:\/\/www.oracaoefe.com\/"},{"@type":"ListItem","position":2,"name":"F\u00e9","item":"https:\/\/www.oracaoefe.com\/es\/categoria\/fe\/"},{"@type":"ListItem","position":3,"name":"Paz de esp\u00edrito em um mundo conturbado"}]},{"@type":"WebSite","@id":"https:\/\/www.oracaoefe.com\/#website","url":"https:\/\/www.oracaoefe.com\/","name":"Prayer and Faith","description":"","potentialAction":[{"@type":"SearchAction","target":{"@type":"EntryPoint","urlTemplate":"https:\/\/www.oracaoefe.com\/?s={search_term_string}"},"query-input":{"@type":"PropertyValueSpecification","valueRequired":true,"valueName":"search_term_string"}}],"inLanguage":"en-US"},{"@type":"Person","@id":"https:\/\/www.oracaoefe.com\/#\/schema\/person\/27873f1e6043866689f5091b5139f23d","name":"Maria","image":{"@type":"ImageObject","inLanguage":"en-US","@id":"https:\/\/secure.gravatar.com\/avatar\/4cac5ea56d40d599bd7348d330a83b1c84cd229296d1613cd1c7f6740561d0c9?s=96&d=mm&r=g","url":"https:\/\/secure.gravatar.com\/avatar\/4cac5ea56d40d599bd7348d330a83b1c84cd229296d1613cd1c7f6740561d0c9?s=96&d=mm&r=g","contentUrl":"https:\/\/secure.gravatar.com\/avatar\/4cac5ea56d40d599bd7348d330a83b1c84cd229296d1613cd1c7f6740561d0c9?s=96&d=mm&r=g","caption":"Maria"},"description":"My name is Maria. I am passionate about theology and I have been writing about the religious world for 5 years. I am curious and research everything about the religions around the world. I love researching the curiosities that guide the most varied doctrines in different countries and languages. Today, I am an editor and I love to share my knowledge on the portal Prayer and Faith.","sameAs":["https:\/\/www.oracaoefe.com"],"url":"https:\/\/www.oracaoefe.com\/en\/author\/admin\/"}]}},"_links":{"self":[{"href":"https:\/\/www.oracaoefe.com\/en\/wp-json\/wp\/v2\/posts\/257","targetHints":{"allow":["GET"]}}],"collection":[{"href":"https:\/\/www.oracaoefe.com\/en\/wp-json\/wp\/v2\/posts"}],"about":[{"href":"https:\/\/www.oracaoefe.com\/en\/wp-json\/wp\/v2\/types\/post"}],"author":[{"embeddable":true,"href":"https:\/\/www.oracaoefe.com\/en\/wp-json\/wp\/v2\/users\/1"}],"replies":[{"embeddable":true,"href":"https:\/\/www.oracaoefe.com\/en\/wp-json\/wp\/v2\/comments?post=257"}],"version-history":[{"count":3,"href":"https:\/\/www.oracaoefe.com\/en\/wp-json\/wp\/v2\/posts\/257\/revisions"}],"predecessor-version":[{"id":438,"href":"https:\/\/www.oracaoefe.com\/en\/wp-json\/wp\/v2\/posts\/257\/revisions\/438"}],"wp:featuredmedia":[{"embeddable":true,"href":"https:\/\/www.oracaoefe.com\/en\/wp-json\/wp\/v2\/media\/327"}],"wp:attachment":[{"href":"https:\/\/www.oracaoefe.com\/en\/wp-json\/wp\/v2\/media?parent=257"}],"wp:term":[{"taxonomy":"category","embeddable":true,"href":"https:\/\/www.oracaoefe.com\/en\/wp-json\/wp\/v2\/categories?post=257"},{"taxonomy":"post_tag","embeddable":true,"href":"https:\/\/www.oracaoefe.com\/en\/wp-json\/wp\/v2\/tags?post=257"}],"curies":[{"name":"wp","href":"https:\/\/api.w.org\/{rel}","templated":true}]}}