{"id":2566,"date":"2024-02-18T20:06:08","date_gmt":"2024-02-18T23:06:08","guid":{"rendered":"https:\/\/www.oracaoefe.com\/?p=2566"},"modified":"2024-02-18T20:07:00","modified_gmt":"2024-02-18T23:07:00","slug":"strengthening-your-faith-in-times-of-doubt-understand-what-to-do","status":"publish","type":"post","link":"https:\/\/www.oracaoefe.com\/en\/fortalecendo-sua-fe-em-tempos-de-duvida-entenda-o-que-fazer\/","title":{"rendered":"Strengthening Your Faith in Times of Doubt: Understand What to Do"},"content":{"rendered":"<p>On our journey through life, we face countless challenging situations that test our faith and deepest beliefs. Whether faced with loss, financial difficulties, health problems or even existential crises, it is common to encounter moments of doubt and uncertainty. At such times, strengthening our faith can become a challenge, but also an opportunity for personal and spiritual growth. <\/p>\n\n\n\n<h2 class=\"wp-block-heading\">Strengthening Your Faith in Times of Doubt: Understand What to Do<\/h2>\n\n\n\n<p>Whether faced with personal adversity, global crises, or simply during periods of intimate reflection, we face questions that can shake our deepest beliefs. In these moments, finding the strength to reaffirm and strengthen our faith becomes essential, but many of us can feel lost as to where to start.<\/p>\n\n\n\n<h3 class=\"wp-block-heading\">Accept your doubts<\/h3>\n\n\n\n<p>The first step to strengthening your faith in times of doubt is to accept that having doubts is a natural part of the faith process. Questioning your beliefs does not mean that you have lost them; on the contrary, it can be a sign that you are seeking to understand and deepen your relationship with your faith. Allow yourself to explore these doubts without judgment, understanding that they can lead to a deeper understanding and connection.<\/p>\n\n\n\n<h3 class=\"wp-block-heading\">Seek Communion<\/h3>\n\n\n\n<p>Loneliness can amplify our doubts and fears, while fellowship with others who share our beliefs can offer support and understanding. Join study groups, worship services or community meetings where you can share your concerns and listen to the experiences of others. Sharing experiences and mutual support are key to strengthening your faith.<\/p>\n\n\n\n<figure class=\"wp-block-image size-large\"><img loading=\"lazy\" decoding=\"async\" width=\"1024\" height=\"682\" src=\"https:\/\/www.oracaoefe.com\/wp-content\/uploads\/2024\/02\/image-1-1024x682.png\" alt=\"\" class=\"wp-image-2587\" srcset=\"https:\/\/www.oracaoefe.com\/wp-content\/uploads\/2024\/02\/image-1-1024x682.png 1024w, https:\/\/www.oracaoefe.com\/wp-content\/uploads\/2024\/02\/image-1-300x200.png 300w, https:\/\/www.oracaoefe.com\/wp-content\/uploads\/2024\/02\/image-1-768x512.png 768w, https:\/\/www.oracaoefe.com\/wp-content\/uploads\/2024\/02\/image-1-18x12.png 18w, https:\/\/www.oracaoefe.com\/wp-content\/uploads\/2024\/02\/image-1.png 1280w\" sizes=\"auto, (max-width: 1024px) 100vw, 1024px\" \/><\/figure>\n\n\n\n<h3 class=\"wp-block-heading\">Practice Meditation and Prayer<\/h3>\n\n\n\n<p>Meditation and prayer are powerful tools for connecting with the divine and finding inner peace. Dedicate some time each day to these practices, focusing on your breathing, expressing gratitude and seeking spiritual guidance. These moments of stillness and reflection can help you refocus and find answers to your questions.<\/p>\n\n\n\n<h3 class=\"wp-block-heading\">Study your Scriptures<\/h3>\n\n\n\n<p>Regardless of your faith, studying the sacred scriptures can offer comfort and guidance. Religious texts are full of stories of individuals who faced doubts and challenges, but found the strength and wisdom to overcome them. Look for passages that resonate with your current experiences and reflect on the lessons they can teach.<\/p>\n\n\n\n<h3 class=\"wp-block-heading\">Engage in Acts of Service<\/h3>\n\n\n\n<p>Often, when we focus on helping others, our own problems seem smaller and more manageable. The act of serving can not only bring joy and purpose to your life, but also reinforce your faith by practicing religious teachings about compassion and charity. Find ways to contribute to your community or to causes that align with your spiritual values.<\/p>\n\n\n\n<h3 class=\"wp-block-heading\">Seek Spiritual Guidance<\/h3>\n\n\n\n<p>If your doubts persist, consider seeking guidance from a spiritual leader or religious counselor. These individuals can offer a different perspective, as well as guidance and support to help you navigate your questions. Don't be afraid to seek help; doing so is a sign of strength and a desire to grow in your faith.<\/p>\n\n\n\n<h3 class=\"wp-block-heading\">Cultivate Patience and Persistence<\/h3>\n\n\n\n<p>Strengthening your faith in times of doubt is a process, not a one-off event. Be patient with yourself and persist in your spiritual practices, even when it seems difficult. Over time, you may find that your doubts have provided you with a unique opportunity to grow and deepen your understanding and connection with your faith.<\/p>\n\n\n\n<h2 class=\"wp-block-heading\">Strengthen your faith<\/h2>\n\n\n\n<p>Facing doubts is a natural part of the human experience and can serve as a catalyst for spiritual growth. By accepting your doubts, seeking fellowship, practicing meditation and prayer, studying scripture, engaging in acts of service, seeking spiritual guidance, and cultivating patience, you can strengthen your faith in ways you may never have imagined.&nbsp;<\/p>\n\n\n\n<p>Remember that you are not alone on your journey; there are resources and communities available to support you every step of the way. With determination and openness, you can find light even in the darkest moments and emerge with a stronger, more resilient faith.<\/p>\n\n\n\n<p><strong>See also: <a href=\"https:\/\/www.oracaoefe.com\/en\/beneficial-effects-of-faith-proven-by-studies-see-more\/\">Beneficial effects of faith proven by studies; see more<\/a><\/strong><\/p>\n\n\n\n<p>February 18th, 2024<\/p>","protected":false},"excerpt":{"rendered":"<p>Em nossa jornada pela vida, enfrentamos in\u00fameras situa\u00e7\u00f5es desafiadoras que testam nossa f\u00e9 e cren\u00e7as mais profundas. Seja diante de perdas, dificuldades financeiras, problemas de sa\u00fade ou mesmo crises existenciais, \u00e9 comum nos depararmos com momentos de d\u00favida e incerteza. Nessas horas, fortalecer nossa f\u00e9 pode se tornar um desafio, mas tamb\u00e9m uma oportunidade de&hellip;&nbsp;<\/p>","protected":false},"author":3,"featured_media":2587,"comment_status":"closed","ping_status":"closed","sticky":false,"template":"","format":"standard","meta":{"neve_meta_sidebar":"","neve_meta_container":"","neve_meta_enable_content_width":"","neve_meta_content_width":0,"neve_meta_title_alignment":"","neve_meta_author_avatar":"","neve_post_elements_order":"","neve_meta_disable_header":"","neve_meta_disable_footer":"","neve_meta_disable_title":"","footnotes":""},"categories":[3],"tags":[],"class_list":["post-2566","post","type-post","status-publish","format-standard","has-post-thumbnail","hentry","category-fe"],"yoast_head":"<!-- This site is optimized with the Yoast SEO plugin v27.5 - https:\/\/yoast.com\/product\/yoast-seo-wordpress\/ -->\n<title>Fortalecendo sua F\u00e9 em Tempos de D\u00favida: Entenda O Que Fazer - Ora\u00e7\u00e3o e F\u00e9<\/title>\n<meta name=\"description\" content=\"Deus tem pra voc\u00ea uma palavra de vida!\" \/>\n<meta name=\"robots\" content=\"index, follow, max-snippet:-1, max-image-preview:large, max-video-preview:-1\" \/>\n<link rel=\"canonical\" href=\"https:\/\/www.oracaoefe.com\/en\/strengthening-your-faith-in-times-of-doubt-understand-what-to-do\/\" \/>\n<meta property=\"og:locale\" content=\"en_US\" \/>\n<meta property=\"og:type\" content=\"article\" \/>\n<meta property=\"og:title\" content=\"Fortalecendo sua F\u00e9 em Tempos de D\u00favida: Entenda O Que Fazer - Ora\u00e7\u00e3o e F\u00e9\" \/>\n<meta property=\"og:description\" content=\"Deus tem pra voc\u00ea uma palavra de vida!\" \/>\n<meta property=\"og:url\" content=\"https:\/\/www.oracaoefe.com\/en\/strengthening-your-faith-in-times-of-doubt-understand-what-to-do\/\" \/>\n<meta property=\"og:site_name\" content=\"Ora\u00e7\u00e3o e F\u00e9\" \/>\n<meta property=\"article:published_time\" content=\"2024-02-18T23:06:08+00:00\" \/>\n<meta property=\"article:modified_time\" content=\"2024-02-18T23:07:00+00:00\" \/>\n<meta property=\"og:image\" content=\"https:\/\/www.oracaoefe.com\/wp-content\/uploads\/2024\/02\/image-1.png\" \/>\n\t<meta property=\"og:image:width\" content=\"1280\" \/>\n\t<meta property=\"og:image:height\" content=\"853\" \/>\n\t<meta property=\"og:image:type\" content=\"image\/png\" \/>\n<meta name=\"author\" content=\"Michele Azevedo\" \/>\n<meta name=\"twitter:card\" content=\"summary_large_image\" \/>\n<meta name=\"twitter:label1\" content=\"Written by\" \/>\n\t<meta name=\"twitter:data1\" content=\"Michele Azevedo\" \/>\n\t<meta name=\"twitter:label2\" content=\"Est. reading time\" \/>\n\t<meta name=\"twitter:data2\" content=\"4 minutes\" \/>\n<script type=\"application\/ld+json\" class=\"yoast-schema-graph\">{\"@context\":\"https:\\\/\\\/schema.org\",\"@graph\":[{\"@type\":\"Article\",\"@id\":\"https:\\\/\\\/www.oracaoefe.com\\\/fortalecendo-sua-fe-em-tempos-de-duvida-entenda-o-que-fazer\\\/#article\",\"isPartOf\":{\"@id\":\"https:\\\/\\\/www.oracaoefe.com\\\/fortalecendo-sua-fe-em-tempos-de-duvida-entenda-o-que-fazer\\\/\"},\"author\":{\"name\":\"Michele Azevedo\",\"@id\":\"https:\\\/\\\/www.oracaoefe.com\\\/#\\\/schema\\\/person\\\/17283c669442cf005c4d5bb58adfb7f5\"},\"headline\":\"Fortalecendo sua F\u00e9 em Tempos de D\u00favida: Entenda O Que Fazer\",\"datePublished\":\"2024-02-18T23:06:08+00:00\",\"dateModified\":\"2024-02-18T23:07:00+00:00\",\"mainEntityOfPage\":{\"@id\":\"https:\\\/\\\/www.oracaoefe.com\\\/fortalecendo-sua-fe-em-tempos-de-duvida-entenda-o-que-fazer\\\/\"},\"wordCount\":768,\"image\":{\"@id\":\"https:\\\/\\\/www.oracaoefe.com\\\/fortalecendo-sua-fe-em-tempos-de-duvida-entenda-o-que-fazer\\\/#primaryimage\"},\"thumbnailUrl\":\"https:\\\/\\\/www.oracaoefe.com\\\/wp-content\\\/uploads\\\/2024\\\/02\\\/image-1.png\",\"articleSection\":[\"F\u00e9\"],\"inLanguage\":\"en-US\"},{\"@type\":\"WebPage\",\"@id\":\"https:\\\/\\\/www.oracaoefe.com\\\/fortalecendo-sua-fe-em-tempos-de-duvida-entenda-o-que-fazer\\\/\",\"url\":\"https:\\\/\\\/www.oracaoefe.com\\\/fortalecendo-sua-fe-em-tempos-de-duvida-entenda-o-que-fazer\\\/\",\"name\":\"Fortalecendo sua F\u00e9 em Tempos de D\u00favida: Entenda O Que Fazer - Ora\u00e7\u00e3o e F\u00e9\",\"isPartOf\":{\"@id\":\"https:\\\/\\\/www.oracaoefe.com\\\/#website\"},\"primaryImageOfPage\":{\"@id\":\"https:\\\/\\\/www.oracaoefe.com\\\/fortalecendo-sua-fe-em-tempos-de-duvida-entenda-o-que-fazer\\\/#primaryimage\"},\"image\":{\"@id\":\"https:\\\/\\\/www.oracaoefe.com\\\/fortalecendo-sua-fe-em-tempos-de-duvida-entenda-o-que-fazer\\\/#primaryimage\"},\"thumbnailUrl\":\"https:\\\/\\\/www.oracaoefe.com\\\/wp-content\\\/uploads\\\/2024\\\/02\\\/image-1.png\",\"datePublished\":\"2024-02-18T23:06:08+00:00\",\"dateModified\":\"2024-02-18T23:07:00+00:00\",\"author\":{\"@id\":\"https:\\\/\\\/www.oracaoefe.com\\\/#\\\/schema\\\/person\\\/17283c669442cf005c4d5bb58adfb7f5\"},\"description\":\"Deus tem pra voc\u00ea uma palavra de vida!\",\"breadcrumb\":{\"@id\":\"https:\\\/\\\/www.oracaoefe.com\\\/fortalecendo-sua-fe-em-tempos-de-duvida-entenda-o-que-fazer\\\/#breadcrumb\"},\"inLanguage\":\"en-US\",\"potentialAction\":[{\"@type\":\"ReadAction\",\"target\":[\"https:\\\/\\\/www.oracaoefe.com\\\/fortalecendo-sua-fe-em-tempos-de-duvida-entenda-o-que-fazer\\\/\"]}]},{\"@type\":\"ImageObject\",\"inLanguage\":\"en-US\",\"@id\":\"https:\\\/\\\/www.oracaoefe.com\\\/fortalecendo-sua-fe-em-tempos-de-duvida-entenda-o-que-fazer\\\/#primaryimage\",\"url\":\"https:\\\/\\\/www.oracaoefe.com\\\/wp-content\\\/uploads\\\/2024\\\/02\\\/image-1.png\",\"contentUrl\":\"https:\\\/\\\/www.oracaoefe.com\\\/wp-content\\\/uploads\\\/2024\\\/02\\\/image-1.png\",\"width\":1280,\"height\":853},{\"@type\":\"BreadcrumbList\",\"@id\":\"https:\\\/\\\/www.oracaoefe.com\\\/fortalecendo-sua-fe-em-tempos-de-duvida-entenda-o-que-fazer\\\/#breadcrumb\",\"itemListElement\":[{\"@type\":\"ListItem\",\"position\":1,\"name\":\"Home\",\"item\":\"https:\\\/\\\/www.oracaoefe.com\\\/\"},{\"@type\":\"ListItem\",\"position\":2,\"name\":\"F\u00e9\",\"item\":\"https:\\\/\\\/www.oracaoefe.com\\\/es\\\/categoria\\\/fe\\\/\"},{\"@type\":\"ListItem\",\"position\":3,\"name\":\"Fortalecendo sua F\u00e9 em Tempos de D\u00favida: Entenda O Que Fazer\"}]},{\"@type\":\"WebSite\",\"@id\":\"https:\\\/\\\/www.oracaoefe.com\\\/#website\",\"url\":\"https:\\\/\\\/www.oracaoefe.com\\\/\",\"name\":\"Ora\u00e7\u00e3o e F\u00e9\",\"description\":\"\",\"potentialAction\":[{\"@type\":\"SearchAction\",\"target\":{\"@type\":\"EntryPoint\",\"urlTemplate\":\"https:\\\/\\\/www.oracaoefe.com\\\/?s={search_term_string}\"},\"query-input\":{\"@type\":\"PropertyValueSpecification\",\"valueRequired\":true,\"valueName\":\"search_term_string\"}}],\"inLanguage\":\"en-US\"},{\"@type\":\"Person\",\"@id\":\"https:\\\/\\\/www.oracaoefe.com\\\/#\\\/schema\\\/person\\\/17283c669442cf005c4d5bb58adfb7f5\",\"name\":\"Michele Azevedo\",\"image\":{\"@type\":\"ImageObject\",\"inLanguage\":\"en-US\",\"@id\":\"https:\\\/\\\/secure.gravatar.com\\\/avatar\\\/6b0eb9d22841282815e2cd856a0061c45e1761cd54b22e952d98c4746939aa85?s=96&d=mm&r=g\",\"url\":\"https:\\\/\\\/secure.gravatar.com\\\/avatar\\\/6b0eb9d22841282815e2cd856a0061c45e1761cd54b22e952d98c4746939aa85?s=96&d=mm&r=g\",\"contentUrl\":\"https:\\\/\\\/secure.gravatar.com\\\/avatar\\\/6b0eb9d22841282815e2cd856a0061c45e1761cd54b22e952d98c4746939aa85?s=96&d=mm&r=g\",\"caption\":\"Michele Azevedo\"},\"description\":\"Formada em Letras - Portugu\u00eas\\\/ Ingl\u00eas pela UEPG, p\u00f3s-graduada em Arte na Educa\u00e7\u00e3o e Psicopedagogia Escolar, idealizadora do site Escritora de Sucesso, redatora e revisora dos conte\u00fados do Ora\u00e7\u00e3o e F\u00e9 com muita f\u00e9 e positividade.\",\"url\":\"https:\\\/\\\/www.oracaoefe.com\\\/en\\\/author\\\/michele-azevedo\\\/\"}]}<\/script>\n<!-- \/ Yoast SEO plugin. -->","yoast_head_json":{"title":"Strengthening Your Faith in Times of Doubt: Understand What to Do - Prayer and Faith","description":"God has a word of life for you!","robots":{"index":"index","follow":"follow","max-snippet":"max-snippet:-1","max-image-preview":"max-image-preview:large","max-video-preview":"max-video-preview:-1"},"canonical":"https:\/\/www.oracaoefe.com\/en\/strengthening-your-faith-in-times-of-doubt-understand-what-to-do\/","og_locale":"en_US","og_type":"article","og_title":"Fortalecendo sua F\u00e9 em Tempos de D\u00favida: Entenda O Que Fazer - Ora\u00e7\u00e3o e F\u00e9","og_description":"Deus tem pra voc\u00ea uma palavra de vida!","og_url":"https:\/\/www.oracaoefe.com\/en\/strengthening-your-faith-in-times-of-doubt-understand-what-to-do\/","og_site_name":"Ora\u00e7\u00e3o e F\u00e9","article_published_time":"2024-02-18T23:06:08+00:00","article_modified_time":"2024-02-18T23:07:00+00:00","og_image":[{"width":1280,"height":853,"url":"https:\/\/www.oracaoefe.com\/wp-content\/uploads\/2024\/02\/image-1.png","type":"image\/png"}],"author":"Michele Azevedo","twitter_card":"summary_large_image","twitter_misc":{"Written by":"Michele Azevedo","Est. reading time":"4 minutes"},"schema":{"@context":"https:\/\/schema.org","@graph":[{"@type":"Article","@id":"https:\/\/www.oracaoefe.com\/fortalecendo-sua-fe-em-tempos-de-duvida-entenda-o-que-fazer\/#article","isPartOf":{"@id":"https:\/\/www.oracaoefe.com\/fortalecendo-sua-fe-em-tempos-de-duvida-entenda-o-que-fazer\/"},"author":{"name":"Michele Azevedo","@id":"https:\/\/www.oracaoefe.com\/#\/schema\/person\/17283c669442cf005c4d5bb58adfb7f5"},"headline":"Fortalecendo sua F\u00e9 em Tempos de D\u00favida: Entenda O Que Fazer","datePublished":"2024-02-18T23:06:08+00:00","dateModified":"2024-02-18T23:07:00+00:00","mainEntityOfPage":{"@id":"https:\/\/www.oracaoefe.com\/fortalecendo-sua-fe-em-tempos-de-duvida-entenda-o-que-fazer\/"},"wordCount":768,"image":{"@id":"https:\/\/www.oracaoefe.com\/fortalecendo-sua-fe-em-tempos-de-duvida-entenda-o-que-fazer\/#primaryimage"},"thumbnailUrl":"https:\/\/www.oracaoefe.com\/wp-content\/uploads\/2024\/02\/image-1.png","articleSection":["F\u00e9"],"inLanguage":"en-US"},{"@type":"WebPage","@id":"https:\/\/www.oracaoefe.com\/fortalecendo-sua-fe-em-tempos-de-duvida-entenda-o-que-fazer\/","url":"https:\/\/www.oracaoefe.com\/fortalecendo-sua-fe-em-tempos-de-duvida-entenda-o-que-fazer\/","name":"Strengthening Your Faith in Times of Doubt: Understand What to Do - Prayer and Faith","isPartOf":{"@id":"https:\/\/www.oracaoefe.com\/#website"},"primaryImageOfPage":{"@id":"https:\/\/www.oracaoefe.com\/fortalecendo-sua-fe-em-tempos-de-duvida-entenda-o-que-fazer\/#primaryimage"},"image":{"@id":"https:\/\/www.oracaoefe.com\/fortalecendo-sua-fe-em-tempos-de-duvida-entenda-o-que-fazer\/#primaryimage"},"thumbnailUrl":"https:\/\/www.oracaoefe.com\/wp-content\/uploads\/2024\/02\/image-1.png","datePublished":"2024-02-18T23:06:08+00:00","dateModified":"2024-02-18T23:07:00+00:00","author":{"@id":"https:\/\/www.oracaoefe.com\/#\/schema\/person\/17283c669442cf005c4d5bb58adfb7f5"},"description":"God has a word of life for you!","breadcrumb":{"@id":"https:\/\/www.oracaoefe.com\/fortalecendo-sua-fe-em-tempos-de-duvida-entenda-o-que-fazer\/#breadcrumb"},"inLanguage":"en-US","potentialAction":[{"@type":"ReadAction","target":["https:\/\/www.oracaoefe.com\/fortalecendo-sua-fe-em-tempos-de-duvida-entenda-o-que-fazer\/"]}]},{"@type":"ImageObject","inLanguage":"en-US","@id":"https:\/\/www.oracaoefe.com\/fortalecendo-sua-fe-em-tempos-de-duvida-entenda-o-que-fazer\/#primaryimage","url":"https:\/\/www.oracaoefe.com\/wp-content\/uploads\/2024\/02\/image-1.png","contentUrl":"https:\/\/www.oracaoefe.com\/wp-content\/uploads\/2024\/02\/image-1.png","width":1280,"height":853},{"@type":"BreadcrumbList","@id":"https:\/\/www.oracaoefe.com\/fortalecendo-sua-fe-em-tempos-de-duvida-entenda-o-que-fazer\/#breadcrumb","itemListElement":[{"@type":"ListItem","position":1,"name":"Home","item":"https:\/\/www.oracaoefe.com\/"},{"@type":"ListItem","position":2,"name":"F\u00e9","item":"https:\/\/www.oracaoefe.com\/es\/categoria\/fe\/"},{"@type":"ListItem","position":3,"name":"Fortalecendo sua F\u00e9 em Tempos de D\u00favida: Entenda O Que Fazer"}]},{"@type":"WebSite","@id":"https:\/\/www.oracaoefe.com\/#website","url":"https:\/\/www.oracaoefe.com\/","name":"Prayer and Faith","description":"","potentialAction":[{"@type":"SearchAction","target":{"@type":"EntryPoint","urlTemplate":"https:\/\/www.oracaoefe.com\/?s={search_term_string}"},"query-input":{"@type":"PropertyValueSpecification","valueRequired":true,"valueName":"search_term_string"}}],"inLanguage":"en-US"},{"@type":"Person","@id":"https:\/\/www.oracaoefe.com\/#\/schema\/person\/17283c669442cf005c4d5bb58adfb7f5","name":"Michele Azevedo","image":{"@type":"ImageObject","inLanguage":"en-US","@id":"https:\/\/secure.gravatar.com\/avatar\/6b0eb9d22841282815e2cd856a0061c45e1761cd54b22e952d98c4746939aa85?s=96&d=mm&r=g","url":"https:\/\/secure.gravatar.com\/avatar\/6b0eb9d22841282815e2cd856a0061c45e1761cd54b22e952d98c4746939aa85?s=96&d=mm&r=g","contentUrl":"https:\/\/secure.gravatar.com\/avatar\/6b0eb9d22841282815e2cd856a0061c45e1761cd54b22e952d98c4746939aa85?s=96&d=mm&r=g","caption":"Michele Azevedo"},"description":"A graduate in Portuguese\/English Literature from UEPG, with postgraduate degrees in Art in Education and School Psychopedagogy, she is the creator of the Escritora de Sucesso website, and a writer and editor of the content for Ora\u00e7\u00e3o e F\u00e9 (Prayer and Faith) with great faith and positivity.","url":"https:\/\/www.oracaoefe.com\/en\/author\/michele-azevedo\/"}]}},"_links":{"self":[{"href":"https:\/\/www.oracaoefe.com\/en\/wp-json\/wp\/v2\/posts\/2566","targetHints":{"allow":["GET"]}}],"collection":[{"href":"https:\/\/www.oracaoefe.com\/en\/wp-json\/wp\/v2\/posts"}],"about":[{"href":"https:\/\/www.oracaoefe.com\/en\/wp-json\/wp\/v2\/types\/post"}],"author":[{"embeddable":true,"href":"https:\/\/www.oracaoefe.com\/en\/wp-json\/wp\/v2\/users\/3"}],"replies":[{"embeddable":true,"href":"https:\/\/www.oracaoefe.com\/en\/wp-json\/wp\/v2\/comments?post=2566"}],"version-history":[{"count":2,"href":"https:\/\/www.oracaoefe.com\/en\/wp-json\/wp\/v2\/posts\/2566\/revisions"}],"predecessor-version":[{"id":2588,"href":"https:\/\/www.oracaoefe.com\/en\/wp-json\/wp\/v2\/posts\/2566\/revisions\/2588"}],"wp:featuredmedia":[{"embeddable":true,"href":"https:\/\/www.oracaoefe.com\/en\/wp-json\/wp\/v2\/media\/2587"}],"wp:attachment":[{"href":"https:\/\/www.oracaoefe.com\/en\/wp-json\/wp\/v2\/media?parent=2566"}],"wp:term":[{"taxonomy":"category","embeddable":true,"href":"https:\/\/www.oracaoefe.com\/en\/wp-json\/wp\/v2\/categories?post=2566"},{"taxonomy":"post_tag","embeddable":true,"href":"https:\/\/www.oracaoefe.com\/en\/wp-json\/wp\/v2\/tags?post=2566"}],"curies":[{"name":"wp","href":"https:\/\/api.w.org\/{rel}","templated":true}]}}