{"id":2536,"date":"2024-02-03T01:01:00","date_gmt":"2024-02-03T04:01:00","guid":{"rendered":"https:\/\/www.oracaoefe.com\/?p=2536"},"modified":"2024-08-12T18:51:37","modified_gmt":"2024-08-12T21:51:37","slug":"why-faith-comes-from-hearing-the-word-of-god","status":"publish","type":"post","link":"https:\/\/www.oracaoefe.com\/en\/por-que-a-fe-vem-pelo-ouvir-a-palavra-de-deus\/","title":{"rendered":"Why does faith come from hearing the word of God?"},"content":{"rendered":"<p>Faith plays a fundamental role in the lives of many people around the world, regardless of their religion or specific beliefs. For those who follow the Christian tradition, there is a powerful statement that permeates the scriptures: \"Faith comes by hearing, and hearing by the word of God\" (Romans 10:17). This biblical passage not only highlights the importance of faith, but also points to the need to engage with God's word in order to nurture and strengthen that faith.&nbsp;<\/p>\n\n\n\n<h2 class=\"wp-block-heading\">The Transforming Nature of the Word of God<\/h2>\n\n\n\n<p>God's word is often described as living and active (Hebrews 4:12), capable of penetrating deep into the human soul and discerning the thoughts and intentions of the heart. When we hear God's word, we allow this divine influence to act on us, transforming our perspectives, values and behavior. Faith, in this context, is not simply the intellectual acceptance of a set of beliefs, but a profound and transformative response to the truth revealed through the divine word.<\/p>\n\n\n\n<figure class=\"wp-block-image size-full is-resized\"><img loading=\"lazy\" decoding=\"async\" width=\"740\" height=\"493\" src=\"https:\/\/www.oracaoefe.com\/wp-content\/uploads\/2024\/02\/image-11.png\" alt=\"\" class=\"wp-image-2986\" style=\"width:840px;height:auto\" srcset=\"https:\/\/www.oracaoefe.com\/wp-content\/uploads\/2024\/02\/image-11.png 740w, https:\/\/www.oracaoefe.com\/wp-content\/uploads\/2024\/02\/image-11-300x200.png 300w, https:\/\/www.oracaoefe.com\/wp-content\/uploads\/2024\/02\/image-11-18x12.png 18w\" sizes=\"auto, (max-width: 740px) 100vw, 740px\" \/><\/figure>\n\n\n\n<p>When we hear God's word, we are confronted with eternal principles that transcend temporal circumstances. These principles become the anchor of our faith, providing stability even when we face challenges and uncertainties. Faith, born of understanding and accepting God's word, enables us to walk confidently into the future, trusting in God's faithfulness and promises.<\/p>\n\n\n\n<h2 class=\"wp-block-heading\">Listening as an Attitude of Humility and Submission<\/h2>\n\n\n\n<p>The attitude of listening is intrinsically linked to humility and submission. When we open ourselves to hear God's word, we recognize that there is a wisdom greater than our own, a divine guidance that transcends our limited understanding. This act of humility is crucial for the development of faith, as it prevents us from relying exclusively on our own wisdom and leads us to trust in God's unfathomable wisdom.<\/p>\n\n\n\n<p>God's word often challenges our preconceived ideas and selfish inclinations. The act of listening, therefore, implies not only receiving pleasant words, but also being willing to confront uncomfortable truths that can shape and refine our faith. It is an invitation to inner transformation, shaping us into the image of the one we serve.<\/p>\n\n\n\n<h2 class=\"wp-block-heading\">The Power of the Word to Conquer Doubts and Fears<\/h2>\n\n\n\n<p>Life is full of doubts and fears that can undermine our faith. However, by listening to God's word, we find answers to the uncertainties that permeate our minds and hearts. God's word provides a solid foundation for facing life's challenges, dispelling the doubts that can arise in times of tribulation.<\/p>\n\n\n\n<p><\/p>\n\n\n\n<p>When we encounter the unshakeable promises of God's word, our fears are replaced by renewed confidence. Hearing God's promises reminds us that we are not alone in our struggles and that there is a greater power at work on our behalf. This understanding strengthens our faith, allowing us to face challenges with courage and hope.<\/p>\n\n\n\n<h2 class=\"wp-block-heading\">Sharing the Faith Through Oral Testimony<\/h2>\n\n\n\n<p>\"Hearing\" in the biblical passage also points to the importance of oral testimony in the transmission of faith. Faith is often shared from person to person, as we testify about the works of God in our lives. When we share experiences of how God's word has transformed our lives, we are, in effect, allowing others to \"hear\" God's word through our own experiences and testimonies.<\/p>\n\n\n\n<p>This aspect of oral testimony highlights the collective responsibility of believers to nurture each other's faith. By sharing stories of overcoming, healing and redemption, we build a community of faith that supports each other through the ups and downs of the spiritual journey.<\/p>\n\n\n\n<h2 class=\"wp-block-heading\">Faith Arising from an Encounter with the Word of God<\/h2>\n\n\n\n<p>In conclusion, the biblical statement that \"faith comes by hearing the word of God\" highlights the transformative nature of the divine word. The act of listening goes beyond mere physical hearing; it is an invitation to deepen our understanding, submit our will and allow God's word to permeate every aspect of our existence.<\/p>\n\n\n\n<p>When we embrace God's word with an open and receptive heart, we experience a faith that goes beyond human limitations. This faith is dynamic, resilient and capable of overcoming life's challenges. Listening to God's word, sharing testimonies and living according to his principles are essential elements in cultivating a faith that transcends circumstances and endures over time.<\/p>\n\n\n\n<p><strong>See also: <a href=\"https:\/\/www.oracaoefe.com\/en\/power-prayer-for-all-right-urgent\/\">Powerful prayer for everything to work out urgently<\/a><\/strong><\/p>\n\n\n\n<p>February 3rd, 2024<\/p>","protected":false},"excerpt":{"rendered":"<p>A f\u00e9 desempenha um papel fundamental na vida de muitas pessoas ao redor do mundo, independentemente de sua religi\u00e3o ou cren\u00e7as espec\u00edficas. Para os que seguem a tradi\u00e7\u00e3o crist\u00e3, h\u00e1 uma afirma\u00e7\u00e3o poderosa que permeia as escrituras: &#8220;A f\u00e9 vem pelo ouvir, e o ouvir pela palavra de Deus&#8221; (Romanos 10:17). Essa passagem b\u00edblica n\u00e3o&hellip;&nbsp;<\/p>","protected":false},"author":3,"featured_media":2986,"comment_status":"closed","ping_status":"closed","sticky":false,"template":"","format":"standard","meta":{"neve_meta_sidebar":"","neve_meta_container":"","neve_meta_enable_content_width":"","neve_meta_content_width":0,"neve_meta_title_alignment":"","neve_meta_author_avatar":"","neve_post_elements_order":"","neve_meta_disable_header":"","neve_meta_disable_footer":"","neve_meta_disable_title":"","footnotes":""},"categories":[4],"tags":[],"class_list":["post-2536","post","type-post","status-publish","format-standard","has-post-thumbnail","hentry","category-fique-por-dentro"],"yoast_head":"<!-- This site is optimized with the Yoast SEO plugin v27.5 - https:\/\/yoast.com\/product\/yoast-seo-wordpress\/ -->\n<title>Por que a f\u00e9 vem pelo ouvir a palavra de Deus? - Ora\u00e7\u00e3o e F\u00e9<\/title>\n<meta name=\"description\" content=\"Deus tem pra voc\u00ea uma palavra de vida!\" \/>\n<meta name=\"robots\" content=\"index, follow, max-snippet:-1, max-image-preview:large, max-video-preview:-1\" \/>\n<link rel=\"canonical\" href=\"https:\/\/www.oracaoefe.com\/en\/why-faith-comes-from-hearing-the-word-of-god\/\" \/>\n<meta property=\"og:locale\" content=\"en_US\" \/>\n<meta property=\"og:type\" content=\"article\" \/>\n<meta property=\"og:title\" content=\"Por que a f\u00e9 vem pelo ouvir a palavra de Deus? - Ora\u00e7\u00e3o e F\u00e9\" \/>\n<meta property=\"og:description\" content=\"Deus tem pra voc\u00ea uma palavra de vida!\" \/>\n<meta property=\"og:url\" content=\"https:\/\/www.oracaoefe.com\/en\/why-faith-comes-from-hearing-the-word-of-god\/\" \/>\n<meta property=\"og:site_name\" content=\"Ora\u00e7\u00e3o e F\u00e9\" \/>\n<meta property=\"article:published_time\" content=\"2024-02-03T04:01:00+00:00\" \/>\n<meta property=\"article:modified_time\" content=\"2024-08-12T21:51:37+00:00\" \/>\n<meta property=\"og:image\" content=\"https:\/\/www.oracaoefe.com\/wp-content\/uploads\/2024\/02\/image-11.png\" \/>\n\t<meta property=\"og:image:width\" content=\"740\" \/>\n\t<meta property=\"og:image:height\" content=\"493\" \/>\n\t<meta property=\"og:image:type\" content=\"image\/png\" \/>\n<meta name=\"author\" content=\"Michele Azevedo\" \/>\n<meta name=\"twitter:card\" content=\"summary_large_image\" \/>\n<meta name=\"twitter:label1\" content=\"Written by\" \/>\n\t<meta name=\"twitter:data1\" content=\"Michele Azevedo\" \/>\n\t<meta name=\"twitter:label2\" content=\"Est. reading time\" \/>\n\t<meta name=\"twitter:data2\" content=\"4 minutes\" \/>\n<script type=\"application\/ld+json\" class=\"yoast-schema-graph\">{\"@context\":\"https:\\\/\\\/schema.org\",\"@graph\":[{\"@type\":\"Article\",\"@id\":\"https:\\\/\\\/www.oracaoefe.com\\\/por-que-a-fe-vem-pelo-ouvir-a-palavra-de-deus\\\/#article\",\"isPartOf\":{\"@id\":\"https:\\\/\\\/www.oracaoefe.com\\\/por-que-a-fe-vem-pelo-ouvir-a-palavra-de-deus\\\/\"},\"author\":{\"name\":\"Michele Azevedo\",\"@id\":\"https:\\\/\\\/www.oracaoefe.com\\\/#\\\/schema\\\/person\\\/17283c669442cf005c4d5bb58adfb7f5\"},\"headline\":\"Por que a f\u00e9 vem pelo ouvir a palavra de Deus?\",\"datePublished\":\"2024-02-03T04:01:00+00:00\",\"dateModified\":\"2024-08-12T21:51:37+00:00\",\"mainEntityOfPage\":{\"@id\":\"https:\\\/\\\/www.oracaoefe.com\\\/por-que-a-fe-vem-pelo-ouvir-a-palavra-de-deus\\\/\"},\"wordCount\":815,\"image\":{\"@id\":\"https:\\\/\\\/www.oracaoefe.com\\\/por-que-a-fe-vem-pelo-ouvir-a-palavra-de-deus\\\/#primaryimage\"},\"thumbnailUrl\":\"https:\\\/\\\/www.oracaoefe.com\\\/wp-content\\\/uploads\\\/2024\\\/02\\\/image-11.png\",\"articleSection\":[\"Fique por Dentro\"],\"inLanguage\":\"en-US\"},{\"@type\":\"WebPage\",\"@id\":\"https:\\\/\\\/www.oracaoefe.com\\\/por-que-a-fe-vem-pelo-ouvir-a-palavra-de-deus\\\/\",\"url\":\"https:\\\/\\\/www.oracaoefe.com\\\/por-que-a-fe-vem-pelo-ouvir-a-palavra-de-deus\\\/\",\"name\":\"Por que a f\u00e9 vem pelo ouvir a palavra de Deus? - Ora\u00e7\u00e3o e F\u00e9\",\"isPartOf\":{\"@id\":\"https:\\\/\\\/www.oracaoefe.com\\\/#website\"},\"primaryImageOfPage\":{\"@id\":\"https:\\\/\\\/www.oracaoefe.com\\\/por-que-a-fe-vem-pelo-ouvir-a-palavra-de-deus\\\/#primaryimage\"},\"image\":{\"@id\":\"https:\\\/\\\/www.oracaoefe.com\\\/por-que-a-fe-vem-pelo-ouvir-a-palavra-de-deus\\\/#primaryimage\"},\"thumbnailUrl\":\"https:\\\/\\\/www.oracaoefe.com\\\/wp-content\\\/uploads\\\/2024\\\/02\\\/image-11.png\",\"datePublished\":\"2024-02-03T04:01:00+00:00\",\"dateModified\":\"2024-08-12T21:51:37+00:00\",\"author\":{\"@id\":\"https:\\\/\\\/www.oracaoefe.com\\\/#\\\/schema\\\/person\\\/17283c669442cf005c4d5bb58adfb7f5\"},\"description\":\"Deus tem pra voc\u00ea uma palavra de vida!\",\"breadcrumb\":{\"@id\":\"https:\\\/\\\/www.oracaoefe.com\\\/por-que-a-fe-vem-pelo-ouvir-a-palavra-de-deus\\\/#breadcrumb\"},\"inLanguage\":\"en-US\",\"potentialAction\":[{\"@type\":\"ReadAction\",\"target\":[\"https:\\\/\\\/www.oracaoefe.com\\\/por-que-a-fe-vem-pelo-ouvir-a-palavra-de-deus\\\/\"]}]},{\"@type\":\"ImageObject\",\"inLanguage\":\"en-US\",\"@id\":\"https:\\\/\\\/www.oracaoefe.com\\\/por-que-a-fe-vem-pelo-ouvir-a-palavra-de-deus\\\/#primaryimage\",\"url\":\"https:\\\/\\\/www.oracaoefe.com\\\/wp-content\\\/uploads\\\/2024\\\/02\\\/image-11.png\",\"contentUrl\":\"https:\\\/\\\/www.oracaoefe.com\\\/wp-content\\\/uploads\\\/2024\\\/02\\\/image-11.png\",\"width\":740,\"height\":493},{\"@type\":\"BreadcrumbList\",\"@id\":\"https:\\\/\\\/www.oracaoefe.com\\\/por-que-a-fe-vem-pelo-ouvir-a-palavra-de-deus\\\/#breadcrumb\",\"itemListElement\":[{\"@type\":\"ListItem\",\"position\":1,\"name\":\"Home\",\"item\":\"https:\\\/\\\/www.oracaoefe.com\\\/\"},{\"@type\":\"ListItem\",\"position\":2,\"name\":\"Fique por Dentro\",\"item\":\"https:\\\/\\\/www.oracaoefe.com\\\/category\\\/fique-por-dentro\\\/\"},{\"@type\":\"ListItem\",\"position\":3,\"name\":\"Por que a f\u00e9 vem pelo ouvir a palavra de Deus?\"}]},{\"@type\":\"WebSite\",\"@id\":\"https:\\\/\\\/www.oracaoefe.com\\\/#website\",\"url\":\"https:\\\/\\\/www.oracaoefe.com\\\/\",\"name\":\"Ora\u00e7\u00e3o e F\u00e9\",\"description\":\"\",\"potentialAction\":[{\"@type\":\"SearchAction\",\"target\":{\"@type\":\"EntryPoint\",\"urlTemplate\":\"https:\\\/\\\/www.oracaoefe.com\\\/?s={search_term_string}\"},\"query-input\":{\"@type\":\"PropertyValueSpecification\",\"valueRequired\":true,\"valueName\":\"search_term_string\"}}],\"inLanguage\":\"en-US\"},{\"@type\":\"Person\",\"@id\":\"https:\\\/\\\/www.oracaoefe.com\\\/#\\\/schema\\\/person\\\/17283c669442cf005c4d5bb58adfb7f5\",\"name\":\"Michele Azevedo\",\"image\":{\"@type\":\"ImageObject\",\"inLanguage\":\"en-US\",\"@id\":\"https:\\\/\\\/secure.gravatar.com\\\/avatar\\\/6b0eb9d22841282815e2cd856a0061c45e1761cd54b22e952d98c4746939aa85?s=96&d=mm&r=g\",\"url\":\"https:\\\/\\\/secure.gravatar.com\\\/avatar\\\/6b0eb9d22841282815e2cd856a0061c45e1761cd54b22e952d98c4746939aa85?s=96&d=mm&r=g\",\"contentUrl\":\"https:\\\/\\\/secure.gravatar.com\\\/avatar\\\/6b0eb9d22841282815e2cd856a0061c45e1761cd54b22e952d98c4746939aa85?s=96&d=mm&r=g\",\"caption\":\"Michele Azevedo\"},\"description\":\"Formada em Letras - Portugu\u00eas\\\/ Ingl\u00eas pela UEPG, p\u00f3s-graduada em Arte na Educa\u00e7\u00e3o e Psicopedagogia Escolar, idealizadora do site Escritora de Sucesso, redatora e revisora dos conte\u00fados do Ora\u00e7\u00e3o e F\u00e9 com muita f\u00e9 e positividade.\",\"url\":\"https:\\\/\\\/www.oracaoefe.com\\\/en\\\/author\\\/michele-azevedo\\\/\"}]}<\/script>\n<!-- \/ Yoast SEO plugin. -->","yoast_head_json":{"title":"Why does faith come from hearing the word of God? - Prayer and Faith","description":"God has a word of life for you!","robots":{"index":"index","follow":"follow","max-snippet":"max-snippet:-1","max-image-preview":"max-image-preview:large","max-video-preview":"max-video-preview:-1"},"canonical":"https:\/\/www.oracaoefe.com\/en\/why-faith-comes-from-hearing-the-word-of-god\/","og_locale":"en_US","og_type":"article","og_title":"Por que a f\u00e9 vem pelo ouvir a palavra de Deus? - Ora\u00e7\u00e3o e F\u00e9","og_description":"Deus tem pra voc\u00ea uma palavra de vida!","og_url":"https:\/\/www.oracaoefe.com\/en\/why-faith-comes-from-hearing-the-word-of-god\/","og_site_name":"Ora\u00e7\u00e3o e F\u00e9","article_published_time":"2024-02-03T04:01:00+00:00","article_modified_time":"2024-08-12T21:51:37+00:00","og_image":[{"width":740,"height":493,"url":"https:\/\/www.oracaoefe.com\/wp-content\/uploads\/2024\/02\/image-11.png","type":"image\/png"}],"author":"Michele Azevedo","twitter_card":"summary_large_image","twitter_misc":{"Written by":"Michele Azevedo","Est. reading time":"4 minutes"},"schema":{"@context":"https:\/\/schema.org","@graph":[{"@type":"Article","@id":"https:\/\/www.oracaoefe.com\/por-que-a-fe-vem-pelo-ouvir-a-palavra-de-deus\/#article","isPartOf":{"@id":"https:\/\/www.oracaoefe.com\/por-que-a-fe-vem-pelo-ouvir-a-palavra-de-deus\/"},"author":{"name":"Michele Azevedo","@id":"https:\/\/www.oracaoefe.com\/#\/schema\/person\/17283c669442cf005c4d5bb58adfb7f5"},"headline":"Por que a f\u00e9 vem pelo ouvir a palavra de Deus?","datePublished":"2024-02-03T04:01:00+00:00","dateModified":"2024-08-12T21:51:37+00:00","mainEntityOfPage":{"@id":"https:\/\/www.oracaoefe.com\/por-que-a-fe-vem-pelo-ouvir-a-palavra-de-deus\/"},"wordCount":815,"image":{"@id":"https:\/\/www.oracaoefe.com\/por-que-a-fe-vem-pelo-ouvir-a-palavra-de-deus\/#primaryimage"},"thumbnailUrl":"https:\/\/www.oracaoefe.com\/wp-content\/uploads\/2024\/02\/image-11.png","articleSection":["Fique por Dentro"],"inLanguage":"en-US"},{"@type":"WebPage","@id":"https:\/\/www.oracaoefe.com\/por-que-a-fe-vem-pelo-ouvir-a-palavra-de-deus\/","url":"https:\/\/www.oracaoefe.com\/por-que-a-fe-vem-pelo-ouvir-a-palavra-de-deus\/","name":"Why does faith come from hearing the word of God? - Prayer and Faith","isPartOf":{"@id":"https:\/\/www.oracaoefe.com\/#website"},"primaryImageOfPage":{"@id":"https:\/\/www.oracaoefe.com\/por-que-a-fe-vem-pelo-ouvir-a-palavra-de-deus\/#primaryimage"},"image":{"@id":"https:\/\/www.oracaoefe.com\/por-que-a-fe-vem-pelo-ouvir-a-palavra-de-deus\/#primaryimage"},"thumbnailUrl":"https:\/\/www.oracaoefe.com\/wp-content\/uploads\/2024\/02\/image-11.png","datePublished":"2024-02-03T04:01:00+00:00","dateModified":"2024-08-12T21:51:37+00:00","author":{"@id":"https:\/\/www.oracaoefe.com\/#\/schema\/person\/17283c669442cf005c4d5bb58adfb7f5"},"description":"God has a word of life for you!","breadcrumb":{"@id":"https:\/\/www.oracaoefe.com\/por-que-a-fe-vem-pelo-ouvir-a-palavra-de-deus\/#breadcrumb"},"inLanguage":"en-US","potentialAction":[{"@type":"ReadAction","target":["https:\/\/www.oracaoefe.com\/por-que-a-fe-vem-pelo-ouvir-a-palavra-de-deus\/"]}]},{"@type":"ImageObject","inLanguage":"en-US","@id":"https:\/\/www.oracaoefe.com\/por-que-a-fe-vem-pelo-ouvir-a-palavra-de-deus\/#primaryimage","url":"https:\/\/www.oracaoefe.com\/wp-content\/uploads\/2024\/02\/image-11.png","contentUrl":"https:\/\/www.oracaoefe.com\/wp-content\/uploads\/2024\/02\/image-11.png","width":740,"height":493},{"@type":"BreadcrumbList","@id":"https:\/\/www.oracaoefe.com\/por-que-a-fe-vem-pelo-ouvir-a-palavra-de-deus\/#breadcrumb","itemListElement":[{"@type":"ListItem","position":1,"name":"Home","item":"https:\/\/www.oracaoefe.com\/"},{"@type":"ListItem","position":2,"name":"Fique por Dentro","item":"https:\/\/www.oracaoefe.com\/category\/fique-por-dentro\/"},{"@type":"ListItem","position":3,"name":"Por que a f\u00e9 vem pelo ouvir a palavra de Deus?"}]},{"@type":"WebSite","@id":"https:\/\/www.oracaoefe.com\/#website","url":"https:\/\/www.oracaoefe.com\/","name":"Prayer and Faith","description":"","potentialAction":[{"@type":"SearchAction","target":{"@type":"EntryPoint","urlTemplate":"https:\/\/www.oracaoefe.com\/?s={search_term_string}"},"query-input":{"@type":"PropertyValueSpecification","valueRequired":true,"valueName":"search_term_string"}}],"inLanguage":"en-US"},{"@type":"Person","@id":"https:\/\/www.oracaoefe.com\/#\/schema\/person\/17283c669442cf005c4d5bb58adfb7f5","name":"Michele Azevedo","image":{"@type":"ImageObject","inLanguage":"en-US","@id":"https:\/\/secure.gravatar.com\/avatar\/6b0eb9d22841282815e2cd856a0061c45e1761cd54b22e952d98c4746939aa85?s=96&d=mm&r=g","url":"https:\/\/secure.gravatar.com\/avatar\/6b0eb9d22841282815e2cd856a0061c45e1761cd54b22e952d98c4746939aa85?s=96&d=mm&r=g","contentUrl":"https:\/\/secure.gravatar.com\/avatar\/6b0eb9d22841282815e2cd856a0061c45e1761cd54b22e952d98c4746939aa85?s=96&d=mm&r=g","caption":"Michele Azevedo"},"description":"A graduate in Portuguese\/English Literature from UEPG, with postgraduate degrees in Art in Education and School Psychopedagogy, she is the creator of the Escritora de Sucesso website, and a writer and editor of the content for Ora\u00e7\u00e3o e F\u00e9 (Prayer and Faith) with great faith and positivity.","url":"https:\/\/www.oracaoefe.com\/en\/author\/michele-azevedo\/"}]}},"_links":{"self":[{"href":"https:\/\/www.oracaoefe.com\/en\/wp-json\/wp\/v2\/posts\/2536","targetHints":{"allow":["GET"]}}],"collection":[{"href":"https:\/\/www.oracaoefe.com\/en\/wp-json\/wp\/v2\/posts"}],"about":[{"href":"https:\/\/www.oracaoefe.com\/en\/wp-json\/wp\/v2\/types\/post"}],"author":[{"embeddable":true,"href":"https:\/\/www.oracaoefe.com\/en\/wp-json\/wp\/v2\/users\/3"}],"replies":[{"embeddable":true,"href":"https:\/\/www.oracaoefe.com\/en\/wp-json\/wp\/v2\/comments?post=2536"}],"version-history":[{"count":3,"href":"https:\/\/www.oracaoefe.com\/en\/wp-json\/wp\/v2\/posts\/2536\/revisions"}],"predecessor-version":[{"id":2987,"href":"https:\/\/www.oracaoefe.com\/en\/wp-json\/wp\/v2\/posts\/2536\/revisions\/2987"}],"wp:featuredmedia":[{"embeddable":true,"href":"https:\/\/www.oracaoefe.com\/en\/wp-json\/wp\/v2\/media\/2986"}],"wp:attachment":[{"href":"https:\/\/www.oracaoefe.com\/en\/wp-json\/wp\/v2\/media?parent=2536"}],"wp:term":[{"taxonomy":"category","embeddable":true,"href":"https:\/\/www.oracaoefe.com\/en\/wp-json\/wp\/v2\/categories?post=2536"},{"taxonomy":"post_tag","embeddable":true,"href":"https:\/\/www.oracaoefe.com\/en\/wp-json\/wp\/v2\/tags?post=2536"}],"curies":[{"name":"wp","href":"https:\/\/api.w.org\/{rel}","templated":true}]}}