{"id":1244,"date":"2022-11-22T01:00:00","date_gmt":"2022-11-22T04:00:00","guid":{"rendered":"https:\/\/www.oracaoefe.com\/?p=1244"},"modified":"2022-11-21T02:00:01","modified_gmt":"2022-11-21T05:00:01","slug":"pray-start-the-day-gratitude-leads-you-to-promise-land","status":"publish","type":"post","link":"https:\/\/www.oracaoefe.com\/en\/oracao-para-comecar-o-dia-gratidao-te-leva-a-terra-prometida\/","title":{"rendered":"Prayer to start the day: Gratitude takes you to the promised land!"},"content":{"rendered":"<p>Lately I've been taking some time to think about the bad attitudes that displease God the most. I think what He likes least of all is an ungrateful heart. If you are a parent, you will certainly understand what I mean. You strive to do everything you can for your children, and you wouldn't hesitate for a second to start over if they told you, \"<em>Thank you, Mom<\/em>\" or \"<em>Thank you, Dad<\/em>\". \"<em>I appreciate everything you do for me<\/em>\". But not all children have that maturity.<\/p>\n\n\n\n<p>We no longer count the times they come home grumbling: <em>\"I want this<\/em>\u201c, \u201c<em>I want that<\/em>\" or even \"<em>why don't you want to do this for me?<\/em>\" It's something to be upset about, right? Many Christians probably have the same effect on God! So it seems important to me to reconsider our attitudes and understand the importance of a grateful heart to God. Start your day, therefore, with this prayer.<\/p>\n\n\n\n<figure class=\"wp-block-image size-large\"><img loading=\"lazy\" decoding=\"async\" width=\"1024\" height=\"683\" src=\"https:\/\/www.oracaoefe.com\/wp-content\/uploads\/2022\/11\/oracao-22.11-1024x683.jpg\" alt=\"\" class=\"wp-image-1233\" srcset=\"https:\/\/www.oracaoefe.com\/wp-content\/uploads\/2022\/11\/oracao-22.11-1024x683.jpg 1024w, https:\/\/www.oracaoefe.com\/wp-content\/uploads\/2022\/11\/oracao-22.11-300x200.jpg 300w, https:\/\/www.oracaoefe.com\/wp-content\/uploads\/2022\/11\/oracao-22.11-768x512.jpg 768w, https:\/\/www.oracaoefe.com\/wp-content\/uploads\/2022\/11\/oracao-22.11-18x12.jpg 18w, https:\/\/www.oracaoefe.com\/wp-content\/uploads\/2022\/11\/oracao-22.11.jpg 1200w\" sizes=\"auto, (max-width: 1024px) 100vw, 1024px\" \/><\/figure>\n\n\n\n<h2 class=\"wp-block-heading\">Prayer of the day<\/h2>\n\n\n\n<p><em>\"God, I am grateful for all my days, for the comfort of my home, for this new day being born.&nbsp;<\/em><\/p>\n\n\n\n<p><em>I want to thank you from the bottom of my heart for all the good things that I experience, and even the not so nice ones, that teach me to value everything that is good in my life.<\/em><\/p>\n\n\n\n<p><em>Lord, I am grateful and on my knees I give you all my love. May this new day be even more full of positive attitudes, and may I know how to thank you always.<\/em><\/p>\n\n\n\n<p><em>God, bless my new day.<\/em><\/p>\n\n\n\n<p><em>Amen.\"<\/em><\/p>\n\n\n\n<h3 class=\"wp-block-heading\">Thought and message of the day<\/h3>\n\n\n\n<p>At the risk of surprising you, I think we should learn to appreciate our trials much more than we do, because they are what make us grow into the likeness of Christ.<\/p>\n\n\n\n<p>You see, in difficult times, we tend to experience more of God's closeness and power in our lives. It is in those times that we really get to know Him. Complaints are an open door for the devil. We must learn to thank God in all things.<\/p>\n\n\n\n<p>When you have lunch with someone, don't spend all your time telling them about your problems. Instead, tell about the good things God is doing in your life.<\/p>\n\n\n\n<p>God has given us a wonderful grace in allowing us to look positively at what is negative and declare, \"<em>This circumstance cannot defeat me because God is on my side<\/em>\u201c&quot;.<\/p>\n\n\n\n<p>I want to have a good attitude because that is what glorifies God. He has promised that all things will cooperate for our good, provided that we meet three simple conditions: <em>remain in an attitude of prayer, continue to love him and desire his will<\/em> (Romans 8:28). This promise is the absolute guarantee that God will bring good out of all our situations, no matter how complicated. The only key to living a life of victory is an attitude of gratitude.<\/p>\n\n\n\n<p>If you can be grateful in any situation, convinced that God causes everything to cooperate for your good, victory will inevitably be in the offing.&nbsp;<\/p>","protected":false},"excerpt":{"rendered":"<p>Ultimamente tenho tirado um tempo para pensar nas m\u00e1s atitudes que mais desagradam a Deus. Acho que o que Ele menos gosta \u00e9 de um cora\u00e7\u00e3o ingrato. Se voc\u00ea \u00e9 pai ou m\u00e3e, certamente entender\u00e1 o que quero dizer. Voc\u00ea se esfor\u00e7a para fazer tudo o que pode por seus filhos e n\u00e3o hesitaria um&hellip;&nbsp;<\/p>","protected":false},"author":3,"featured_media":1233,"comment_status":"open","ping_status":"open","sticky":false,"template":"","format":"standard","meta":{"neve_meta_sidebar":"","neve_meta_container":"","neve_meta_enable_content_width":"","neve_meta_content_width":0,"neve_meta_title_alignment":"","neve_meta_author_avatar":"","neve_post_elements_order":"","neve_meta_disable_header":"","neve_meta_disable_footer":"","neve_meta_disable_title":"","footnotes":""},"categories":[2],"tags":[160,163],"class_list":["post-1244","post","type-post","status-publish","format-standard","has-post-thumbnail","hentry","category-oracao","tag-oracao-do-dia","tag-prece-do-dia"],"yoast_head":"<!-- This site is optimized with the Yoast SEO plugin v27.5 - https:\/\/yoast.com\/product\/yoast-seo-wordpress\/ -->\n<title>Ora\u00e7\u00e3o para come\u00e7ar o dia: Gratid\u00e3o te leva \u00e0 terra prometida! - Ora\u00e7\u00e3o e F\u00e9<\/title>\n<meta name=\"description\" content=\"Deus tem pra voc\u00ea uma palavra de vida!\" \/>\n<meta name=\"robots\" content=\"index, follow, max-snippet:-1, max-image-preview:large, max-video-preview:-1\" \/>\n<link rel=\"canonical\" href=\"https:\/\/www.oracaoefe.com\/en\/pray-start-the-day-gratitude-leads-you-to-promise-land\/\" \/>\n<meta property=\"og:locale\" content=\"en_US\" \/>\n<meta property=\"og:type\" content=\"article\" \/>\n<meta property=\"og:title\" content=\"Ora\u00e7\u00e3o para come\u00e7ar o dia: Gratid\u00e3o te leva \u00e0 terra prometida! - Ora\u00e7\u00e3o e F\u00e9\" \/>\n<meta property=\"og:description\" content=\"Deus tem pra voc\u00ea uma palavra de vida!\" \/>\n<meta property=\"og:url\" content=\"https:\/\/www.oracaoefe.com\/en\/pray-start-the-day-gratitude-leads-you-to-promise-land\/\" \/>\n<meta property=\"og:site_name\" content=\"Ora\u00e7\u00e3o e F\u00e9\" \/>\n<meta property=\"article:published_time\" content=\"2022-11-22T04:00:00+00:00\" \/>\n<meta property=\"og:image\" content=\"https:\/\/www.oracaoefe.com\/wp-content\/uploads\/2022\/11\/oracao-22.11.jpg\" \/>\n\t<meta property=\"og:image:width\" content=\"1200\" \/>\n\t<meta property=\"og:image:height\" content=\"800\" \/>\n\t<meta property=\"og:image:type\" content=\"image\/jpeg\" \/>\n<meta name=\"author\" content=\"Michele Azevedo\" \/>\n<meta name=\"twitter:card\" content=\"summary_large_image\" \/>\n<meta name=\"twitter:label1\" content=\"Written by\" \/>\n\t<meta name=\"twitter:data1\" content=\"Michele Azevedo\" \/>\n\t<meta name=\"twitter:label2\" content=\"Est. reading time\" \/>\n\t<meta name=\"twitter:data2\" content=\"3 minutes\" \/>\n<script type=\"application\/ld+json\" class=\"yoast-schema-graph\">{\"@context\":\"https:\\\/\\\/schema.org\",\"@graph\":[{\"@type\":\"Article\",\"@id\":\"https:\\\/\\\/www.oracaoefe.com\\\/oracao-para-comecar-o-dia-gratidao-te-leva-a-terra-prometida\\\/#article\",\"isPartOf\":{\"@id\":\"https:\\\/\\\/www.oracaoefe.com\\\/oracao-para-comecar-o-dia-gratidao-te-leva-a-terra-prometida\\\/\"},\"author\":{\"name\":\"Michele Azevedo\",\"@id\":\"https:\\\/\\\/www.oracaoefe.com\\\/#\\\/schema\\\/person\\\/17283c669442cf005c4d5bb58adfb7f5\"},\"headline\":\"Ora\u00e7\u00e3o para come\u00e7ar o dia: Gratid\u00e3o te leva \u00e0 terra prometida!\",\"datePublished\":\"2022-11-22T04:00:00+00:00\",\"mainEntityOfPage\":{\"@id\":\"https:\\\/\\\/www.oracaoefe.com\\\/oracao-para-comecar-o-dia-gratidao-te-leva-a-terra-prometida\\\/\"},\"wordCount\":546,\"commentCount\":0,\"image\":{\"@id\":\"https:\\\/\\\/www.oracaoefe.com\\\/oracao-para-comecar-o-dia-gratidao-te-leva-a-terra-prometida\\\/#primaryimage\"},\"thumbnailUrl\":\"https:\\\/\\\/www.oracaoefe.com\\\/wp-content\\\/uploads\\\/2022\\\/11\\\/oracao-22.11.jpg\",\"keywords\":[\"ora\u00e7\u00e3o do dia\",\"prece do dia\"],\"articleSection\":[\"Ora\u00e7\u00e3o\"],\"inLanguage\":\"en-US\",\"potentialAction\":[{\"@type\":\"CommentAction\",\"name\":\"Comment\",\"target\":[\"https:\\\/\\\/www.oracaoefe.com\\\/oracao-para-comecar-o-dia-gratidao-te-leva-a-terra-prometida\\\/#respond\"]}]},{\"@type\":\"WebPage\",\"@id\":\"https:\\\/\\\/www.oracaoefe.com\\\/oracao-para-comecar-o-dia-gratidao-te-leva-a-terra-prometida\\\/\",\"url\":\"https:\\\/\\\/www.oracaoefe.com\\\/oracao-para-comecar-o-dia-gratidao-te-leva-a-terra-prometida\\\/\",\"name\":\"Ora\u00e7\u00e3o para come\u00e7ar o dia: Gratid\u00e3o te leva \u00e0 terra prometida! - Ora\u00e7\u00e3o e F\u00e9\",\"isPartOf\":{\"@id\":\"https:\\\/\\\/www.oracaoefe.com\\\/#website\"},\"primaryImageOfPage\":{\"@id\":\"https:\\\/\\\/www.oracaoefe.com\\\/oracao-para-comecar-o-dia-gratidao-te-leva-a-terra-prometida\\\/#primaryimage\"},\"image\":{\"@id\":\"https:\\\/\\\/www.oracaoefe.com\\\/oracao-para-comecar-o-dia-gratidao-te-leva-a-terra-prometida\\\/#primaryimage\"},\"thumbnailUrl\":\"https:\\\/\\\/www.oracaoefe.com\\\/wp-content\\\/uploads\\\/2022\\\/11\\\/oracao-22.11.jpg\",\"datePublished\":\"2022-11-22T04:00:00+00:00\",\"author\":{\"@id\":\"https:\\\/\\\/www.oracaoefe.com\\\/#\\\/schema\\\/person\\\/17283c669442cf005c4d5bb58adfb7f5\"},\"description\":\"Deus tem pra voc\u00ea uma palavra de vida!\",\"breadcrumb\":{\"@id\":\"https:\\\/\\\/www.oracaoefe.com\\\/oracao-para-comecar-o-dia-gratidao-te-leva-a-terra-prometida\\\/#breadcrumb\"},\"inLanguage\":\"en-US\",\"potentialAction\":[{\"@type\":\"ReadAction\",\"target\":[\"https:\\\/\\\/www.oracaoefe.com\\\/oracao-para-comecar-o-dia-gratidao-te-leva-a-terra-prometida\\\/\"]}]},{\"@type\":\"ImageObject\",\"inLanguage\":\"en-US\",\"@id\":\"https:\\\/\\\/www.oracaoefe.com\\\/oracao-para-comecar-o-dia-gratidao-te-leva-a-terra-prometida\\\/#primaryimage\",\"url\":\"https:\\\/\\\/www.oracaoefe.com\\\/wp-content\\\/uploads\\\/2022\\\/11\\\/oracao-22.11.jpg\",\"contentUrl\":\"https:\\\/\\\/www.oracaoefe.com\\\/wp-content\\\/uploads\\\/2022\\\/11\\\/oracao-22.11.jpg\",\"width\":1200,\"height\":800},{\"@type\":\"BreadcrumbList\",\"@id\":\"https:\\\/\\\/www.oracaoefe.com\\\/oracao-para-comecar-o-dia-gratidao-te-leva-a-terra-prometida\\\/#breadcrumb\",\"itemListElement\":[{\"@type\":\"ListItem\",\"position\":1,\"name\":\"Home\",\"item\":\"https:\\\/\\\/www.oracaoefe.com\\\/\"},{\"@type\":\"ListItem\",\"position\":2,\"name\":\"Ora\u00e7\u00e3o\",\"item\":\"https:\\\/\\\/www.oracaoefe.com\\\/category\\\/oracao\\\/\"},{\"@type\":\"ListItem\",\"position\":3,\"name\":\"Ora\u00e7\u00e3o para come\u00e7ar o dia: Gratid\u00e3o te leva \u00e0 terra prometida!\"}]},{\"@type\":\"WebSite\",\"@id\":\"https:\\\/\\\/www.oracaoefe.com\\\/#website\",\"url\":\"https:\\\/\\\/www.oracaoefe.com\\\/\",\"name\":\"Ora\u00e7\u00e3o e F\u00e9\",\"description\":\"\",\"potentialAction\":[{\"@type\":\"SearchAction\",\"target\":{\"@type\":\"EntryPoint\",\"urlTemplate\":\"https:\\\/\\\/www.oracaoefe.com\\\/?s={search_term_string}\"},\"query-input\":{\"@type\":\"PropertyValueSpecification\",\"valueRequired\":true,\"valueName\":\"search_term_string\"}}],\"inLanguage\":\"en-US\"},{\"@type\":\"Person\",\"@id\":\"https:\\\/\\\/www.oracaoefe.com\\\/#\\\/schema\\\/person\\\/17283c669442cf005c4d5bb58adfb7f5\",\"name\":\"Michele Azevedo\",\"image\":{\"@type\":\"ImageObject\",\"inLanguage\":\"en-US\",\"@id\":\"https:\\\/\\\/secure.gravatar.com\\\/avatar\\\/6b0eb9d22841282815e2cd856a0061c45e1761cd54b22e952d98c4746939aa85?s=96&d=mm&r=g\",\"url\":\"https:\\\/\\\/secure.gravatar.com\\\/avatar\\\/6b0eb9d22841282815e2cd856a0061c45e1761cd54b22e952d98c4746939aa85?s=96&d=mm&r=g\",\"contentUrl\":\"https:\\\/\\\/secure.gravatar.com\\\/avatar\\\/6b0eb9d22841282815e2cd856a0061c45e1761cd54b22e952d98c4746939aa85?s=96&d=mm&r=g\",\"caption\":\"Michele Azevedo\"},\"description\":\"Formada em Letras - Portugu\u00eas\\\/ Ingl\u00eas pela UEPG, p\u00f3s-graduada em Arte na Educa\u00e7\u00e3o e Psicopedagogia Escolar, idealizadora do site Escritora de Sucesso, redatora e revisora dos conte\u00fados do Ora\u00e7\u00e3o e F\u00e9 com muita f\u00e9 e positividade.\",\"url\":\"https:\\\/\\\/www.oracaoefe.com\\\/en\\\/author\\\/michele-azevedo\\\/\"}]}<\/script>\n<!-- \/ Yoast SEO plugin. -->","yoast_head_json":{"title":"Prayer to start the day: Gratitude leads you to the promised land! - Prayer and Faith","description":"God has a word of life for you!","robots":{"index":"index","follow":"follow","max-snippet":"max-snippet:-1","max-image-preview":"max-image-preview:large","max-video-preview":"max-video-preview:-1"},"canonical":"https:\/\/www.oracaoefe.com\/en\/pray-start-the-day-gratitude-leads-you-to-promise-land\/","og_locale":"en_US","og_type":"article","og_title":"Ora\u00e7\u00e3o para come\u00e7ar o dia: Gratid\u00e3o te leva \u00e0 terra prometida! - Ora\u00e7\u00e3o e F\u00e9","og_description":"Deus tem pra voc\u00ea uma palavra de vida!","og_url":"https:\/\/www.oracaoefe.com\/en\/pray-start-the-day-gratitude-leads-you-to-promise-land\/","og_site_name":"Ora\u00e7\u00e3o e F\u00e9","article_published_time":"2022-11-22T04:00:00+00:00","og_image":[{"width":1200,"height":800,"url":"https:\/\/www.oracaoefe.com\/wp-content\/uploads\/2022\/11\/oracao-22.11.jpg","type":"image\/jpeg"}],"author":"Michele Azevedo","twitter_card":"summary_large_image","twitter_misc":{"Written by":"Michele Azevedo","Est. reading time":"3 minutes"},"schema":{"@context":"https:\/\/schema.org","@graph":[{"@type":"Article","@id":"https:\/\/www.oracaoefe.com\/oracao-para-comecar-o-dia-gratidao-te-leva-a-terra-prometida\/#article","isPartOf":{"@id":"https:\/\/www.oracaoefe.com\/oracao-para-comecar-o-dia-gratidao-te-leva-a-terra-prometida\/"},"author":{"name":"Michele Azevedo","@id":"https:\/\/www.oracaoefe.com\/#\/schema\/person\/17283c669442cf005c4d5bb58adfb7f5"},"headline":"Ora\u00e7\u00e3o para come\u00e7ar o dia: Gratid\u00e3o te leva \u00e0 terra prometida!","datePublished":"2022-11-22T04:00:00+00:00","mainEntityOfPage":{"@id":"https:\/\/www.oracaoefe.com\/oracao-para-comecar-o-dia-gratidao-te-leva-a-terra-prometida\/"},"wordCount":546,"commentCount":0,"image":{"@id":"https:\/\/www.oracaoefe.com\/oracao-para-comecar-o-dia-gratidao-te-leva-a-terra-prometida\/#primaryimage"},"thumbnailUrl":"https:\/\/www.oracaoefe.com\/wp-content\/uploads\/2022\/11\/oracao-22.11.jpg","keywords":["ora\u00e7\u00e3o do dia","prece do dia"],"articleSection":["Ora\u00e7\u00e3o"],"inLanguage":"en-US","potentialAction":[{"@type":"CommentAction","name":"Comment","target":["https:\/\/www.oracaoefe.com\/oracao-para-comecar-o-dia-gratidao-te-leva-a-terra-prometida\/#respond"]}]},{"@type":"WebPage","@id":"https:\/\/www.oracaoefe.com\/oracao-para-comecar-o-dia-gratidao-te-leva-a-terra-prometida\/","url":"https:\/\/www.oracaoefe.com\/oracao-para-comecar-o-dia-gratidao-te-leva-a-terra-prometida\/","name":"Prayer to start the day: Gratitude leads you to the promised land! - Prayer and Faith","isPartOf":{"@id":"https:\/\/www.oracaoefe.com\/#website"},"primaryImageOfPage":{"@id":"https:\/\/www.oracaoefe.com\/oracao-para-comecar-o-dia-gratidao-te-leva-a-terra-prometida\/#primaryimage"},"image":{"@id":"https:\/\/www.oracaoefe.com\/oracao-para-comecar-o-dia-gratidao-te-leva-a-terra-prometida\/#primaryimage"},"thumbnailUrl":"https:\/\/www.oracaoefe.com\/wp-content\/uploads\/2022\/11\/oracao-22.11.jpg","datePublished":"2022-11-22T04:00:00+00:00","author":{"@id":"https:\/\/www.oracaoefe.com\/#\/schema\/person\/17283c669442cf005c4d5bb58adfb7f5"},"description":"God has a word of life for you!","breadcrumb":{"@id":"https:\/\/www.oracaoefe.com\/oracao-para-comecar-o-dia-gratidao-te-leva-a-terra-prometida\/#breadcrumb"},"inLanguage":"en-US","potentialAction":[{"@type":"ReadAction","target":["https:\/\/www.oracaoefe.com\/oracao-para-comecar-o-dia-gratidao-te-leva-a-terra-prometida\/"]}]},{"@type":"ImageObject","inLanguage":"en-US","@id":"https:\/\/www.oracaoefe.com\/oracao-para-comecar-o-dia-gratidao-te-leva-a-terra-prometida\/#primaryimage","url":"https:\/\/www.oracaoefe.com\/wp-content\/uploads\/2022\/11\/oracao-22.11.jpg","contentUrl":"https:\/\/www.oracaoefe.com\/wp-content\/uploads\/2022\/11\/oracao-22.11.jpg","width":1200,"height":800},{"@type":"BreadcrumbList","@id":"https:\/\/www.oracaoefe.com\/oracao-para-comecar-o-dia-gratidao-te-leva-a-terra-prometida\/#breadcrumb","itemListElement":[{"@type":"ListItem","position":1,"name":"Home","item":"https:\/\/www.oracaoefe.com\/"},{"@type":"ListItem","position":2,"name":"Ora\u00e7\u00e3o","item":"https:\/\/www.oracaoefe.com\/category\/oracao\/"},{"@type":"ListItem","position":3,"name":"Ora\u00e7\u00e3o para come\u00e7ar o dia: Gratid\u00e3o te leva \u00e0 terra prometida!"}]},{"@type":"WebSite","@id":"https:\/\/www.oracaoefe.com\/#website","url":"https:\/\/www.oracaoefe.com\/","name":"Prayer and Faith","description":"","potentialAction":[{"@type":"SearchAction","target":{"@type":"EntryPoint","urlTemplate":"https:\/\/www.oracaoefe.com\/?s={search_term_string}"},"query-input":{"@type":"PropertyValueSpecification","valueRequired":true,"valueName":"search_term_string"}}],"inLanguage":"en-US"},{"@type":"Person","@id":"https:\/\/www.oracaoefe.com\/#\/schema\/person\/17283c669442cf005c4d5bb58adfb7f5","name":"Michele Azevedo","image":{"@type":"ImageObject","inLanguage":"en-US","@id":"https:\/\/secure.gravatar.com\/avatar\/6b0eb9d22841282815e2cd856a0061c45e1761cd54b22e952d98c4746939aa85?s=96&d=mm&r=g","url":"https:\/\/secure.gravatar.com\/avatar\/6b0eb9d22841282815e2cd856a0061c45e1761cd54b22e952d98c4746939aa85?s=96&d=mm&r=g","contentUrl":"https:\/\/secure.gravatar.com\/avatar\/6b0eb9d22841282815e2cd856a0061c45e1761cd54b22e952d98c4746939aa85?s=96&d=mm&r=g","caption":"Michele Azevedo"},"description":"A graduate in Portuguese\/English Literature from UEPG, with postgraduate degrees in Art in Education and School Psychopedagogy, she is the creator of the Escritora de Sucesso website, and a writer and editor of the content for Ora\u00e7\u00e3o e F\u00e9 (Prayer and Faith) with great faith and positivity.","url":"https:\/\/www.oracaoefe.com\/en\/author\/michele-azevedo\/"}]}},"_links":{"self":[{"href":"https:\/\/www.oracaoefe.com\/en\/wp-json\/wp\/v2\/posts\/1244","targetHints":{"allow":["GET"]}}],"collection":[{"href":"https:\/\/www.oracaoefe.com\/en\/wp-json\/wp\/v2\/posts"}],"about":[{"href":"https:\/\/www.oracaoefe.com\/en\/wp-json\/wp\/v2\/types\/post"}],"author":[{"embeddable":true,"href":"https:\/\/www.oracaoefe.com\/en\/wp-json\/wp\/v2\/users\/3"}],"replies":[{"embeddable":true,"href":"https:\/\/www.oracaoefe.com\/en\/wp-json\/wp\/v2\/comments?post=1244"}],"version-history":[{"count":1,"href":"https:\/\/www.oracaoefe.com\/en\/wp-json\/wp\/v2\/posts\/1244\/revisions"}],"predecessor-version":[{"id":1245,"href":"https:\/\/www.oracaoefe.com\/en\/wp-json\/wp\/v2\/posts\/1244\/revisions\/1245"}],"wp:featuredmedia":[{"embeddable":true,"href":"https:\/\/www.oracaoefe.com\/en\/wp-json\/wp\/v2\/media\/1233"}],"wp:attachment":[{"href":"https:\/\/www.oracaoefe.com\/en\/wp-json\/wp\/v2\/media?parent=1244"}],"wp:term":[{"taxonomy":"category","embeddable":true,"href":"https:\/\/www.oracaoefe.com\/en\/wp-json\/wp\/v2\/categories?post=1244"},{"taxonomy":"post_tag","embeddable":true,"href":"https:\/\/www.oracaoefe.com\/en\/wp-json\/wp\/v2\/tags?post=1244"}],"curies":[{"name":"wp","href":"https:\/\/api.w.org\/{rel}","templated":true}]}}